{"id":76761,"date":"2023-01-27T15:36:45","date_gmt":"2023-01-27T18:36:45","guid":{"rendered":"http:\/\/www.apucarana.pr.gov.br\/site\/?p=76761"},"modified":"2024-10-08T09:29:24","modified_gmt":"2024-10-08T12:29:24","slug":"polo-da-uab-divulga-vestibular-da-universidade-virtual-do-parana","status":"publish","type":"post","link":"http:\/\/www.apucarana.pr.gov.br\/site\/polo-da-uab-divulga-vestibular-da-universidade-virtual-do-parana\/","title":{"rendered":"Polo da UAB divulga vestibular da Universidade Virtual do Paran\u00e1"},"content":{"rendered":"<p>A coordena\u00e7\u00e3o do Polo da UAB divulga a realiza\u00e7\u00e3o de mais um vestibular unificado da Universidade Virtual do Paran\u00e1 (UVPR). O curso superior de Tecnologia em Gest\u00e3o P\u00fablica ser\u00e1 ofertado em Apucarana. Os interessados devem inscrever-se, de 9 de fevereiro a 1\u00ba de mar\u00e7o, exclusivamente pela internet, no endere\u00e7o <a href=\"http:\/\/cps.uepg.br\/ead\">cps.uepg.br\/ead<\/a>.<\/p>\n<p>A UVPR \u00e9 uma cooperativa de Institui\u00e7\u00f5es de Ensino Superior (IES), em parceria com o Instituto de Tecnologia do Paran\u00e1 (TECPAR-Educa\u00e7\u00e3o), que visa ampliar o acesso da popula\u00e7\u00e3o a um ensino p\u00fablico de qualidade, por meio da disponibiliza\u00e7\u00e3o de cursos de Educa\u00e7\u00e3o a Dist\u00e2ncia (EAD). Nesta edi\u00e7\u00e3o do vestibular, seis universidades est\u00e3o ofertando 2.262 vagas, distribu\u00eddas em nove cursos: Universidade Estadual de Londrina (UEL), Universidade Estadual de Maring\u00e1 (UEM), Universidade Estadual do Norte do Paran\u00e1 (UENP), Universidade Estadual de Ponta Grossa (UEPG), Universidade Estadual do Centro-Oeste (Unicentro) e Universidade Estadual do Oeste do Paran\u00e1 (Unioeste).<\/p>\n<p>O prefeito Junior da Femac destaca que a Universidade Estadual de Londrina (UEL) \u00e9 a institui\u00e7\u00e3o que est\u00e1 disponibilizando a gradua\u00e7\u00e3o de Tecnologia em Gest\u00e3o P\u00fablica, neste momento, por meio do Polo da UAB-Apucarana. \u201cO curso pretende formar profissionais aptos para atuar, de maneira efetiva, transparente e participativa, na gest\u00e3o dos \u00f3rg\u00e3os e entidades da administra\u00e7\u00e3o direta e indireta, contribuindo para a melhoria da qualidade dos servi\u00e7os p\u00fablicos prestados \u00e0 sociedade. Neste sentido, eu incentivo fortemente os servidores do nosso munic\u00edpio a inscreverem-se neste vestibular,\u201d disse.<\/p>\n<p>\u201cConforme o cronograma da UVPR, as provas devem ser aplicadas na tarde do dia 19 de mar\u00e7o (domingo). O curso \u00e9 inteiramente gratuito, sendo que o \u00fanico custo para os candidatos ser\u00e1 a taxa de inscri\u00e7\u00e3o no vestibular, no valor de R$ 92,00,\u201d acrescenta a secret\u00e1ria municipal de educa\u00e7\u00e3o, Marli Fernandes.<\/p>\n<p>A coordenadora do Polo da UAB-Apucarana, Sueli Gomes R\u00eais Gon\u00e7alves, coloca-se \u00e0 disposi\u00e7\u00e3o para dar mais informa\u00e7\u00f5es e esclarecer poss\u00edveis d\u00favidas dos candidatos. \u201cEntrem em contato conosco e venham conhecer a estrutura do nosso polo. O telefone, que tamb\u00e9m atende via WhatsApp, \u00e9 o 3425-1603,\u201d convida.<\/p>\n","protected":false},"excerpt":{"rendered":"<p>A coordena&ccedil;&atilde;o do Polo da UAB divulga a realiza&ccedil;&atilde;o de mais um vestibular unificado da Universidade Virtual do Paran&aacute; (UVPR). O curso superior de Tecnologia em Gest&atilde;o P&uacute;blica ser&aacute; ofertado em Apucarana. Os interessados devem inscrever-se, de 9 de fevereiro a 1&ordm; de mar&ccedil;o, exclusivamente pela internet, no endere&ccedil;o cps.uepg.br\/ead. A UVPR &eacute; uma cooperativa [&hellip;]<\/p>\n","protected":false},"author":8,"featured_media":62317,"comment_status":"closed","ping_status":"closed","sticky":false,"template":"","format":"standard","meta":{"footnotes":""},"categories":[24],"tags":[],"class_list":["post-76761","post","type-post","status-publish","format-standard","has-post-thumbnail","hentry","category-noticias"],"acf":[],"_links":{"self":[{"href":"http:\/\/www.apucarana.pr.gov.br\/site\/wp-json\/wp\/v2\/posts\/76761","targetHints":{"allow":["GET"]}}],"collection":[{"href":"http:\/\/www.apucarana.pr.gov.br\/site\/wp-json\/wp\/v2\/posts"}],"about":[{"href":"http:\/\/www.apucarana.pr.gov.br\/site\/wp-json\/wp\/v2\/types\/post"}],"author":[{"embeddable":true,"href":"http:\/\/www.apucarana.pr.gov.br\/site\/wp-json\/wp\/v2\/users\/8"}],"replies":[{"embeddable":true,"href":"http:\/\/www.apucarana.pr.gov.br\/site\/wp-json\/wp\/v2\/comments?post=76761"}],"version-history":[{"count":2,"href":"http:\/\/www.apucarana.pr.gov.br\/site\/wp-json\/wp\/v2\/posts\/76761\/revisions"}],"predecessor-version":[{"id":76763,"href":"http:\/\/www.apucarana.pr.gov.br\/site\/wp-json\/wp\/v2\/posts\/76761\/revisions\/76763"}],"wp:featuredmedia":[{"embeddable":true,"href":"http:\/\/www.apucarana.pr.gov.br\/site\/wp-json\/wp\/v2\/media\/62317"}],"wp:attachment":[{"href":"http:\/\/www.apucarana.pr.gov.br\/site\/wp-json\/wp\/v2\/media?parent=76761"}],"wp:term":[{"taxonomy":"category","embeddable":true,"href":"http:\/\/www.apucarana.pr.gov.br\/site\/wp-json\/wp\/v2\/categories?post=76761"},{"taxonomy":"post_tag","embeddable":true,"href":"http:\/\/www.apucarana.pr.gov.br\/site\/wp-json\/wp\/v2\/tags?post=76761"}],"curies":[{"name":"wp","href":"https:\/\/api.w.org\/{rel}","templated":true}]}}