{"id":76723,"date":"2023-01-26T21:06:34","date_gmt":"2023-01-27T00:06:34","guid":{"rendered":"http:\/\/www.apucarana.pr.gov.br\/site\/?p=76723"},"modified":"2024-10-08T09:29:24","modified_gmt":"2024-10-08T12:29:24","slug":"retirada-de-kits-da-prova-28-sera-nesta-sexta-feira-e-no-sabado","status":"publish","type":"post","link":"http:\/\/www.apucarana.pr.gov.br\/site\/retirada-de-kits-da-prova-28-sera-nesta-sexta-feira-e-no-sabado\/","title":{"rendered":"Retirada de kits da Prova 28 ser\u00e1 nesta sexta-feira e no s\u00e1bado"},"content":{"rendered":"\n\t\t<!-- MasterSlider -->\n\t\t<div id=\"P_MS69ef8d7143a8c\" class=\"master-slider-parent master-slider-gallery   ms-parent-id-0\" style=\"\" >\n\n\t\t\t\n\t\t\t<!-- MasterSlider Main -->\n\t\t\t<div id=\"MS69ef8d7143a8c\" class=\"master-slider ms-skin-default\" >\n\t\t\t\t \t\t\t\t \n\t\t\t<div  class=\"ms-slide\" data-delay=\"3\"    >\n\t\t\t\t\t<img decoding=\"async\" src=\"http:\/\/www.apucarana.pr.gov.br\/site\/wp-content\/plugins\/masterslider\/public\/assets\/css\/blank.gif\" alt=\"WhatsApp Image 2023-01-26 at 20.57.09\" title=\"WhatsApp Image 2023-01-26 at 20.57.09\" data-src=\"http:\/\/www.apucarana.pr.gov.br\/site\/wp-content\/uploads\/2023\/01\/WhatsApp-Image-2023-01-26-at-20.57.09-1-1024x683.jpeg\" \/>\n\t<a href=\"http:\/\/www.apucarana.pr.gov.br\/site\/wp-content\/uploads\/2023\/01\/WhatsApp-Image-2023-01-26-at-20.57.09-1-1024x683.jpeg\" target=\"_self\"    >WhatsApp Image 2023-01-26 at 20.57.09<\/a>\n\n\n\t<img decoding=\"async\" class=\"ms-thumb\" src=\"http:\/\/www.apucarana.pr.gov.br\/site\/wp-content\/uploads\/2023\/01\/WhatsApp-Image-2023-01-26-at-20.57.09-1-1024x683-140x80.jpeg\" alt=\"WhatsApp Image 2023-01-26 at 20.57.09\" \/>\n\t\t\t\t<\/div>\n\t\t\t<div  class=\"ms-slide\" data-delay=\"3\"    >\n\t\t\t\t\t<img decoding=\"async\" src=\"http:\/\/www.apucarana.pr.gov.br\/site\/wp-content\/plugins\/masterslider\/public\/assets\/css\/blank.gif\" alt=\"WhatsApp Image 2023-01-26 at 20.59.35\" title=\"WhatsApp Image 2023-01-26 at 20.59.35\" data-src=\"http:\/\/www.apucarana.pr.gov.br\/site\/wp-content\/uploads\/2023\/01\/WhatsApp-Image-2023-01-26-at-20.59.35-1024x768.jpeg\" \/>\n\t<a href=\"http:\/\/www.apucarana.pr.gov.br\/site\/wp-content\/uploads\/2023\/01\/WhatsApp-Image-2023-01-26-at-20.59.35-1024x768.jpeg\" target=\"_self\"    >WhatsApp Image 2023-01-26 at 20.59.35<\/a>\n\n\n\t<img decoding=\"async\" class=\"ms-thumb\" src=\"http:\/\/www.apucarana.pr.gov.br\/site\/wp-content\/uploads\/2023\/01\/WhatsApp-Image-2023-01-26-at-20.59.35-1024x768-140x80.jpeg\" alt=\"WhatsApp Image 2023-01-26 at 20.59.35\" \/>\n\t\t\t\t<\/div>\n\n\t\t\t<\/div>\n\t\t\t<!-- END MasterSlider Main -->\n\n\t\t\t \n\t\t<\/div>\n\t\t<!-- END MasterSlider -->\n\n\t\t<script>\n\t\t( window.MSReady = window.MSReady || [] ).push( function( $ ) {\n\n\t\t\t\"use strict\";\n\t\t\tvar masterslider_3a8c = new MasterSlider();\n\n\t\t\t\/\/ slider controls\n\t\t\tmasterslider_3a8c.control('arrows'     ,{ autohide:true, overVideo:true  });\n\t\t\tmasterslider_3a8c.control('thumblist'  ,{ autohide:false, overVideo:true, dir:'h', speed:17, inset:false, arrows:false, hover:false, customClass:'', align:'bottom',type:'thumbs', margin:2, width:140, height:80, space:2, fillMode:'fill'  });\n\t\t\t\/\/ slider setup\n\t\t\tmasterslider_3a8c.setup(\"MS69ef8d7143a8c\", {\n\t\t\t\twidth           : 960,\n\t\t\t\theight          : 540,\n\t\t\t\tminHeight       : 0,\n\t\t\t\tspace           : 0,\n\t\t\t\tstart           : 1,\n\t\t\t\tgrabCursor      : true,\n\t\t\t\tswipe           : true,\n\t\t\t\tmouse           : true,\n\t\t\t\tkeyboard        : false,\n\t\t\t\tlayout          : \"fillwidth\",\n\t\t\t\twheel           : false,\n\t\t\t\tautoplay        : true,\n                instantStartLayers:false,\n\t\t\t\tmobileBGVideo:false,\n\t\t\t\tloop            : true,\n\t\t\t\tshuffle         : false,\n\t\t\t\tpreload         : 3,\n\t\t\t\theightLimit     : false,\n\t\t\t\tautoHeight      : false,\n\t\t\t\tsmoothHeight    : true,\n\t\t\t\tendPause        : false,\n\t\t\t\toverPause       : false,\n\t\t\t\tfillMode        : \"fill\",\n\t\t\t\tcenterControls  : true,\n\t\t\t\tstartOnAppear   : false,\n\t\t\t\tlayersMode      : \"center\",\n\t\t\t\tautofillTarget  : \"\",\n\t\t\t\thideLayers      : false,\n\t\t\t\tfullscreenMargin: 0,\n\t\t\t\tspeed           : 17,\n\t\t\t\tdir             : \"h\",\n\t\t\t\tresponsive      : true,\n\t\t\t\ttabletWidth     : 768,\n\t\t\t\ttabletHeight    : null,\n\t\t\t\tphoneWidth      : 480,\n\t\t\t\tphoneHeight    : null,\n\t\t\t\tsizingReference : window,\n\t\t\t\tparallaxMode    : 'swipe',\n\t\t\t\tview            : \"basic\"\n\t\t\t});\n\n\t\t\t\n\t\t\twindow.masterslider_instances = window.masterslider_instances || [];\n\t\t\twindow.masterslider_instances.push( masterslider_3a8c );\n\t\t});\n\t\t<\/script>\n\n\n<p>Ocorrer\u00e1 nesta sexta-feira e no s\u00e1bado (27 e 28\/01), das 8 \u00e0s 18 horas, no Cine Teatro F\u00eanix, em Apucarana, a retirada dos kits da 60\u00aa edi\u00e7\u00e3o da Prova\u00a0 Pedestre 28 de Janeiro. A corrida ser\u00e1 realizada neste s\u00e1bado (28) pelas ruas da cidade. \u00c0s 19 horas, acontecer\u00e1 a prova de 5 quil\u00f4metros e \u00e0s 20h15 ser\u00e1 dada a largada da corrida de 10 quil\u00f4metros.<\/p>\n<p>De acordo com o professor Jos\u00e9 Marcelino da Silva, o Grillo, secret\u00e1rio municipal de Esportes, o kit ser\u00e1 entregue com a apresenta\u00e7\u00e3o do documento oficial com foto, comprovante original do pagamento de inscri\u00e7\u00e3o, entrega do termo de responsabilidade do atleta ou atestado m\u00e9dico. \u201cPe\u00e7o para que os atletas de Apucarana retirem seus kits nesta sexta-feira, pois, no s\u00e1bado, das 8 \u00e0s 18 horas, no mesmo local, ser\u00e1 a retirada dos kits para os inscritos que s\u00e3o de fora da cidade e que competir\u00e3o nas corridas de 5 e 10 quil\u00f4metros\u201d, disse o professor Grillo.<\/p>\n<p>PROVA VINTEOITINHA \u2013 Os kits da Vinteoitinha tamb\u00e9m ser\u00e3o retirados nesta sexta-feira e no s\u00e1bado no Cine Teatro F\u00eanix. Nesta sexta-feira a retirada ser\u00e1 das 8 \u00e0s 18 horas e no s\u00e1bado das 8 \u00e0s 14 horas. A corrida acontecer\u00e1 nas categorias sub-7, sub-9, sub-11, sub-13, sub-15, e sub-17 (masculino e feminino) e ter\u00e1 a primeira largada neste s\u00e1bado, a partir das 15h30.<\/p>\n<p><strong>\u00a0<\/strong><\/p>\n","protected":false},"excerpt":{"rendered":"<p>Ocorrer&aacute; nesta sexta-feira e no s&aacute;bado (27 e 28\/01), das 8 &agrave;s 18 horas, no Cine Teatro F&ecirc;nix, em Apucarana, a retirada dos kits da 60&ordf; edi&ccedil;&atilde;o da Prova&nbsp; Pedestre 28 de Janeiro. A corrida ser&aacute; realizada neste s&aacute;bado (28) pelas ruas da cidade. &Agrave;s 19 horas, acontecer&aacute; a prova de 5 quil&ocirc;metros e &agrave;s [&hellip;]<\/p>\n","protected":false},"author":12,"featured_media":76724,"comment_status":"closed","ping_status":"closed","sticky":false,"template":"","format":"standard","meta":{"footnotes":""},"categories":[24],"tags":[],"class_list":["post-76723","post","type-post","status-publish","format-standard","has-post-thumbnail","hentry","category-noticias"],"acf":[],"_links":{"self":[{"href":"http:\/\/www.apucarana.pr.gov.br\/site\/wp-json\/wp\/v2\/posts\/76723","targetHints":{"allow":["GET"]}}],"collection":[{"href":"http:\/\/www.apucarana.pr.gov.br\/site\/wp-json\/wp\/v2\/posts"}],"about":[{"href":"http:\/\/www.apucarana.pr.gov.br\/site\/wp-json\/wp\/v2\/types\/post"}],"author":[{"embeddable":true,"href":"http:\/\/www.apucarana.pr.gov.br\/site\/wp-json\/wp\/v2\/users\/12"}],"replies":[{"embeddable":true,"href":"http:\/\/www.apucarana.pr.gov.br\/site\/wp-json\/wp\/v2\/comments?post=76723"}],"version-history":[{"count":1,"href":"http:\/\/www.apucarana.pr.gov.br\/site\/wp-json\/wp\/v2\/posts\/76723\/revisions"}],"predecessor-version":[{"id":76727,"href":"http:\/\/www.apucarana.pr.gov.br\/site\/wp-json\/wp\/v2\/posts\/76723\/revisions\/76727"}],"wp:featuredmedia":[{"embeddable":true,"href":"http:\/\/www.apucarana.pr.gov.br\/site\/wp-json\/wp\/v2\/media\/76724"}],"wp:attachment":[{"href":"http:\/\/www.apucarana.pr.gov.br\/site\/wp-json\/wp\/v2\/media?parent=76723"}],"wp:term":[{"taxonomy":"category","embeddable":true,"href":"http:\/\/www.apucarana.pr.gov.br\/site\/wp-json\/wp\/v2\/categories?post=76723"},{"taxonomy":"post_tag","embeddable":true,"href":"http:\/\/www.apucarana.pr.gov.br\/site\/wp-json\/wp\/v2\/tags?post=76723"}],"curies":[{"name":"wp","href":"https:\/\/api.w.org\/{rel}","templated":true}]}}