{"id":76653,"date":"2023-01-25T11:10:03","date_gmt":"2023-01-25T14:10:03","guid":{"rendered":"http:\/\/www.apucarana.pr.gov.br\/site\/?p=76653"},"modified":"2024-10-08T09:29:25","modified_gmt":"2024-10-08T12:29:25","slug":"montagem-de-palco-para-shows-modifica-fluxo-de-transito-na-area-central","status":"publish","type":"post","link":"http:\/\/www.apucarana.pr.gov.br\/site\/montagem-de-palco-para-shows-modifica-fluxo-de-transito-na-area-central\/","title":{"rendered":"Montagem de palco para shows modifica  fluxo de tr\u00e2nsito na \u00e1rea central"},"content":{"rendered":"\n\t\t<!-- MasterSlider -->\n\t\t<div id=\"P_MS69f53b6717c18\" class=\"master-slider-parent master-slider-gallery   ms-parent-id-0\" style=\"\" >\n\n\t\t\t\n\t\t\t<!-- MasterSlider Main -->\n\t\t\t<div id=\"MS69f53b6717c18\" class=\"master-slider ms-skin-default\" >\n\t\t\t\t \t\t\t\t \n\t\t\t<div  class=\"ms-slide\" data-delay=\"3\"    >\n\t\t\t\t\t<img decoding=\"async\" src=\"http:\/\/www.apucarana.pr.gov.br\/site\/wp-content\/plugins\/masterslider\/public\/assets\/css\/blank.gif\" alt=\"PALCO (5)\" title=\"PALCO (5)\" data-src=\"http:\/\/www.apucarana.pr.gov.br\/site\/wp-content\/uploads\/2023\/01\/PALCO-5-1024x673.jpg\" \/>\n\t<a href=\"http:\/\/www.apucarana.pr.gov.br\/site\/wp-content\/uploads\/2023\/01\/PALCO-5-1024x673.jpg\" target=\"_self\"    >PALCO (5)<\/a>\n\n\n\t<img decoding=\"async\" class=\"ms-thumb\" src=\"http:\/\/www.apucarana.pr.gov.br\/site\/wp-content\/uploads\/2023\/01\/PALCO-5-1024x673-140x80.jpg\" alt=\"PALCO (5)\" \/>\n\t\t\t\t<\/div>\n\t\t\t<div  class=\"ms-slide\" data-delay=\"3\"    >\n\t\t\t\t\t<img decoding=\"async\" src=\"http:\/\/www.apucarana.pr.gov.br\/site\/wp-content\/plugins\/masterslider\/public\/assets\/css\/blank.gif\" alt=\"PALCO (8)\" title=\"PALCO (8)\" data-src=\"http:\/\/www.apucarana.pr.gov.br\/site\/wp-content\/uploads\/2023\/01\/PALCO-8-1024x681.jpg\" \/>\n\t<a href=\"http:\/\/www.apucarana.pr.gov.br\/site\/wp-content\/uploads\/2023\/01\/PALCO-8-1024x681.jpg\" target=\"_self\"    >PALCO (8)<\/a>\n\n\n\t<img decoding=\"async\" class=\"ms-thumb\" src=\"http:\/\/www.apucarana.pr.gov.br\/site\/wp-content\/uploads\/2023\/01\/PALCO-8-1024x681-140x80.jpg\" alt=\"PALCO (8)\" \/>\n\t\t\t\t<\/div>\n\t\t\t<div  class=\"ms-slide\" data-delay=\"3\"    >\n\t\t\t\t\t<img decoding=\"async\" src=\"http:\/\/www.apucarana.pr.gov.br\/site\/wp-content\/plugins\/masterslider\/public\/assets\/css\/blank.gif\" alt=\"PALCO (19)\" title=\"PALCO (19)\" data-src=\"http:\/\/www.apucarana.pr.gov.br\/site\/wp-content\/uploads\/2023\/01\/PALCO-19-1024x697.jpg\" \/>\n\t<a href=\"http:\/\/www.apucarana.pr.gov.br\/site\/wp-content\/uploads\/2023\/01\/PALCO-19-1024x697.jpg\" target=\"_self\"    >PALCO (19)<\/a>\n\n\n\t<img decoding=\"async\" class=\"ms-thumb\" src=\"http:\/\/www.apucarana.pr.gov.br\/site\/wp-content\/uploads\/2023\/01\/PALCO-19-1024x697-140x80.jpg\" alt=\"PALCO (19)\" \/>\n\t\t\t\t<\/div>\n\n\t\t\t<\/div>\n\t\t\t<!-- END MasterSlider Main -->\n\n\t\t\t \n\t\t<\/div>\n\t\t<!-- END MasterSlider -->\n\n\t\t<script>\n\t\t( window.MSReady = window.MSReady || [] ).push( function( $ ) {\n\n\t\t\t\"use strict\";\n\t\t\tvar masterslider_7c18 = new MasterSlider();\n\n\t\t\t\/\/ slider controls\n\t\t\tmasterslider_7c18.control('arrows'     ,{ autohide:true, overVideo:true  });\n\t\t\tmasterslider_7c18.control('thumblist'  ,{ autohide:false, overVideo:true, dir:'h', speed:17, inset:false, arrows:false, hover:false, customClass:'', align:'bottom',type:'thumbs', margin:2, width:140, height:80, space:2, fillMode:'fill'  });\n\t\t\t\/\/ slider setup\n\t\t\tmasterslider_7c18.setup(\"MS69f53b6717c18\", {\n\t\t\t\twidth           : 960,\n\t\t\t\theight          : 540,\n\t\t\t\tminHeight       : 0,\n\t\t\t\tspace           : 0,\n\t\t\t\tstart           : 1,\n\t\t\t\tgrabCursor      : true,\n\t\t\t\tswipe           : true,\n\t\t\t\tmouse           : true,\n\t\t\t\tkeyboard        : false,\n\t\t\t\tlayout          : \"fillwidth\",\n\t\t\t\twheel           : false,\n\t\t\t\tautoplay        : true,\n                instantStartLayers:false,\n\t\t\t\tmobileBGVideo:false,\n\t\t\t\tloop            : true,\n\t\t\t\tshuffle         : false,\n\t\t\t\tpreload         : 3,\n\t\t\t\theightLimit     : false,\n\t\t\t\tautoHeight      : false,\n\t\t\t\tsmoothHeight    : true,\n\t\t\t\tendPause        : false,\n\t\t\t\toverPause       : false,\n\t\t\t\tfillMode        : \"fill\",\n\t\t\t\tcenterControls  : true,\n\t\t\t\tstartOnAppear   : false,\n\t\t\t\tlayersMode      : \"center\",\n\t\t\t\tautofillTarget  : \"\",\n\t\t\t\thideLayers      : false,\n\t\t\t\tfullscreenMargin: 0,\n\t\t\t\tspeed           : 17,\n\t\t\t\tdir             : \"h\",\n\t\t\t\tresponsive      : true,\n\t\t\t\ttabletWidth     : 768,\n\t\t\t\ttabletHeight    : null,\n\t\t\t\tphoneWidth      : 480,\n\t\t\t\tphoneHeight    : null,\n\t\t\t\tsizingReference : window,\n\t\t\t\tparallaxMode    : 'swipe',\n\t\t\t\tview            : \"basic\"\n\t\t\t});\n\n\t\t\t\n\t\t\twindow.masterslider_instances = window.masterslider_instances || [];\n\t\t\twindow.masterslider_instances.push( masterslider_7c18 );\n\t\t});\n\t\t<\/script>\n\n\n<p>De hoje at\u00e9 domingo, o fluxo de tr\u00e2nsito na Pra\u00e7a Rui Barbosa foi alterado por conta da montagem do palco que receber\u00e1 os shows alusivos aos 79 anos de Apucarana. Na sexta, haver\u00e1 o show com a dupla Guilherme e Benuto e, no s\u00e1bado, com o cantor Leonardo. Como a estrutura para os shows est\u00e1 sendo montada nas proximidades da Casas Pernambucanas, o tr\u00e2nsito foi desviado na Rua Rio Branco (sem\u00e1foro nas proximidades da Caixa Econ\u00f4mica Federal).<\/p>\n<p>\u201cPara isso, o sentido da Rua Rio Branco teve que ser invertido, permitindo que o tr\u00e2nsito siga em dire\u00e7\u00e3o \u00e0 Rua Munhoz da Rocha\/Bairro 28 de Janeiro\u201d, explica Carlos Mendes, diretor-presidente do Instituto de Desenvolvimento, Pesquisa e Planejamento de Apucarana (Idepplan).<\/p>\n<p>No entanto, os motoristas que desejam fazer compras no com\u00e9rcio poder\u00e3o utilizar a \u00e1rea de estacionamento no trecho compreendido entre o sem\u00e1foro da Caixa Econ\u00f4mica Federal at\u00e9 a Casas Pernambucanas. \u201cIsso ser\u00e1 permitido para que as vagas de estacionamento n\u00e3o fiquem ociosas\u201d, observa Mendes, lembrando que haver\u00e1 agentes de tr\u00e2nsito no local para orientar os motoristas. \u201cPedimos a compreens\u00e3o dos motoristas e tamb\u00e9m para que fiquem atentos \u00e0s mudan\u00e7as que foram feitas\u201d, refor\u00e7a Mendes.<\/p>\n<p>Buscando tamb\u00e9m garantir vagas de estacionamento particular, o trecho da Rua Os\u00f3rio Ribas de Paula (entre a Pernambucanas e o sem\u00e1foro da Munhoz da Rocha) funcionar\u00e1 temporariamente tamb\u00e9m com o sentido invertido. \u201cDessa forma, quem trafega pela Munhoz da Rocha poder\u00e1 acessar as vagas de um estacionamento particular situado ao lado da Pernambucanas\u201d, esclarece Carlos Mendes.<\/p>\n<p><strong>CORRIDA \u2013<\/strong> J\u00e1 no outro lado da Pra\u00e7a Rui Barbosa, o fluxo de tr\u00e2nsito continuar\u00e1 normal. \u201cOu seja, o tr\u00e2nsito para quem vem da Pra\u00e7a do Redondo em dire\u00e7\u00e3o \u00e0 Catedral Nossa Senhora de Lourdes n\u00e3o sofrer\u00e1 mudan\u00e7as. A \u00fanica exce\u00e7\u00e3o ser\u00e1 no s\u00e1bado, feriado municipal, quando esse trecho ficar\u00e1 interrompido para a realiza\u00e7\u00e3o da Prova Pedestre 28 de Janeiro\u201d, observa Mendes.<\/p>\n","protected":false},"excerpt":{"rendered":"<p>De hoje at&eacute; domingo, o fluxo de tr&acirc;nsito na Pra&ccedil;a Rui Barbosa foi alterado por conta da montagem do palco que receber&aacute; os shows alusivos aos 79 anos de Apucarana. Na sexta, haver&aacute; o show com a dupla Guilherme e Benuto e, no s&aacute;bado, com o cantor Leonardo. Como a estrutura para os shows est&aacute; [&hellip;]<\/p>\n","protected":false},"author":6,"featured_media":76659,"comment_status":"closed","ping_status":"closed","sticky":false,"template":"","format":"standard","meta":{"footnotes":""},"categories":[24],"tags":[],"class_list":["post-76653","post","type-post","status-publish","format-standard","has-post-thumbnail","hentry","category-noticias"],"acf":[],"_links":{"self":[{"href":"http:\/\/www.apucarana.pr.gov.br\/site\/wp-json\/wp\/v2\/posts\/76653","targetHints":{"allow":["GET"]}}],"collection":[{"href":"http:\/\/www.apucarana.pr.gov.br\/site\/wp-json\/wp\/v2\/posts"}],"about":[{"href":"http:\/\/www.apucarana.pr.gov.br\/site\/wp-json\/wp\/v2\/types\/post"}],"author":[{"embeddable":true,"href":"http:\/\/www.apucarana.pr.gov.br\/site\/wp-json\/wp\/v2\/users\/6"}],"replies":[{"embeddable":true,"href":"http:\/\/www.apucarana.pr.gov.br\/site\/wp-json\/wp\/v2\/comments?post=76653"}],"version-history":[{"count":2,"href":"http:\/\/www.apucarana.pr.gov.br\/site\/wp-json\/wp\/v2\/posts\/76653\/revisions"}],"predecessor-version":[{"id":76731,"href":"http:\/\/www.apucarana.pr.gov.br\/site\/wp-json\/wp\/v2\/posts\/76653\/revisions\/76731"}],"wp:featuredmedia":[{"embeddable":true,"href":"http:\/\/www.apucarana.pr.gov.br\/site\/wp-json\/wp\/v2\/media\/76659"}],"wp:attachment":[{"href":"http:\/\/www.apucarana.pr.gov.br\/site\/wp-json\/wp\/v2\/media?parent=76653"}],"wp:term":[{"taxonomy":"category","embeddable":true,"href":"http:\/\/www.apucarana.pr.gov.br\/site\/wp-json\/wp\/v2\/categories?post=76653"},{"taxonomy":"post_tag","embeddable":true,"href":"http:\/\/www.apucarana.pr.gov.br\/site\/wp-json\/wp\/v2\/tags?post=76653"}],"curies":[{"name":"wp","href":"https:\/\/api.w.org\/{rel}","templated":true}]}}