{"id":76600,"date":"2023-01-23T16:52:34","date_gmt":"2023-01-23T19:52:34","guid":{"rendered":"http:\/\/www.apucarana.pr.gov.br\/site\/?p=76600"},"modified":"2024-10-08T09:29:25","modified_gmt":"2024-10-08T12:29:25","slug":"centro-da-juventude-utiliza-fotografia-para-fortalecimento-de-vinculo-de-adolescentes","status":"publish","type":"post","link":"http:\/\/www.apucarana.pr.gov.br\/site\/centro-da-juventude-utiliza-fotografia-para-fortalecimento-de-vinculo-de-adolescentes\/","title":{"rendered":"Centro da Juventude utiliza fotografia para fortalecimento de v\u00ednculo de adolescentes"},"content":{"rendered":"\n\t\t<!-- MasterSlider -->\n\t\t<div id=\"P_MS69f437ad9be65\" class=\"master-slider-parent master-slider-gallery   ms-parent-id-0\" style=\"\" >\n\n\t\t\t\n\t\t\t<!-- MasterSlider Main -->\n\t\t\t<div id=\"MS69f437ad9be65\" class=\"master-slider ms-skin-default\" >\n\t\t\t\t \t\t\t\t \n\t\t\t<div  class=\"ms-slide\" data-delay=\"3\"    >\n\t\t\t\t\t<img decoding=\"async\" src=\"http:\/\/www.apucarana.pr.gov.br\/site\/wp-content\/plugins\/masterslider\/public\/assets\/css\/blank.gif\" alt=\"CEJA - 3\" title=\"CEJA - 3\" data-src=\"http:\/\/www.apucarana.pr.gov.br\/site\/wp-content\/uploads\/2023\/01\/CEJA-3-1024x683.jpg\" \/>\n\t<a href=\"http:\/\/www.apucarana.pr.gov.br\/site\/wp-content\/uploads\/2023\/01\/CEJA-3-1024x683.jpg\" target=\"_self\"    >CEJA - 3<\/a>\n\n\n\t<img decoding=\"async\" class=\"ms-thumb\" src=\"http:\/\/www.apucarana.pr.gov.br\/site\/wp-content\/uploads\/2023\/01\/CEJA-3-1024x683-140x80.jpg\" alt=\"CEJA - 3\" \/>\n\t\t\t\t<\/div>\n\t\t\t<div  class=\"ms-slide\" data-delay=\"3\"    >\n\t\t\t\t\t<img decoding=\"async\" src=\"http:\/\/www.apucarana.pr.gov.br\/site\/wp-content\/plugins\/masterslider\/public\/assets\/css\/blank.gif\" alt=\"CEJA -8\" title=\"CEJA -8\" data-src=\"http:\/\/www.apucarana.pr.gov.br\/site\/wp-content\/uploads\/2023\/01\/CEJA-8-1024x683.jpg\" \/>\n\t<a href=\"http:\/\/www.apucarana.pr.gov.br\/site\/wp-content\/uploads\/2023\/01\/CEJA-8-1024x683.jpg\" target=\"_self\"    >CEJA -8<\/a>\n\n\n\t<img decoding=\"async\" class=\"ms-thumb\" src=\"http:\/\/www.apucarana.pr.gov.br\/site\/wp-content\/uploads\/2023\/01\/CEJA-8-1024x683-140x80.jpg\" alt=\"CEJA -8\" \/>\n\t\t\t\t<\/div>\n\t\t\t<div  class=\"ms-slide\" data-delay=\"3\"    >\n\t\t\t\t\t<img decoding=\"async\" src=\"http:\/\/www.apucarana.pr.gov.br\/site\/wp-content\/plugins\/masterslider\/public\/assets\/css\/blank.gif\" alt=\"CEJA -18\" title=\"CEJA -18\" data-src=\"http:\/\/www.apucarana.pr.gov.br\/site\/wp-content\/uploads\/2023\/01\/CEJA-18-1024x683.jpg\" \/>\n\t<a href=\"http:\/\/www.apucarana.pr.gov.br\/site\/wp-content\/uploads\/2023\/01\/CEJA-18-1024x683.jpg\" target=\"_self\"    >CEJA -18<\/a>\n\n\n\t<img decoding=\"async\" class=\"ms-thumb\" src=\"http:\/\/www.apucarana.pr.gov.br\/site\/wp-content\/uploads\/2023\/01\/CEJA-18-1024x683-140x80.jpg\" alt=\"CEJA -18\" \/>\n\t\t\t\t<\/div>\n\n\t\t\t<\/div>\n\t\t\t<!-- END MasterSlider Main -->\n\n\t\t\t \n\t\t<\/div>\n\t\t<!-- END MasterSlider -->\n\n\t\t<script>\n\t\t( window.MSReady = window.MSReady || [] ).push( function( $ ) {\n\n\t\t\t\"use strict\";\n\t\t\tvar masterslider_be65 = new MasterSlider();\n\n\t\t\t\/\/ slider controls\n\t\t\tmasterslider_be65.control('arrows'     ,{ autohide:true, overVideo:true  });\n\t\t\tmasterslider_be65.control('thumblist'  ,{ autohide:false, overVideo:true, dir:'h', speed:17, inset:false, arrows:false, hover:false, customClass:'', align:'bottom',type:'thumbs', margin:2, width:140, height:80, space:2, fillMode:'fill'  });\n\t\t\t\/\/ slider setup\n\t\t\tmasterslider_be65.setup(\"MS69f437ad9be65\", {\n\t\t\t\twidth           : 960,\n\t\t\t\theight          : 540,\n\t\t\t\tminHeight       : 0,\n\t\t\t\tspace           : 0,\n\t\t\t\tstart           : 1,\n\t\t\t\tgrabCursor      : true,\n\t\t\t\tswipe           : true,\n\t\t\t\tmouse           : true,\n\t\t\t\tkeyboard        : false,\n\t\t\t\tlayout          : \"fillwidth\",\n\t\t\t\twheel           : false,\n\t\t\t\tautoplay        : true,\n                instantStartLayers:false,\n\t\t\t\tmobileBGVideo:false,\n\t\t\t\tloop            : true,\n\t\t\t\tshuffle         : false,\n\t\t\t\tpreload         : 3,\n\t\t\t\theightLimit     : false,\n\t\t\t\tautoHeight      : false,\n\t\t\t\tsmoothHeight    : true,\n\t\t\t\tendPause        : false,\n\t\t\t\toverPause       : false,\n\t\t\t\tfillMode        : \"fill\",\n\t\t\t\tcenterControls  : true,\n\t\t\t\tstartOnAppear   : false,\n\t\t\t\tlayersMode      : \"center\",\n\t\t\t\tautofillTarget  : \"\",\n\t\t\t\thideLayers      : false,\n\t\t\t\tfullscreenMargin: 0,\n\t\t\t\tspeed           : 17,\n\t\t\t\tdir             : \"h\",\n\t\t\t\tresponsive      : true,\n\t\t\t\ttabletWidth     : 768,\n\t\t\t\ttabletHeight    : null,\n\t\t\t\tphoneWidth      : 480,\n\t\t\t\tphoneHeight    : null,\n\t\t\t\tsizingReference : window,\n\t\t\t\tparallaxMode    : 'swipe',\n\t\t\t\tview            : \"basic\"\n\t\t\t});\n\n\t\t\t\n\t\t\twindow.masterslider_instances = window.masterslider_instances || [];\n\t\t\twindow.masterslider_instances.push( masterslider_be65 );\n\t\t});\n\t\t<\/script>\n\n\n<p>Os adolescentes e jovens que participam do Servi\u00e7o de Conviv\u00eancia e Fortalecimento de V\u00ednculos (SCFV), do Centro da Juventude, participaram de uma roda de conversa com a assistente social e fot\u00f3grafa Camila de Melo. A partir do tema fotografia, a atividade proporcionou discuss\u00e3o sobre projetos de vida, sonhos e g\u00eanero.<\/p>\n<p>O bate-papo foi mediado por Camila de Melo, que voluntariamente compartilhou parte do seu conhecimento da fotografia com os adolescentes. \u201cNosso objetivo, ao promover atividades como essa, \u00e9 criar oportunidades voltadas ao fortalecimento de v\u00ednculo entre os adolescentes\u201d, afirma a assistente social do Centro da Juventude, Tamires de Araujo.<\/p>\n<p>O Centro da Juventude (CEJA), vinculado a Secretaria Municipal da Assist\u00eancia Social, \u00e9 um espa\u00e7o de refer\u00eancia para adolescentes e jovens entre 12 e 18 anos do nosso munic\u00edpio. No local \u00e9 desenvolvido um trabalho social e educativo visando garantir o direito \u00e0 conviv\u00eancia familiar e comunit\u00e1ria deste p\u00fablico atendido.<\/p>\n","protected":false},"excerpt":{"rendered":"<p>Os adolescentes e jovens que participam do Servi&ccedil;o de Conviv&ecirc;ncia e Fortalecimento de V&iacute;nculos (SCFV), do Centro da Juventude, participaram de uma roda de conversa com a assistente social e fot&oacute;grafa Camila de Melo. A partir do tema fotografia, a atividade proporcionou discuss&atilde;o sobre projetos de vida, sonhos e g&ecirc;nero. O bate-papo foi mediado por [&hellip;]<\/p>\n","protected":false},"author":10,"featured_media":76604,"comment_status":"closed","ping_status":"closed","sticky":false,"template":"","format":"standard","meta":{"footnotes":""},"categories":[24],"tags":[],"class_list":["post-76600","post","type-post","status-publish","format-standard","has-post-thumbnail","hentry","category-noticias"],"acf":[],"_links":{"self":[{"href":"http:\/\/www.apucarana.pr.gov.br\/site\/wp-json\/wp\/v2\/posts\/76600","targetHints":{"allow":["GET"]}}],"collection":[{"href":"http:\/\/www.apucarana.pr.gov.br\/site\/wp-json\/wp\/v2\/posts"}],"about":[{"href":"http:\/\/www.apucarana.pr.gov.br\/site\/wp-json\/wp\/v2\/types\/post"}],"author":[{"embeddable":true,"href":"http:\/\/www.apucarana.pr.gov.br\/site\/wp-json\/wp\/v2\/users\/10"}],"replies":[{"embeddable":true,"href":"http:\/\/www.apucarana.pr.gov.br\/site\/wp-json\/wp\/v2\/comments?post=76600"}],"version-history":[{"count":1,"href":"http:\/\/www.apucarana.pr.gov.br\/site\/wp-json\/wp\/v2\/posts\/76600\/revisions"}],"predecessor-version":[{"id":76605,"href":"http:\/\/www.apucarana.pr.gov.br\/site\/wp-json\/wp\/v2\/posts\/76600\/revisions\/76605"}],"wp:featuredmedia":[{"embeddable":true,"href":"http:\/\/www.apucarana.pr.gov.br\/site\/wp-json\/wp\/v2\/media\/76604"}],"wp:attachment":[{"href":"http:\/\/www.apucarana.pr.gov.br\/site\/wp-json\/wp\/v2\/media?parent=76600"}],"wp:term":[{"taxonomy":"category","embeddable":true,"href":"http:\/\/www.apucarana.pr.gov.br\/site\/wp-json\/wp\/v2\/categories?post=76600"},{"taxonomy":"post_tag","embeddable":true,"href":"http:\/\/www.apucarana.pr.gov.br\/site\/wp-json\/wp\/v2\/tags?post=76600"}],"curies":[{"name":"wp","href":"https:\/\/api.w.org\/{rel}","templated":true}]}}