{"id":76452,"date":"2023-01-18T15:22:56","date_gmt":"2023-01-18T18:22:56","guid":{"rendered":"http:\/\/www.apucarana.pr.gov.br\/site\/?p=76452"},"modified":"2024-10-08T09:28:22","modified_gmt":"2024-10-08T12:28:22","slug":"apucarana-registra-5-casos-da-covid-19-nesta-quarta-feira","status":"publish","type":"post","link":"http:\/\/www.apucarana.pr.gov.br\/site\/apucarana-registra-5-casos-da-covid-19-nesta-quarta-feira\/","title":{"rendered":"Apucarana registra 5 casos da Covid-19 nesta quarta-feira"},"content":{"rendered":"<p>A Autarquia Municipal de Sa\u00fade (AMS) confirmou 5 casos de Covid-19 hoje (18) em Apucarana. O munic\u00edpio tem o registro nesta quarta -feira de mais um \u00f3bito pela doen\u00e7a, uma mulher de 61 anos. O munic\u00edpio soma agora 564 mortes causadas pelo novo coronav\u00edrus<\/p>\n<p>O total moradores de Apucarana diagnosticados com Covid-19 \u00e9 de 40.621 Os novos casos confirmados hoje s\u00e3o 4 mulheres e 1 homem. Segundo boletim da AMS, o munic\u00edpio tem mais 6 suspeitas em investiga\u00e7\u00e3o.<\/p>\n<p>J\u00e1 foram testadas 121.460 pessoas, sendo 90.160 em testes r\u00e1pidos, 27.663 pelo Lacen (RT-PCR) e 3.649 por laborat\u00f3rios particulares (RT-PCR).<\/p>\n<p>O munic\u00edpio tem 1 paciente internado no Hospital da Provid\u00eancia com o diagn\u00f3stico de Covid-19.<\/p>\n","protected":false},"excerpt":{"rendered":"<p>A Autarquia Municipal de Sa&uacute;de (AMS) confirmou 5 casos de Covid-19 hoje (18) em Apucarana. O munic&iacute;pio tem o registro nesta quarta -feira de mais um &oacute;bito pela doen&ccedil;a, uma mulher de 61 anos. O munic&iacute;pio soma agora 564 mortes causadas pelo novo coronav&iacute;rus O total moradores de Apucarana diagnosticados com Covid-19 &eacute; de 40.621 [&hellip;]<\/p>\n","protected":false},"author":10,"featured_media":62928,"comment_status":"closed","ping_status":"closed","sticky":false,"template":"","format":"standard","meta":{"footnotes":""},"categories":[34],"tags":[],"class_list":["post-76452","post","type-post","status-publish","format-standard","has-post-thumbnail","hentry","category-coronavirus"],"acf":[],"_links":{"self":[{"href":"http:\/\/www.apucarana.pr.gov.br\/site\/wp-json\/wp\/v2\/posts\/76452","targetHints":{"allow":["GET"]}}],"collection":[{"href":"http:\/\/www.apucarana.pr.gov.br\/site\/wp-json\/wp\/v2\/posts"}],"about":[{"href":"http:\/\/www.apucarana.pr.gov.br\/site\/wp-json\/wp\/v2\/types\/post"}],"author":[{"embeddable":true,"href":"http:\/\/www.apucarana.pr.gov.br\/site\/wp-json\/wp\/v2\/users\/10"}],"replies":[{"embeddable":true,"href":"http:\/\/www.apucarana.pr.gov.br\/site\/wp-json\/wp\/v2\/comments?post=76452"}],"version-history":[{"count":1,"href":"http:\/\/www.apucarana.pr.gov.br\/site\/wp-json\/wp\/v2\/posts\/76452\/revisions"}],"predecessor-version":[{"id":76453,"href":"http:\/\/www.apucarana.pr.gov.br\/site\/wp-json\/wp\/v2\/posts\/76452\/revisions\/76453"}],"wp:featuredmedia":[{"embeddable":true,"href":"http:\/\/www.apucarana.pr.gov.br\/site\/wp-json\/wp\/v2\/media\/62928"}],"wp:attachment":[{"href":"http:\/\/www.apucarana.pr.gov.br\/site\/wp-json\/wp\/v2\/media?parent=76452"}],"wp:term":[{"taxonomy":"category","embeddable":true,"href":"http:\/\/www.apucarana.pr.gov.br\/site\/wp-json\/wp\/v2\/categories?post=76452"},{"taxonomy":"post_tag","embeddable":true,"href":"http:\/\/www.apucarana.pr.gov.br\/site\/wp-json\/wp\/v2\/tags?post=76452"}],"curies":[{"name":"wp","href":"https:\/\/api.w.org\/{rel}","templated":true}]}}