{"id":75437,"date":"2022-12-08T17:59:11","date_gmt":"2022-12-08T20:59:11","guid":{"rendered":"http:\/\/www.apucarana.pr.gov.br\/site\/?p=75437"},"modified":"2024-10-08T09:28:31","modified_gmt":"2024-10-08T12:28:31","slug":"apucarana-implanta-plano-e-anuncia-fundo-municipal-da-mulher","status":"publish","type":"post","link":"http:\/\/www.apucarana.pr.gov.br\/site\/apucarana-implanta-plano-e-anuncia-fundo-municipal-da-mulher\/","title":{"rendered":"Apucarana implanta plano e anuncia Fundo Municipal da Mulher"},"content":{"rendered":"\n\t\t<!-- MasterSlider -->\n\t\t<div id=\"P_MS69f2e8c0cc32f\" class=\"master-slider-parent master-slider-gallery   ms-parent-id-0\" style=\"\" >\n\n\t\t\t\n\t\t\t<!-- MasterSlider Main -->\n\t\t\t<div id=\"MS69f2e8c0cc32f\" class=\"master-slider ms-skin-default\" >\n\t\t\t\t \t\t\t\t \n\t\t\t<div  class=\"ms-slide\" data-delay=\"3\"    >\n\t\t\t\t\t<img decoding=\"async\" src=\"http:\/\/www.apucarana.pr.gov.br\/site\/wp-content\/plugins\/masterslider\/public\/assets\/css\/blank.gif\" alt=\"FOTO (2)\" title=\"FOTO (2)\" data-src=\"http:\/\/www.apucarana.pr.gov.br\/site\/wp-content\/uploads\/2022\/12\/FOTO-2-1024x683.jpg\" \/>\n\t<a href=\"http:\/\/www.apucarana.pr.gov.br\/site\/wp-content\/uploads\/2022\/12\/FOTO-2-1024x683.jpg\" target=\"_self\"    >FOTO (2)<\/a>\n\n\n\t<img decoding=\"async\" class=\"ms-thumb\" src=\"http:\/\/www.apucarana.pr.gov.br\/site\/wp-content\/uploads\/2022\/12\/FOTO-2-1024x683-140x80.jpg\" alt=\"FOTO (2)\" \/>\n\t\t\t\t<\/div>\n\t\t\t<div  class=\"ms-slide\" data-delay=\"3\"    >\n\t\t\t\t\t<img decoding=\"async\" src=\"http:\/\/www.apucarana.pr.gov.br\/site\/wp-content\/plugins\/masterslider\/public\/assets\/css\/blank.gif\" alt=\"FOTO (5)\" title=\"FOTO (5)\" data-src=\"http:\/\/www.apucarana.pr.gov.br\/site\/wp-content\/uploads\/2022\/12\/FOTO-5-1024x549.jpg\" \/>\n\t<a href=\"http:\/\/www.apucarana.pr.gov.br\/site\/wp-content\/uploads\/2022\/12\/FOTO-5-1024x549.jpg\" target=\"_self\"    >FOTO (5)<\/a>\n\n\n\t<img decoding=\"async\" class=\"ms-thumb\" src=\"http:\/\/www.apucarana.pr.gov.br\/site\/wp-content\/uploads\/2022\/12\/FOTO-5-1024x549-140x80.jpg\" alt=\"FOTO (5)\" \/>\n\t\t\t\t<\/div>\n\t\t\t<div  class=\"ms-slide\" data-delay=\"3\"    >\n\t\t\t\t\t<img decoding=\"async\" src=\"http:\/\/www.apucarana.pr.gov.br\/site\/wp-content\/plugins\/masterslider\/public\/assets\/css\/blank.gif\" alt=\"FOTO (6)\" title=\"FOTO (6)\" data-src=\"http:\/\/www.apucarana.pr.gov.br\/site\/wp-content\/uploads\/2022\/12\/FOTO-6-1-1024x699.jpg\" \/>\n\t<a href=\"http:\/\/www.apucarana.pr.gov.br\/site\/wp-content\/uploads\/2022\/12\/FOTO-6-1-1024x699.jpg\" target=\"_self\"    >FOTO (6)<\/a>\n\n\n\t<img decoding=\"async\" class=\"ms-thumb\" src=\"http:\/\/www.apucarana.pr.gov.br\/site\/wp-content\/uploads\/2022\/12\/FOTO-6-1-1024x699-140x80.jpg\" alt=\"FOTO (6)\" \/>\n\t\t\t\t<\/div>\n\t\t\t<div  class=\"ms-slide\" data-delay=\"3\"    >\n\t\t\t\t\t<img decoding=\"async\" src=\"http:\/\/www.apucarana.pr.gov.br\/site\/wp-content\/plugins\/masterslider\/public\/assets\/css\/blank.gif\" alt=\"FOTO (8)\" title=\"FOTO (8)\" data-src=\"http:\/\/www.apucarana.pr.gov.br\/site\/wp-content\/uploads\/2022\/12\/FOTO-8-1024x526.jpg\" \/>\n\t<a href=\"http:\/\/www.apucarana.pr.gov.br\/site\/wp-content\/uploads\/2022\/12\/FOTO-8-1024x526.jpg\" target=\"_self\"    >FOTO (8)<\/a>\n\n\n\t<img decoding=\"async\" class=\"ms-thumb\" src=\"http:\/\/www.apucarana.pr.gov.br\/site\/wp-content\/uploads\/2022\/12\/FOTO-8-1024x526-140x80.jpg\" alt=\"FOTO (8)\" \/>\n\t\t\t\t<\/div>\n\t\t\t<div  class=\"ms-slide\" data-delay=\"3\"    >\n\t\t\t\t\t<img decoding=\"async\" src=\"http:\/\/www.apucarana.pr.gov.br\/site\/wp-content\/plugins\/masterslider\/public\/assets\/css\/blank.gif\" alt=\"FOTO (11)\" title=\"FOTO (11)\" data-src=\"http:\/\/www.apucarana.pr.gov.br\/site\/wp-content\/uploads\/2022\/12\/FOTO-11-1024x559.jpg\" \/>\n\t<a href=\"http:\/\/www.apucarana.pr.gov.br\/site\/wp-content\/uploads\/2022\/12\/FOTO-11-1024x559.jpg\" target=\"_self\"    >FOTO (11)<\/a>\n\n\n\t<img decoding=\"async\" class=\"ms-thumb\" src=\"http:\/\/www.apucarana.pr.gov.br\/site\/wp-content\/uploads\/2022\/12\/FOTO-11-1024x559-140x80.jpg\" alt=\"FOTO (11)\" \/>\n\t\t\t\t<\/div>\n\t\t\t<div  class=\"ms-slide\" data-delay=\"3\"    >\n\t\t\t\t\t<img decoding=\"async\" src=\"http:\/\/www.apucarana.pr.gov.br\/site\/wp-content\/plugins\/masterslider\/public\/assets\/css\/blank.gif\" alt=\"FOTO (12)\" title=\"FOTO (12)\" data-src=\"http:\/\/www.apucarana.pr.gov.br\/site\/wp-content\/uploads\/2022\/12\/FOTO-12-1024x683.jpg\" \/>\n\t<a href=\"http:\/\/www.apucarana.pr.gov.br\/site\/wp-content\/uploads\/2022\/12\/FOTO-12-1024x683.jpg\" target=\"_self\"    >FOTO (12)<\/a>\n\n\n\t<img decoding=\"async\" class=\"ms-thumb\" src=\"http:\/\/www.apucarana.pr.gov.br\/site\/wp-content\/uploads\/2022\/12\/FOTO-12-1024x683-140x80.jpg\" alt=\"FOTO (12)\" \/>\n\t\t\t\t<\/div>\n\t\t\t<div  class=\"ms-slide\" data-delay=\"3\"    >\n\t\t\t\t\t<img decoding=\"async\" src=\"http:\/\/www.apucarana.pr.gov.br\/site\/wp-content\/plugins\/masterslider\/public\/assets\/css\/blank.gif\" alt=\"FOTO (13)\" title=\"FOTO (13)\" data-src=\"http:\/\/www.apucarana.pr.gov.br\/site\/wp-content\/uploads\/2022\/12\/FOTO-13-1024x664.jpg\" \/>\n\t<a href=\"http:\/\/www.apucarana.pr.gov.br\/site\/wp-content\/uploads\/2022\/12\/FOTO-13-1024x664.jpg\" target=\"_self\"    >FOTO (13)<\/a>\n\n\n\t<img decoding=\"async\" class=\"ms-thumb\" src=\"http:\/\/www.apucarana.pr.gov.br\/site\/wp-content\/uploads\/2022\/12\/FOTO-13-1024x664-140x80.jpg\" alt=\"FOTO (13)\" \/>\n\t\t\t\t<\/div>\n\t\t\t<div  class=\"ms-slide\" data-delay=\"3\"    >\n\t\t\t\t\t<img decoding=\"async\" src=\"http:\/\/www.apucarana.pr.gov.br\/site\/wp-content\/plugins\/masterslider\/public\/assets\/css\/blank.gif\" alt=\"FOTO (14)\" title=\"FOTO (14)\" data-src=\"http:\/\/www.apucarana.pr.gov.br\/site\/wp-content\/uploads\/2022\/12\/FOTO-14-1024x585.jpg\" \/>\n\t<a href=\"http:\/\/www.apucarana.pr.gov.br\/site\/wp-content\/uploads\/2022\/12\/FOTO-14-1024x585.jpg\" target=\"_self\"    >FOTO (14)<\/a>\n\n\n\t<img decoding=\"async\" class=\"ms-thumb\" src=\"http:\/\/www.apucarana.pr.gov.br\/site\/wp-content\/uploads\/2022\/12\/FOTO-14-1024x585-140x80.jpg\" alt=\"FOTO (14)\" \/>\n\t\t\t\t<\/div>\n\t\t\t<div  class=\"ms-slide\" data-delay=\"3\"    >\n\t\t\t\t\t<img decoding=\"async\" src=\"http:\/\/www.apucarana.pr.gov.br\/site\/wp-content\/plugins\/masterslider\/public\/assets\/css\/blank.gif\" alt=\"FOTO (15)\" title=\"FOTO (15)\" data-src=\"http:\/\/www.apucarana.pr.gov.br\/site\/wp-content\/uploads\/2022\/12\/FOTO-15-1024x650.jpg\" \/>\n\t<a href=\"http:\/\/www.apucarana.pr.gov.br\/site\/wp-content\/uploads\/2022\/12\/FOTO-15-1024x650.jpg\" target=\"_self\"    >FOTO (15)<\/a>\n\n\n\t<img decoding=\"async\" class=\"ms-thumb\" src=\"http:\/\/www.apucarana.pr.gov.br\/site\/wp-content\/uploads\/2022\/12\/FOTO-15-1024x650-140x80.jpg\" alt=\"FOTO (15)\" \/>\n\t\t\t\t<\/div>\n\t\t\t<div  class=\"ms-slide\" data-delay=\"3\"    >\n\t\t\t\t\t<img decoding=\"async\" src=\"http:\/\/www.apucarana.pr.gov.br\/site\/wp-content\/plugins\/masterslider\/public\/assets\/css\/blank.gif\" alt=\"FOTO (16)\" title=\"FOTO (16)\" data-src=\"http:\/\/www.apucarana.pr.gov.br\/site\/wp-content\/uploads\/2022\/12\/FOTO-16-1024x683.jpg\" \/>\n\t<a href=\"http:\/\/www.apucarana.pr.gov.br\/site\/wp-content\/uploads\/2022\/12\/FOTO-16-1024x683.jpg\" target=\"_self\"    >FOTO (16)<\/a>\n\n\n\t<img decoding=\"async\" class=\"ms-thumb\" src=\"http:\/\/www.apucarana.pr.gov.br\/site\/wp-content\/uploads\/2022\/12\/FOTO-16-1024x683-140x80.jpg\" alt=\"FOTO (16)\" \/>\n\t\t\t\t<\/div>\n\t\t\t<div  class=\"ms-slide\" data-delay=\"3\"    >\n\t\t\t\t\t<img decoding=\"async\" src=\"http:\/\/www.apucarana.pr.gov.br\/site\/wp-content\/plugins\/masterslider\/public\/assets\/css\/blank.gif\" alt=\"FOTO (17)\" title=\"FOTO (17)\" data-src=\"http:\/\/www.apucarana.pr.gov.br\/site\/wp-content\/uploads\/2022\/12\/FOTO-17-1024x608.jpg\" \/>\n\t<a href=\"http:\/\/www.apucarana.pr.gov.br\/site\/wp-content\/uploads\/2022\/12\/FOTO-17-1024x608.jpg\" target=\"_self\"    >FOTO (17)<\/a>\n\n\n\t<img decoding=\"async\" class=\"ms-thumb\" src=\"http:\/\/www.apucarana.pr.gov.br\/site\/wp-content\/uploads\/2022\/12\/FOTO-17-1024x608-140x80.jpg\" alt=\"FOTO (17)\" \/>\n\t\t\t\t<\/div>\n\t\t\t<div  class=\"ms-slide\" data-delay=\"3\"    >\n\t\t\t\t\t<img decoding=\"async\" src=\"http:\/\/www.apucarana.pr.gov.br\/site\/wp-content\/plugins\/masterslider\/public\/assets\/css\/blank.gif\" alt=\"FOTO (18)\" title=\"FOTO (18)\" data-src=\"http:\/\/www.apucarana.pr.gov.br\/site\/wp-content\/uploads\/2022\/12\/FOTO-18-1024x683.jpg\" \/>\n\t<a href=\"http:\/\/www.apucarana.pr.gov.br\/site\/wp-content\/uploads\/2022\/12\/FOTO-18-1024x683.jpg\" target=\"_self\"    >FOTO (18)<\/a>\n\n\n\t<img decoding=\"async\" class=\"ms-thumb\" src=\"http:\/\/www.apucarana.pr.gov.br\/site\/wp-content\/uploads\/2022\/12\/FOTO-18-1024x683-140x80.jpg\" alt=\"FOTO (18)\" \/>\n\t\t\t\t<\/div>\n\t\t\t<div  class=\"ms-slide\" data-delay=\"3\"    >\n\t\t\t\t\t<img decoding=\"async\" src=\"http:\/\/www.apucarana.pr.gov.br\/site\/wp-content\/plugins\/masterslider\/public\/assets\/css\/blank.gif\" alt=\"FOTO (19)\" title=\"FOTO (19)\" data-src=\"http:\/\/www.apucarana.pr.gov.br\/site\/wp-content\/uploads\/2022\/12\/FOTO-19-1024x645.jpg\" \/>\n\t<a href=\"http:\/\/www.apucarana.pr.gov.br\/site\/wp-content\/uploads\/2022\/12\/FOTO-19-1024x645.jpg\" target=\"_self\"    >FOTO (19)<\/a>\n\n\n\t<img decoding=\"async\" class=\"ms-thumb\" src=\"http:\/\/www.apucarana.pr.gov.br\/site\/wp-content\/uploads\/2022\/12\/FOTO-19-1024x645-140x80.jpg\" alt=\"FOTO (19)\" \/>\n\t\t\t\t<\/div>\n\n\t\t\t<\/div>\n\t\t\t<!-- END MasterSlider Main -->\n\n\t\t\t \n\t\t<\/div>\n\t\t<!-- END MasterSlider -->\n\n\t\t<script>\n\t\t( window.MSReady = window.MSReady || [] ).push( function( $ ) {\n\n\t\t\t\"use strict\";\n\t\t\tvar masterslider_c32f = new MasterSlider();\n\n\t\t\t\/\/ slider controls\n\t\t\tmasterslider_c32f.control('arrows'     ,{ autohide:true, overVideo:true  });\n\t\t\tmasterslider_c32f.control('thumblist'  ,{ autohide:false, overVideo:true, dir:'h', speed:17, inset:false, arrows:false, hover:false, customClass:'', align:'bottom',type:'thumbs', margin:2, width:140, height:80, space:2, fillMode:'fill'  });\n\t\t\t\/\/ slider setup\n\t\t\tmasterslider_c32f.setup(\"MS69f2e8c0cc32f\", {\n\t\t\t\twidth           : 960,\n\t\t\t\theight          : 540,\n\t\t\t\tminHeight       : 0,\n\t\t\t\tspace           : 0,\n\t\t\t\tstart           : 1,\n\t\t\t\tgrabCursor      : true,\n\t\t\t\tswipe           : true,\n\t\t\t\tmouse           : true,\n\t\t\t\tkeyboard        : false,\n\t\t\t\tlayout          : \"fillwidth\",\n\t\t\t\twheel           : false,\n\t\t\t\tautoplay        : true,\n                instantStartLayers:false,\n\t\t\t\tmobileBGVideo:false,\n\t\t\t\tloop            : true,\n\t\t\t\tshuffle         : false,\n\t\t\t\tpreload         : 3,\n\t\t\t\theightLimit     : false,\n\t\t\t\tautoHeight      : false,\n\t\t\t\tsmoothHeight    : true,\n\t\t\t\tendPause        : false,\n\t\t\t\toverPause       : false,\n\t\t\t\tfillMode        : \"fill\",\n\t\t\t\tcenterControls  : true,\n\t\t\t\tstartOnAppear   : false,\n\t\t\t\tlayersMode      : \"center\",\n\t\t\t\tautofillTarget  : \"\",\n\t\t\t\thideLayers      : false,\n\t\t\t\tfullscreenMargin: 0,\n\t\t\t\tspeed           : 17,\n\t\t\t\tdir             : \"h\",\n\t\t\t\tresponsive      : true,\n\t\t\t\ttabletWidth     : 768,\n\t\t\t\ttabletHeight    : null,\n\t\t\t\tphoneWidth      : 480,\n\t\t\t\tphoneHeight    : null,\n\t\t\t\tsizingReference : window,\n\t\t\t\tparallaxMode    : 'swipe',\n\t\t\t\tview            : \"basic\"\n\t\t\t});\n\n\t\t\t\n\t\t\twindow.masterslider_instances = window.masterslider_instances || [];\n\t\t\twindow.masterslider_instances.push( masterslider_c32f );\n\t\t});\n\t\t<\/script>\n\n\n<p>Em ato no sal\u00e3o nobre da Prefeitura de Apucarana, o prefeito J\u00fanior da Femac formalizou nesta quinta-feira (08\/12) a implementa\u00e7\u00e3o do Plano Municipal de Pol\u00edticas P\u00fablicas para as Mulheres (PMPPM). Com 101 p\u00e1ginas, o documento \u00e9 um instrumento legal de planejamento e gest\u00e3o que prop\u00f5e integra\u00e7\u00e3o e articula\u00e7\u00e3o de pol\u00edticas, programas e novas a\u00e7\u00f5es governamentais de combate \u00e0 desigualdade, discrimina\u00e7\u00e3o e viol\u00eancia contra as mulheres. O levantamento das demandas, constru\u00e7\u00e3o das propostas e sistematiza\u00e7\u00e3o teve como protagonistas a Secretaria Municipal da Mulher e Assuntos da Fam\u00edlia (Semaf) e o Conselho Municipal dos Direitos da Mulher.<\/p>\n<p>A comiss\u00e3o de elabora\u00e7\u00e3o, que contou com seis integrantes, teve ainda representantes de movimentos de mulheres. \u201cSou filho de uma mulher muito forte, casado com uma mulher muito forte e estou criando duas filhas muitos fortes. Traga comigo muito do que vivo em fam\u00edlia e uma de minhas convic\u00e7\u00f5es \u00e9 de que n\u00e3o podemos mais aceitar diferen\u00e7a de g\u00eanero. E o combate tem in\u00edcio com o reconhecimento de que ela, a diferen\u00e7a, ainda existe na sociedade, por isso, em Apucarana, desde que assumi como prefeito, em 2019, pe\u00e7o todos os dias a minha equipe que n\u00e3o me\u00e7a esfor\u00e7os na promo\u00e7\u00e3o de pol\u00edticas p\u00fablicas de promo\u00e7\u00e3o da equidade, do empoderamento, autonomia financeira e o protagonismo feminino\u201d, salientou o prefeito, citando que Apucarana tem, entre outros destaques, o maior programa de economia solid\u00e1ria do Paran\u00e1, programa de aten\u00e7\u00e3o \u00e0s mulheres em situa\u00e7\u00e3o de pobreza menstrual, bot\u00e3o do p\u00e2nico para mulheres v\u00edtimas de viol\u00eancia, o melhor programa de aten\u00e7\u00e3o \u00e0 gestante do Brasil, passe livre no transporte coletivo para as gestantes. \u201cEnfim, in\u00fameras pol\u00edticas p\u00fablicas que visam promover uma educa\u00e7\u00e3o que n\u00e3o replica o machismo e que valoriza as mulheres\u201d, disse J\u00fanior da Femac.<\/p>\n<p>De acordo com o prefeito, o PMPPM \u00e9 um importante instrumento de planejamento que orienta estrat\u00e9gias. \u201cNa pr\u00e1tica, um compromisso p\u00fablico de trabalho. Quer saber o que j\u00e1 fizemos e o que vamos promover em prol de nossas mulheres, est\u00e1 tudo l\u00e1\u201d, resumiu o prefeito que, durante o evento, anunciou a cria\u00e7\u00e3o do Fundo Municipal dos Direitos da Mulher. \u201cTemos dinheiro para o que \u00e9 prioridade e, em uma cidade, as pessoas s\u00e3o o que h\u00e1 de mais importante. A urbaniza\u00e7\u00e3o de uma rua, a constru\u00e7\u00e3o de uma escola, um hospital, posto de sa\u00fade, n\u00e3o teria sentido se n\u00e3o existissem pessoas. Ent\u00e3o, j\u00e1 no pr\u00f3ximo ano, vamos criar o Fundo Municipal que contar\u00e1 com recursos p\u00fablicos destinados ao apoio de capacita\u00e7\u00f5es e outras iniciativas que possibilitem que as mulheres de Apucarana brilhem ainda mais\u201d, conclui J\u00fanior da Femac.<\/p>\n<p>A concretiza\u00e7\u00e3o do plano, explicou a secret\u00e1ria da Mulher e Assuntos da Fam\u00edlia de Apucarana, Denise Canesin, \u00e9 a materializa\u00e7\u00e3o de esfor\u00e7os coletivos com vistas \u00e0 garantia e amplia\u00e7\u00e3o de direitos \u00e0s mulheres. \u201cResultado de empenho e movimento conjunto, articulado e planejado entre pol\u00edticas p\u00fablicas municipais e estaduais, servi\u00e7os da rede de atendimento local, movimentos sociais e coletivos de mulheres, conselhos de direitos, entidades, programas e projetos com enfoque no atendimento e prote\u00e7\u00e3o da mulher. Um instrumento importante no processo de equidade de g\u00eanero. Um documento-matriz que incorporou propostas debatidas e aprovadas em confer\u00eancias e conselhos representativos, que promove a integra\u00e7\u00e3o e articula\u00e7\u00e3o de pol\u00edticas, programas e novas a\u00e7\u00f5es governamentais de combate \u00e0 desigualdade, discrimina\u00e7\u00e3o e viol\u00eancia contra as mulheres. Um marco e um legado da gest\u00e3o J\u00fanior da Femac\/Paulo Vital\u201d, disse a secret\u00e1ria.<\/p>\n<p>Denise explica que o assunto \u00e9 transversal e envolve muitas vertentes. \u201cO PMPPM foi constru\u00eddo e baseado em cinco eixos estruturantes e norteadores a partir da realidade municipal e por meios de aferi\u00e7\u00e3o da pr\u00f3pria gest\u00e3o de pol\u00edticas para as mulheres\u201d, assinalou a secret\u00e1ria. Os eixos que comp\u00f5em o documento tratam da: \u201cTransversalidade de Pol\u00edticas P\u00fablicas para Mulheres; Igualdade no mundo do trabalho, autonomia econ\u00f4mica, financeira e protagonismo da mulher no desenvolvimento sustent\u00e1vel; Enfrentamento da viol\u00eancia de g\u00eanero; Direitos humanos da mulher; e Participa\u00e7\u00e3o Feminina na Pol\u00edtica e nos Espa\u00e7os de Poder.<\/p>\n<p>A mesa de autoridades do lan\u00e7amento do plano municipal contou ainda com a presen\u00e7a do vice-prefeito Paulo S\u00e9rgio Vital, das secret\u00e1rias municipais Ana Paula Nazarko (Assist\u00eancia Social), Sueli Pereira (Fazenda) e \u00c2ngela Stoian Penharbel (Obras), representante da Comiss\u00e3o da Mulher Advogada da OAB Apucarana, J\u00e9ssica Vallim, e dos vereadores Tiago Cordeiro, Luciano Facchiano e Jossuela Pirelli. \u201cAcompanho de perto e fa\u00e7o parte deste grupo desde 2013. Fui professora, secret\u00e1ria de Esportes e hoje estou vereadora. Apucarana tem secretaria da Mulher, tem Conselho dos Direitos da Mulher. A partir desta gest\u00e3o, gra\u00e7as ao apoio de todos os vereadores, a cidade tem no Legislativo a Procuradoria da Mulher, onde estou como presidente, e agora tem um plano municipal norteador de todas essas pol\u00edticas p\u00fablicas. Apucarana \u00e9 uma cidade que valoriza a mulher\u201d, enalteceu a vereadora.<\/p>\n","protected":false},"excerpt":{"rendered":"<p>Em ato no sal&atilde;o nobre da Prefeitura de Apucarana, o prefeito J&uacute;nior da Femac formalizou nesta quinta-feira (08\/12) a implementa&ccedil;&atilde;o do Plano Municipal de Pol&iacute;ticas P&uacute;blicas para as Mulheres (PMPPM). Com 101 p&aacute;ginas, o documento &eacute; um instrumento legal de planejamento e gest&atilde;o que prop&otilde;e integra&ccedil;&atilde;o e articula&ccedil;&atilde;o de pol&iacute;ticas, programas e novas a&ccedil;&otilde;es governamentais [&hellip;]<\/p>\n","protected":false},"author":7,"featured_media":75442,"comment_status":"closed","ping_status":"closed","sticky":false,"template":"","format":"standard","meta":{"footnotes":""},"categories":[24],"tags":[],"class_list":["post-75437","post","type-post","status-publish","format-standard","has-post-thumbnail","hentry","category-noticias"],"acf":[],"_links":{"self":[{"href":"http:\/\/www.apucarana.pr.gov.br\/site\/wp-json\/wp\/v2\/posts\/75437","targetHints":{"allow":["GET"]}}],"collection":[{"href":"http:\/\/www.apucarana.pr.gov.br\/site\/wp-json\/wp\/v2\/posts"}],"about":[{"href":"http:\/\/www.apucarana.pr.gov.br\/site\/wp-json\/wp\/v2\/types\/post"}],"author":[{"embeddable":true,"href":"http:\/\/www.apucarana.pr.gov.br\/site\/wp-json\/wp\/v2\/users\/7"}],"replies":[{"embeddable":true,"href":"http:\/\/www.apucarana.pr.gov.br\/site\/wp-json\/wp\/v2\/comments?post=75437"}],"version-history":[{"count":1,"href":"http:\/\/www.apucarana.pr.gov.br\/site\/wp-json\/wp\/v2\/posts\/75437\/revisions"}],"predecessor-version":[{"id":75451,"href":"http:\/\/www.apucarana.pr.gov.br\/site\/wp-json\/wp\/v2\/posts\/75437\/revisions\/75451"}],"wp:featuredmedia":[{"embeddable":true,"href":"http:\/\/www.apucarana.pr.gov.br\/site\/wp-json\/wp\/v2\/media\/75442"}],"wp:attachment":[{"href":"http:\/\/www.apucarana.pr.gov.br\/site\/wp-json\/wp\/v2\/media?parent=75437"}],"wp:term":[{"taxonomy":"category","embeddable":true,"href":"http:\/\/www.apucarana.pr.gov.br\/site\/wp-json\/wp\/v2\/categories?post=75437"},{"taxonomy":"post_tag","embeddable":true,"href":"http:\/\/www.apucarana.pr.gov.br\/site\/wp-json\/wp\/v2\/tags?post=75437"}],"curies":[{"name":"wp","href":"https:\/\/api.w.org\/{rel}","templated":true}]}}