{"id":75429,"date":"2022-12-08T16:58:58","date_gmt":"2022-12-08T19:58:58","guid":{"rendered":"http:\/\/www.apucarana.pr.gov.br\/site\/?p=75429"},"modified":"2024-10-08T09:28:31","modified_gmt":"2024-10-08T12:28:31","slug":"programas-saude-da-familia-e-saude-bucal-de-apucarana-recebem-investimento-de-r-19-milhao","status":"publish","type":"post","link":"http:\/\/www.apucarana.pr.gov.br\/site\/programas-saude-da-familia-e-saude-bucal-de-apucarana-recebem-investimento-de-r-19-milhao\/","title":{"rendered":"Programas Sa\u00fade da Fam\u00edlia e Sa\u00fade Bucal de Apucarana recebem investimento de R$ 1,9 milh\u00e3o \u00a0"},"content":{"rendered":"\n\t\t<!-- MasterSlider -->\n\t\t<div id=\"P_MS69f2e94a5a176\" class=\"master-slider-parent master-slider-gallery   ms-parent-id-0\" style=\"\" >\n\n\t\t\t\n\t\t\t<!-- MasterSlider Main -->\n\t\t\t<div id=\"MS69f2e94a5a176\" class=\"master-slider ms-skin-default\" >\n\t\t\t\t \t\t\t\t \n\t\t\t<div  class=\"ms-slide\" data-delay=\"3\"    >\n\t\t\t\t\t<img decoding=\"async\" src=\"http:\/\/www.apucarana.pr.gov.br\/site\/wp-content\/plugins\/masterslider\/public\/assets\/css\/blank.gif\" alt=\"WhatsApp Image 2022-12-08 at 12.10.37\" title=\"WhatsApp Image 2022-12-08 at 12.10.37\" data-src=\"http:\/\/www.apucarana.pr.gov.br\/site\/wp-content\/uploads\/2022\/12\/WhatsApp-Image-2022-12-08-at-12.10.37-1024x768.jpeg\" \/>\n\t<a href=\"http:\/\/www.apucarana.pr.gov.br\/site\/wp-content\/uploads\/2022\/12\/WhatsApp-Image-2022-12-08-at-12.10.37-1024x768.jpeg\" target=\"_self\"    >WhatsApp Image 2022-12-08 at 12.10.37<\/a>\n\n\n\t<img decoding=\"async\" class=\"ms-thumb\" src=\"http:\/\/www.apucarana.pr.gov.br\/site\/wp-content\/uploads\/2022\/12\/WhatsApp-Image-2022-12-08-at-12.10.37-1024x768-140x80.jpeg\" alt=\"WhatsApp Image 2022-12-08 at 12.10.37\" \/>\n\t\t\t\t<\/div>\n\t\t\t<div  class=\"ms-slide\" data-delay=\"3\"    >\n\t\t\t\t\t<img decoding=\"async\" src=\"http:\/\/www.apucarana.pr.gov.br\/site\/wp-content\/plugins\/masterslider\/public\/assets\/css\/blank.gif\" alt=\"WhatsApp Image 2022-12-08 at 12.10.38\" title=\"WhatsApp Image 2022-12-08 at 12.10.38\" data-src=\"http:\/\/www.apucarana.pr.gov.br\/site\/wp-content\/uploads\/2022\/12\/WhatsApp-Image-2022-12-08-at-12.10.38-1024x768.jpeg\" \/>\n\t<a href=\"http:\/\/www.apucarana.pr.gov.br\/site\/wp-content\/uploads\/2022\/12\/WhatsApp-Image-2022-12-08-at-12.10.38-1024x768.jpeg\" target=\"_self\"    >WhatsApp Image 2022-12-08 at 12.10.38<\/a>\n\n\n\t<img decoding=\"async\" class=\"ms-thumb\" src=\"http:\/\/www.apucarana.pr.gov.br\/site\/wp-content\/uploads\/2022\/12\/WhatsApp-Image-2022-12-08-at-12.10.38-1024x768-140x80.jpeg\" alt=\"WhatsApp Image 2022-12-08 at 12.10.38\" \/>\n\t\t\t\t<\/div>\n\t\t\t<div  class=\"ms-slide\" data-delay=\"3\"    >\n\t\t\t\t\t<img decoding=\"async\" src=\"http:\/\/www.apucarana.pr.gov.br\/site\/wp-content\/plugins\/masterslider\/public\/assets\/css\/blank.gif\" alt=\"WhatsApp Image 2022-12-08 at 12.10.37 (1)\" title=\"WhatsApp Image 2022-12-08 at 12.10.37 (1)\" data-src=\"http:\/\/www.apucarana.pr.gov.br\/site\/wp-content\/uploads\/2022\/12\/WhatsApp-Image-2022-12-08-at-12.10.37-1-1024x768.jpeg\" \/>\n\t<a href=\"http:\/\/www.apucarana.pr.gov.br\/site\/wp-content\/uploads\/2022\/12\/WhatsApp-Image-2022-12-08-at-12.10.37-1-1024x768.jpeg\" target=\"_self\"    >WhatsApp Image 2022-12-08 at 12.10.37 (1)<\/a>\n\n\n\t<img decoding=\"async\" class=\"ms-thumb\" src=\"http:\/\/www.apucarana.pr.gov.br\/site\/wp-content\/uploads\/2022\/12\/WhatsApp-Image-2022-12-08-at-12.10.37-1-1024x768-140x80.jpeg\" alt=\"WhatsApp Image 2022-12-08 at 12.10.37 (1)\" \/>\n\t\t\t\t<\/div>\n\n\t\t\t<\/div>\n\t\t\t<!-- END MasterSlider Main -->\n\n\t\t\t \n\t\t<\/div>\n\t\t<!-- END MasterSlider -->\n\n\t\t<script>\n\t\t( window.MSReady = window.MSReady || [] ).push( function( $ ) {\n\n\t\t\t\"use strict\";\n\t\t\tvar masterslider_a176 = new MasterSlider();\n\n\t\t\t\/\/ slider controls\n\t\t\tmasterslider_a176.control('arrows'     ,{ autohide:true, overVideo:true  });\n\t\t\tmasterslider_a176.control('thumblist'  ,{ autohide:false, overVideo:true, dir:'h', speed:17, inset:false, arrows:false, hover:false, customClass:'', align:'bottom',type:'thumbs', margin:2, width:140, height:80, space:2, fillMode:'fill'  });\n\t\t\t\/\/ slider setup\n\t\t\tmasterslider_a176.setup(\"MS69f2e94a5a176\", {\n\t\t\t\twidth           : 960,\n\t\t\t\theight          : 540,\n\t\t\t\tminHeight       : 0,\n\t\t\t\tspace           : 0,\n\t\t\t\tstart           : 1,\n\t\t\t\tgrabCursor      : true,\n\t\t\t\tswipe           : true,\n\t\t\t\tmouse           : true,\n\t\t\t\tkeyboard        : false,\n\t\t\t\tlayout          : \"fillwidth\",\n\t\t\t\twheel           : false,\n\t\t\t\tautoplay        : true,\n                instantStartLayers:false,\n\t\t\t\tmobileBGVideo:false,\n\t\t\t\tloop            : true,\n\t\t\t\tshuffle         : false,\n\t\t\t\tpreload         : 3,\n\t\t\t\theightLimit     : false,\n\t\t\t\tautoHeight      : false,\n\t\t\t\tsmoothHeight    : true,\n\t\t\t\tendPause        : false,\n\t\t\t\toverPause       : false,\n\t\t\t\tfillMode        : \"fill\",\n\t\t\t\tcenterControls  : true,\n\t\t\t\tstartOnAppear   : false,\n\t\t\t\tlayersMode      : \"center\",\n\t\t\t\tautofillTarget  : \"\",\n\t\t\t\thideLayers      : false,\n\t\t\t\tfullscreenMargin: 0,\n\t\t\t\tspeed           : 17,\n\t\t\t\tdir             : \"h\",\n\t\t\t\tresponsive      : true,\n\t\t\t\ttabletWidth     : 768,\n\t\t\t\ttabletHeight    : null,\n\t\t\t\tphoneWidth      : 480,\n\t\t\t\tphoneHeight    : null,\n\t\t\t\tsizingReference : window,\n\t\t\t\tparallaxMode    : 'swipe',\n\t\t\t\tview            : \"basic\"\n\t\t\t});\n\n\t\t\t\n\t\t\twindow.masterslider_instances = window.masterslider_instances || [];\n\t\t\twindow.masterslider_instances.push( masterslider_a176 );\n\t\t});\n\t\t<\/script>\n\n\n<p>Os Programas Sa\u00fade da Fam\u00edlia e Sa\u00fade Bucal de Apucarana ir\u00e3o receber R$ 1,9 milh\u00e3o do Governo do Estado. A confirma\u00e7\u00e3o do repasse foi informada na ter\u00e7a-feira, em Curitiba, pelo secret\u00e1rio de estado Beto Preto, durante evento em que anunciou investimentos na Aten\u00e7\u00e3o Prim\u00e1ria \u00e0 sa\u00fade.<\/p>\n<p>Presente no evento em que foi anunciada a libera\u00e7\u00e3o dos recursos para \u201cAten\u00e7\u00e3o Prim\u00e1ria\u201d a diversos munic\u00edpios, o prefeito Junior da Femac agradeceu o governador Ratinho Junior e o secret\u00e1rio Beto Preto por mais uma vez fortalecer e refor\u00e7ar servi\u00e7os de sa\u00fade de Apucarana. \u201cOs recursos ser\u00e3o investidos em equipamentos e mobili\u00e1rios para assegurar melhores servi\u00e7os em toda nossa rede municipal de sa\u00fade\u201d, afirma Junior da Femac.<\/p>\n<p>Os recursos no Programa Sa\u00fade da Fam\u00edlia, que conta com 43 equipes, ser\u00e3o aplicados em mobili\u00e1rio e equipamentos para as 36 Unidades B\u00e1sicas de Sa\u00fade de Apucarana. \u201cAs unidades ir\u00e3o receber macas, geladeira de vacina, mesas, poltronas, computadores e outros equipamentos conforme a necessidade de cada uma&#8221;, informa o superintendente da Aten\u00e7\u00e3o B\u00e1sica, Odarlone Orente.<\/p>\n<p>Esse investimento, avalia o secret\u00e1rio municipal da sa\u00fade Em\u00eddio Orente, &#8220;ir\u00e1 impactar nas condi\u00e7\u00f5es de trabalho dos nossos servidores e com os novos equipamentos ser\u00e1 poss\u00edvel prestar uma maior assist\u00eancia a popula\u00e7\u00e3o. Haver\u00e1 uma melhora no ambiente de trabalho e no atendimento oferecido aos nossos pacientes.&#8221;<\/p>\n<p>O programa de sa\u00fade bucal tem recursos destinados \u00e0 aquisi\u00e7\u00e3o de kits odontol\u00f3gicos para as 25 equipes de sa\u00fade bucal que atuam no munic\u00edpio, incluindo mobili\u00e1rio, insumos e equipamentos como cadeiras odontol\u00f3gicas e compressores.<\/p>\n","protected":false},"excerpt":{"rendered":"<p>Os Programas Sa&uacute;de da Fam&iacute;lia e Sa&uacute;de Bucal de Apucarana ir&atilde;o receber R$ 1,9 milh&atilde;o do Governo do Estado. A confirma&ccedil;&atilde;o do repasse foi informada na ter&ccedil;a-feira, em Curitiba, pelo secret&aacute;rio de estado Beto Preto, durante evento em que anunciou investimentos na Aten&ccedil;&atilde;o Prim&aacute;ria &agrave; sa&uacute;de. Presente no evento em que foi anunciada a libera&ccedil;&atilde;o [&hellip;]<\/p>\n","protected":false},"author":10,"featured_media":75430,"comment_status":"closed","ping_status":"closed","sticky":false,"template":"","format":"standard","meta":{"footnotes":""},"categories":[24],"tags":[],"class_list":["post-75429","post","type-post","status-publish","format-standard","has-post-thumbnail","hentry","category-noticias"],"acf":[],"_links":{"self":[{"href":"http:\/\/www.apucarana.pr.gov.br\/site\/wp-json\/wp\/v2\/posts\/75429","targetHints":{"allow":["GET"]}}],"collection":[{"href":"http:\/\/www.apucarana.pr.gov.br\/site\/wp-json\/wp\/v2\/posts"}],"about":[{"href":"http:\/\/www.apucarana.pr.gov.br\/site\/wp-json\/wp\/v2\/types\/post"}],"author":[{"embeddable":true,"href":"http:\/\/www.apucarana.pr.gov.br\/site\/wp-json\/wp\/v2\/users\/10"}],"replies":[{"embeddable":true,"href":"http:\/\/www.apucarana.pr.gov.br\/site\/wp-json\/wp\/v2\/comments?post=75429"}],"version-history":[{"count":4,"href":"http:\/\/www.apucarana.pr.gov.br\/site\/wp-json\/wp\/v2\/posts\/75429\/revisions"}],"predecessor-version":[{"id":75455,"href":"http:\/\/www.apucarana.pr.gov.br\/site\/wp-json\/wp\/v2\/posts\/75429\/revisions\/75455"}],"wp:featuredmedia":[{"embeddable":true,"href":"http:\/\/www.apucarana.pr.gov.br\/site\/wp-json\/wp\/v2\/media\/75430"}],"wp:attachment":[{"href":"http:\/\/www.apucarana.pr.gov.br\/site\/wp-json\/wp\/v2\/media?parent=75429"}],"wp:term":[{"taxonomy":"category","embeddable":true,"href":"http:\/\/www.apucarana.pr.gov.br\/site\/wp-json\/wp\/v2\/categories?post=75429"},{"taxonomy":"post_tag","embeddable":true,"href":"http:\/\/www.apucarana.pr.gov.br\/site\/wp-json\/wp\/v2\/tags?post=75429"}],"curies":[{"name":"wp","href":"https:\/\/api.w.org\/{rel}","templated":true}]}}