{"id":75405,"date":"2022-12-08T15:12:20","date_gmt":"2022-12-08T18:12:20","guid":{"rendered":"http:\/\/www.apucarana.pr.gov.br\/site\/?p=75405"},"modified":"2024-10-08T09:28:32","modified_gmt":"2024-10-08T12:28:32","slug":"feira-verde-viabiliza-reciclagem-renda-e-seguranca-alimentar","status":"publish","type":"post","link":"http:\/\/www.apucarana.pr.gov.br\/site\/feira-verde-viabiliza-reciclagem-renda-e-seguranca-alimentar\/","title":{"rendered":"\u201cFeira verde\u201d viabiliza reciclagem, renda e seguran\u00e7a alimentar"},"content":{"rendered":"\n\t\t<!-- MasterSlider -->\n\t\t<div id=\"P_MS69f2e88ce8707\" class=\"master-slider-parent master-slider-gallery   ms-parent-id-0\" style=\"\" >\n\n\t\t\t\n\t\t\t<!-- MasterSlider Main -->\n\t\t\t<div id=\"MS69f2e88ce8707\" class=\"master-slider ms-skin-default\" >\n\t\t\t\t \t\t\t\t \n\t\t\t<div  class=\"ms-slide\" data-delay=\"3\"    >\n\t\t\t\t\t<img decoding=\"async\" src=\"http:\/\/www.apucarana.pr.gov.br\/site\/wp-content\/plugins\/masterslider\/public\/assets\/css\/blank.gif\" alt=\"FEIRA (3)\" title=\"FEIRA (3)\" data-src=\"http:\/\/www.apucarana.pr.gov.br\/site\/wp-content\/uploads\/2022\/12\/FEIRA-3-1024x683.jpg\" \/>\n\t<a href=\"http:\/\/www.apucarana.pr.gov.br\/site\/wp-content\/uploads\/2022\/12\/FEIRA-3-1024x683.jpg\" target=\"_self\"    >FEIRA (3)<\/a>\n\n\n\t<img decoding=\"async\" class=\"ms-thumb\" src=\"http:\/\/www.apucarana.pr.gov.br\/site\/wp-content\/uploads\/2022\/12\/FEIRA-3-1024x683-140x80.jpg\" alt=\"FEIRA (3)\" \/>\n\t\t\t\t<\/div>\n\t\t\t<div  class=\"ms-slide\" data-delay=\"3\"    >\n\t\t\t\t\t<img decoding=\"async\" src=\"http:\/\/www.apucarana.pr.gov.br\/site\/wp-content\/plugins\/masterslider\/public\/assets\/css\/blank.gif\" alt=\"FEIRA (2)\" title=\"FEIRA (2)\" data-src=\"http:\/\/www.apucarana.pr.gov.br\/site\/wp-content\/uploads\/2022\/12\/FEIRA-2-1024x648.jpg\" \/>\n\t<a href=\"http:\/\/www.apucarana.pr.gov.br\/site\/wp-content\/uploads\/2022\/12\/FEIRA-2-1024x648.jpg\" target=\"_self\"    >FEIRA (2)<\/a>\n\n\n\t<img decoding=\"async\" class=\"ms-thumb\" src=\"http:\/\/www.apucarana.pr.gov.br\/site\/wp-content\/uploads\/2022\/12\/FEIRA-2-1024x648-140x80.jpg\" alt=\"FEIRA (2)\" \/>\n\t\t\t\t<\/div>\n\t\t\t<div  class=\"ms-slide\" data-delay=\"3\"    >\n\t\t\t\t\t<img decoding=\"async\" src=\"http:\/\/www.apucarana.pr.gov.br\/site\/wp-content\/plugins\/masterslider\/public\/assets\/css\/blank.gif\" alt=\"FEIRA (1)\" title=\"FEIRA (1)\" data-src=\"http:\/\/www.apucarana.pr.gov.br\/site\/wp-content\/uploads\/2022\/12\/FEIRA-1-1-1024x721.jpg\" \/>\n\t<a href=\"http:\/\/www.apucarana.pr.gov.br\/site\/wp-content\/uploads\/2022\/12\/FEIRA-1-1-1024x721.jpg\" target=\"_self\"    >FEIRA (1)<\/a>\n\n\n\t<img decoding=\"async\" class=\"ms-thumb\" src=\"http:\/\/www.apucarana.pr.gov.br\/site\/wp-content\/uploads\/2022\/12\/FEIRA-1-1-1024x721-140x80.jpg\" alt=\"FEIRA (1)\" \/>\n\t\t\t\t<\/div>\n\t\t\t<div  class=\"ms-slide\" data-delay=\"3\"    >\n\t\t\t\t\t<img decoding=\"async\" src=\"http:\/\/www.apucarana.pr.gov.br\/site\/wp-content\/plugins\/masterslider\/public\/assets\/css\/blank.gif\" alt=\"FEIRA (4)\" title=\"FEIRA (4)\" data-src=\"http:\/\/www.apucarana.pr.gov.br\/site\/wp-content\/uploads\/2022\/12\/FEIRA-4-826x1024.jpg\" \/>\n\t<a href=\"http:\/\/www.apucarana.pr.gov.br\/site\/wp-content\/uploads\/2022\/12\/FEIRA-4-826x1024.jpg\" target=\"_self\"    >FEIRA (4)<\/a>\n\n\n\t<img decoding=\"async\" class=\"ms-thumb\" src=\"http:\/\/www.apucarana.pr.gov.br\/site\/wp-content\/uploads\/2022\/12\/FEIRA-4-826x1024-140x80.jpg\" alt=\"FEIRA (4)\" \/>\n\t\t\t\t<\/div>\n\n\t\t\t<\/div>\n\t\t\t<!-- END MasterSlider Main -->\n\n\t\t\t \n\t\t<\/div>\n\t\t<!-- END MasterSlider -->\n\n\t\t<script>\n\t\t( window.MSReady = window.MSReady || [] ).push( function( $ ) {\n\n\t\t\t\"use strict\";\n\t\t\tvar masterslider_8707 = new MasterSlider();\n\n\t\t\t\/\/ slider controls\n\t\t\tmasterslider_8707.control('arrows'     ,{ autohide:true, overVideo:true  });\n\t\t\tmasterslider_8707.control('thumblist'  ,{ autohide:false, overVideo:true, dir:'h', speed:17, inset:false, arrows:false, hover:false, customClass:'', align:'bottom',type:'thumbs', margin:2, width:140, height:80, space:2, fillMode:'fill'  });\n\t\t\t\/\/ slider setup\n\t\t\tmasterslider_8707.setup(\"MS69f2e88ce8707\", {\n\t\t\t\twidth           : 960,\n\t\t\t\theight          : 540,\n\t\t\t\tminHeight       : 0,\n\t\t\t\tspace           : 0,\n\t\t\t\tstart           : 1,\n\t\t\t\tgrabCursor      : true,\n\t\t\t\tswipe           : true,\n\t\t\t\tmouse           : true,\n\t\t\t\tkeyboard        : false,\n\t\t\t\tlayout          : \"fillwidth\",\n\t\t\t\twheel           : false,\n\t\t\t\tautoplay        : true,\n                instantStartLayers:false,\n\t\t\t\tmobileBGVideo:false,\n\t\t\t\tloop            : true,\n\t\t\t\tshuffle         : false,\n\t\t\t\tpreload         : 3,\n\t\t\t\theightLimit     : false,\n\t\t\t\tautoHeight      : false,\n\t\t\t\tsmoothHeight    : true,\n\t\t\t\tendPause        : false,\n\t\t\t\toverPause       : false,\n\t\t\t\tfillMode        : \"fill\",\n\t\t\t\tcenterControls  : true,\n\t\t\t\tstartOnAppear   : false,\n\t\t\t\tlayersMode      : \"center\",\n\t\t\t\tautofillTarget  : \"\",\n\t\t\t\thideLayers      : false,\n\t\t\t\tfullscreenMargin: 0,\n\t\t\t\tspeed           : 17,\n\t\t\t\tdir             : \"h\",\n\t\t\t\tresponsive      : true,\n\t\t\t\ttabletWidth     : 768,\n\t\t\t\ttabletHeight    : null,\n\t\t\t\tphoneWidth      : 480,\n\t\t\t\tphoneHeight    : null,\n\t\t\t\tsizingReference : window,\n\t\t\t\tparallaxMode    : 'swipe',\n\t\t\t\tview            : \"basic\"\n\t\t\t});\n\n\t\t\t\n\t\t\twindow.masterslider_instances = window.masterslider_instances || [];\n\t\t\twindow.masterslider_instances.push( masterslider_8707 );\n\t\t});\n\t\t<\/script>\n\n\n<p>O que iria para o lixo, na maior parte das vezes sem ser reciclado, se transformou em alimento na mesa de 13 mil fam\u00edlias. O Programa Feira Verde, implantado em maio deste ano pela Prefeitura, vem contribuindo para ampliar a cultura da reciclagem, da seguran\u00e7a alimentar e da sustentabilidade nos bairros.<\/p>\n<p>A garrafa pet &#8211; que alguma vezes acaba parando na rua \u2013 tem junto com outros materiais gerado n\u00fameros robustos de reciclagem. Ao todo, o Programa Feira Verde recolheu em quase sete meses 121 toneladas de materiais recicl\u00e1veis. \u201cA gente percebe que os bairros por onde passa o Feira Verde est\u00e3o mais limpos. A gente enxerga com freq\u00fc\u00eancia m\u00e3es e crian\u00e7as percorrendo terrenos baldios em busca de recicl\u00e1veis, contribuindo com a limpeza do bairro e com o meio ambiente\u201d, pontua o vereador Rodrigo Lievore, que sugeriu a cria\u00e7\u00e3o do programa ao prefeito Junior da Femac.<\/p>\n<p>Por outro lado, a popula\u00e7\u00e3o \u2013 especialmente a mais carente &#8211; vem sendo pressionada com a alta do pre\u00e7o nos alimentos, especialmente de hortifrutigranjeiros. \u201cFoi exatamente a contrapartida que oferecemos. Durante o programa, disponibilizamos uma cesta com cerca de 30 itens, entre frutas, verduras, legumes e produtos da agricultura familiar. Eram alimentos que muitas fam\u00edlias n\u00e3o tinham condi\u00e7\u00f5es financeiras para comprar e passaram a ter acesso, garantindo alimentos frescos e saud\u00e1veis na mesa\u201d, assinala o prefeito Junior da Femac.<\/p>\n<p>Na outra ponta, est\u00e3o os agricultores familiares que, ao produzirem alimentos saud\u00e1veis, ganharam a garantia de compra dos seus produtos pela Prefeitura. \u201cO Munic\u00edpio j\u00e1 adquiria alimentos dos agricultores, destinados ao programa de merenda escolar e a entidades sociais. O Feira Verde \u00e9 mais uma possibilidade que se abriu para a comercializa\u00e7\u00e3o dos produtos\u201d, avalia G\u00e9rson Canuto, secret\u00e1rio municipal de Agricultura.<\/p>\n<p>O programa tamb\u00e9m tem importante alcance social, na medida que gera renda aos cerca de 70 trabalhadores da Cooperativa dos Catadores de Materiais Recicl\u00e1veis de\u00a0Apucarana\u00a0(Cocap). Na m\u00e9dia, est\u00e3o sendo realizadas cinco edi\u00e7\u00f5es por semana do programa e, em cada uma delas, um caminh\u00e3o da Cocap est\u00e1 presente. \u201cTodo o material trazido pela popula\u00e7\u00e3o, como papel, papel\u00e3o e pl\u00e1stico, \u00e9 pesado e se constitui em moeda de troca, tanto para os moradores que recebem alimentos neste interc\u00e2mbio como para os cooperados da Cocap que conseguem aumentar a sua renda\u201d, avalia Ant\u00f4nio Roberto Nogueira, administrador da Cocap.<\/p>\n<p>O Feira Verde vem promovendo uma mudan\u00e7a de h\u00e1bito na popula\u00e7\u00e3o. Nogueira conta que antes do programa os caminh\u00f5es da Cocap voltavam de alguns bairros praticamente vazios e agora o caminh\u00e3o vem lotado de material. \u201cAs pessoas j\u00e1 se acostumaram a separar o lixo em casa e aguardar pelo retorno do Feira Verde,\u00a0 mostrando que o modelo de troca do recicl\u00e1vel pelo hortifruti veio para ficar\u201d, refor\u00e7a Nogueira. No Residencial Solo Sagrado onde ocorreu a edi\u00e7\u00e3o de lan\u00e7amento, por exemplo, o Feira Verde j\u00e1 voltou seis vezes, resultando numa m\u00e9dia de um retorno por m\u00eas.<\/p>\n<p><strong>DESENVOLVIMENTO SUSTENT\u00c1VEL &#8211;<\/strong> Conforme assinala Junior da Femac, o Programa Feira Verde, na pr\u00e1tica, contempla v\u00e1rias a\u00e7\u00f5es previstas nos Objetivos de Desenvolvimento Sustent\u00e1vel (ODS) estabelecidos como metas at\u00e9 o ano de 2030 pelas Na\u00e7\u00f5es Unidas.<\/p>\n<p>Entre eles, o prefeito cita os seguintes objetivos: \u201cFome Zero e Agricultura Sustent\u00e1vel\u201d, \u201cErradica\u00e7\u00e3o da Pobreza\u201d, \u201cRedu\u00e7\u00e3o de Desigualdades\u201d, \u201cParcerias e Meios de Implementa\u00e7\u00e3o\u201d, \u201cA\u00e7\u00e3o Contra a Mudan\u00e7a Global do Clima\u201d e \u201cCidades e Comunidades Sustent\u00e1veis\u201d, al\u00e9m de outros.<\/p>\n<p>O secret\u00e1rio de Meio Ambiente, Gentil Pereira, refor\u00e7a que o programa promove a sustentabilidade e a cidadania. \u201c\u00c9 uma a\u00e7\u00e3o volunt\u00e1ria e a ades\u00e3o foi surpreendente. As pessoas querem participar do programa e j\u00e1 se habituaram a fazer a reciclagem em casa, garantindo desta forma que toneladas de lixo sejam retiradas do meio ambiente e tenham uma destina\u00e7\u00e3o correta\u201d, frisa Pereira.<\/p>\n<p><strong>CUNHO PEDAG\u00d3GICO &#8211;<\/strong> A mobiliza\u00e7\u00e3o das fam\u00edlias para cada edi\u00e7\u00e3o do Feira Verde \u00e9 feito principalmente atrav\u00e9s das escolas. Amanda Tavares, diretora da Escola Municipal Papa Jo\u00e3o XXIII, durante realiza\u00e7\u00e3o do Feira Verde na Vila Regina, reiterou o cunho pedag\u00f3gico do programa. \u201cFazemos a mobiliza\u00e7\u00e3o da comunidade atrav\u00e9s dos alunos, informando por meio de bilhete na agenda e dos grupos de whatsapp. Pedimos para os estudantes conscientizarem seus familiares, falando sobre a import\u00e2ncia da correta destina\u00e7\u00e3o, fazendo a reciclagem do lixo e trazendo para a troca por hortifrutigranjeiros\u201d, contou Amanda.<\/p>\n<p>O programa tamb\u00e9m chamou a aten\u00e7\u00e3o de conselheiros estaduais e municipais de Seguran\u00e7a Alimentar e Nutricional, que em meados deste ano conheceram in loco a iniciativa. \u00a0\u201cAntes, era mais f\u00e1cil adquirir hortifrutigranjeiros. Atualmente, com a infla\u00e7\u00e3o, s\u00e3o alimentos que ficaram mais caros, enquanto os alimentos inapropriados s\u00e3o mais baratos. Outro aspecto importante \u00e9 que por meio do Feira Verde a pessoa n\u00e3o precisa ir a um lugar, mas t\u00eam acesso a esses alimentos saud\u00e1veis no pr\u00f3prio bairro\u201d, afirma David de Brito, presidente do Conselho Municipal de Seguran\u00e7a Alimentar e Nutricional.<\/p>\n<p><strong>ALIMENTOS FRESCOS E SAUD\u00c1VEIS &#8211;<\/strong> Edeson Martins, que coordena o recebimento dos produtos junto aos agricultores familiares, afirma o Munic\u00edpio adquire mais de 30 itens. \u201cNo entanto, a composi\u00e7\u00e3o da cesta que preparamos para entregar \u00e0s fam\u00edlias varia bastante e depende da \u00e9poca do ano. Toda semana procuramos trazer uma novidade. Lembro de um dia em que na cesta havia uma caixinha de uva e esse era o grande desejo de uma crian\u00e7a que foi acompanhada da m\u00e3e. Ver a alegria da crian\u00e7a levando a uva para casa foi extremamente compensador\u201d, relata.<\/p>\n<p>Martins afirma que o programa possui uma log\u00edstica garantindo que os produtos cheguem frescos para as fam\u00edlias. \u201cOs hortifruti s\u00e3o fornecidos por agricultores familiares um dia antes da feira acontecer no bairro. Os produtos s\u00e3o entregues na parte da manh\u00e3, \u00e0 tarde nossa equipe faz a separa\u00e7\u00e3o das sacolas, \u00e0 noite eles s\u00e3o conservados na c\u00e2mara fria e no outro dia eles s\u00e3o repassados \u00e0s fam\u00edlias\u201d, explica.<\/p>\n<p>Martins afirma que o programa encerrou as atividades de 2022 e retomar\u00e1 normalmente a agenda de visitas aos bairros no come\u00e7o de janeiro. \u201cVamos aproveitar esse per\u00edodo para fazer a manuten\u00e7\u00e3o de equipamentos e ve\u00edculos utilizados no programa\u201d, informa.<\/p>\n<p><strong>N\u00daMEROS DO FEIRA VERDE<\/strong><\/p>\n<p>\u2013 12.952 fam\u00edlias atendidas<\/p>\n<p>\u2013 121 toneladas de materiais recicl\u00e1veis recolhidos<\/p>\n<p>\u2013 147 feiras realizadas<\/p>\n<p>&#8211; 63 regi\u00f5es atendidas<\/p>\n<p>\u2013 Mais de 30 itens diferentes de hortifruti distribu\u00eddos<\/p>\n","protected":false},"excerpt":{"rendered":"<p>O que iria para o lixo, na maior parte das vezes sem ser reciclado, se transformou em alimento na mesa de 13 mil fam&iacute;lias. O Programa Feira Verde, implantado em maio deste ano pela Prefeitura, vem contribuindo para ampliar a cultura da reciclagem, da seguran&ccedil;a alimentar e da sustentabilidade nos bairros. A garrafa pet &ndash; [&hellip;]<\/p>\n","protected":false},"author":6,"featured_media":75408,"comment_status":"closed","ping_status":"closed","sticky":false,"template":"","format":"standard","meta":{"footnotes":""},"categories":[24],"tags":[],"class_list":["post-75405","post","type-post","status-publish","format-standard","has-post-thumbnail","hentry","category-noticias"],"acf":[],"_links":{"self":[{"href":"http:\/\/www.apucarana.pr.gov.br\/site\/wp-json\/wp\/v2\/posts\/75405","targetHints":{"allow":["GET"]}}],"collection":[{"href":"http:\/\/www.apucarana.pr.gov.br\/site\/wp-json\/wp\/v2\/posts"}],"about":[{"href":"http:\/\/www.apucarana.pr.gov.br\/site\/wp-json\/wp\/v2\/types\/post"}],"author":[{"embeddable":true,"href":"http:\/\/www.apucarana.pr.gov.br\/site\/wp-json\/wp\/v2\/users\/6"}],"replies":[{"embeddable":true,"href":"http:\/\/www.apucarana.pr.gov.br\/site\/wp-json\/wp\/v2\/comments?post=75405"}],"version-history":[{"count":4,"href":"http:\/\/www.apucarana.pr.gov.br\/site\/wp-json\/wp\/v2\/posts\/75405\/revisions"}],"predecessor-version":[{"id":75574,"href":"http:\/\/www.apucarana.pr.gov.br\/site\/wp-json\/wp\/v2\/posts\/75405\/revisions\/75574"}],"wp:featuredmedia":[{"embeddable":true,"href":"http:\/\/www.apucarana.pr.gov.br\/site\/wp-json\/wp\/v2\/media\/75408"}],"wp:attachment":[{"href":"http:\/\/www.apucarana.pr.gov.br\/site\/wp-json\/wp\/v2\/media?parent=75405"}],"wp:term":[{"taxonomy":"category","embeddable":true,"href":"http:\/\/www.apucarana.pr.gov.br\/site\/wp-json\/wp\/v2\/categories?post=75405"},{"taxonomy":"post_tag","embeddable":true,"href":"http:\/\/www.apucarana.pr.gov.br\/site\/wp-json\/wp\/v2\/tags?post=75405"}],"curies":[{"name":"wp","href":"https:\/\/api.w.org\/{rel}","templated":true}]}}