{"id":75095,"date":"2022-11-30T13:22:51","date_gmt":"2022-11-30T16:22:51","guid":{"rendered":"http:\/\/www.apucarana.pr.gov.br\/site\/?p=75095"},"modified":"2024-10-08T09:28:34","modified_gmt":"2024-10-08T12:28:34","slug":"rua-ponta-grossa-sera-revitalizada-no-conceito-de-um-shopping-a-ceu-aberto","status":"publish","type":"post","link":"http:\/\/www.apucarana.pr.gov.br\/site\/rua-ponta-grossa-sera-revitalizada-no-conceito-de-um-shopping-a-ceu-aberto\/","title":{"rendered":"Rua Ponta Grossa ser\u00e1 revitalizada no conceito de um \u201cshopping a c\u00e9u aberto\u201d"},"content":{"rendered":"\n\t\t<!-- MasterSlider -->\n\t\t<div id=\"P_MS69f5184650dae\" class=\"master-slider-parent master-slider-gallery   ms-parent-id-0\" style=\"\" >\n\n\t\t\t\n\t\t\t<!-- MasterSlider Main -->\n\t\t\t<div id=\"MS69f5184650dae\" class=\"master-slider ms-skin-default\" >\n\t\t\t\t \t\t\t\t \n\t\t\t<div  class=\"ms-slide\" data-delay=\"3\"    >\n\t\t\t\t\t<img decoding=\"async\" src=\"http:\/\/www.apucarana.pr.gov.br\/site\/wp-content\/plugins\/masterslider\/public\/assets\/css\/blank.gif\" alt=\"IMG_3674\" title=\"IMG_3674\" data-src=\"http:\/\/www.apucarana.pr.gov.br\/site\/wp-content\/uploads\/2022\/11\/IMG_3674-1024x661.jpg\" \/>\n\t<a href=\"http:\/\/www.apucarana.pr.gov.br\/site\/wp-content\/uploads\/2022\/11\/IMG_3674-1024x661.jpg\" target=\"_self\"    >IMG_3674<\/a>\n\n\n\t<img decoding=\"async\" class=\"ms-thumb\" src=\"http:\/\/www.apucarana.pr.gov.br\/site\/wp-content\/uploads\/2022\/11\/IMG_3674-1024x661-140x80.jpg\" alt=\"IMG_3674\" \/>\n\t\t\t\t<\/div>\n\t\t\t<div  class=\"ms-slide\" data-delay=\"3\"    >\n\t\t\t\t\t<img decoding=\"async\" src=\"http:\/\/www.apucarana.pr.gov.br\/site\/wp-content\/plugins\/masterslider\/public\/assets\/css\/blank.gif\" alt=\"IMG_3747\" title=\"IMG_3747\" data-src=\"http:\/\/www.apucarana.pr.gov.br\/site\/wp-content\/uploads\/2022\/11\/IMG_3747-1024x643.jpg\" \/>\n\t<a href=\"http:\/\/www.apucarana.pr.gov.br\/site\/wp-content\/uploads\/2022\/11\/IMG_3747-1024x643.jpg\" target=\"_self\"    >IMG_3747<\/a>\n\n\n\t<img decoding=\"async\" class=\"ms-thumb\" src=\"http:\/\/www.apucarana.pr.gov.br\/site\/wp-content\/uploads\/2022\/11\/IMG_3747-1024x643-140x80.jpg\" alt=\"IMG_3747\" \/>\n\t\t\t\t<\/div>\n\t\t\t<div  class=\"ms-slide\" data-delay=\"3\"    >\n\t\t\t\t\t<img decoding=\"async\" src=\"http:\/\/www.apucarana.pr.gov.br\/site\/wp-content\/plugins\/masterslider\/public\/assets\/css\/blank.gif\" alt=\"IMG_3749\" title=\"IMG_3749\" data-src=\"http:\/\/www.apucarana.pr.gov.br\/site\/wp-content\/uploads\/2022\/11\/IMG_3749-1024x648.jpg\" \/>\n\t<a href=\"http:\/\/www.apucarana.pr.gov.br\/site\/wp-content\/uploads\/2022\/11\/IMG_3749-1024x648.jpg\" target=\"_self\"    >IMG_3749<\/a>\n\n\n\t<img decoding=\"async\" class=\"ms-thumb\" src=\"http:\/\/www.apucarana.pr.gov.br\/site\/wp-content\/uploads\/2022\/11\/IMG_3749-1024x648-140x80.jpg\" alt=\"IMG_3749\" \/>\n\t\t\t\t<\/div>\n\t\t\t<div  class=\"ms-slide\" data-delay=\"3\"    >\n\t\t\t\t\t<img decoding=\"async\" src=\"http:\/\/www.apucarana.pr.gov.br\/site\/wp-content\/plugins\/masterslider\/public\/assets\/css\/blank.gif\" alt=\"IMG_3825\" title=\"IMG_3825\" data-src=\"http:\/\/www.apucarana.pr.gov.br\/site\/wp-content\/uploads\/2022\/11\/IMG_3825-1024x672.jpg\" \/>\n\t<a href=\"http:\/\/www.apucarana.pr.gov.br\/site\/wp-content\/uploads\/2022\/11\/IMG_3825-1024x672.jpg\" target=\"_self\"    >IMG_3825<\/a>\n\n\n\t<img decoding=\"async\" class=\"ms-thumb\" src=\"http:\/\/www.apucarana.pr.gov.br\/site\/wp-content\/uploads\/2022\/11\/IMG_3825-1024x672-140x80.jpg\" alt=\"IMG_3825\" \/>\n\t\t\t\t<\/div>\n\t\t\t<div  class=\"ms-slide\" data-delay=\"3\"    >\n\t\t\t\t\t<img decoding=\"async\" src=\"http:\/\/www.apucarana.pr.gov.br\/site\/wp-content\/plugins\/masterslider\/public\/assets\/css\/blank.gif\" alt=\"PONTA GROSSA_1 - Photo\" title=\"PONTA GROSSA_1 - Photo\" data-src=\"http:\/\/www.apucarana.pr.gov.br\/site\/wp-content\/uploads\/2022\/11\/PONTA-GROSSA_1-Photo-1024x576.jpg\" \/>\n\t<a href=\"http:\/\/www.apucarana.pr.gov.br\/site\/wp-content\/uploads\/2022\/11\/PONTA-GROSSA_1-Photo-1024x576.jpg\" target=\"_self\"    >PONTA GROSSA_1 - Photo<\/a>\n\n\n\t<img decoding=\"async\" class=\"ms-thumb\" src=\"http:\/\/www.apucarana.pr.gov.br\/site\/wp-content\/uploads\/2022\/11\/PONTA-GROSSA_1-Photo-1024x576-140x80.jpg\" alt=\"PONTA GROSSA_1 - Photo\" \/>\n\t\t\t\t<\/div>\n\t\t\t<div  class=\"ms-slide\" data-delay=\"3\"    >\n\t\t\t\t\t<img decoding=\"async\" src=\"http:\/\/www.apucarana.pr.gov.br\/site\/wp-content\/plugins\/masterslider\/public\/assets\/css\/blank.gif\" alt=\"PONTA GROSSA_2 - Photo\" title=\"PONTA GROSSA_2 - Photo\" data-src=\"http:\/\/www.apucarana.pr.gov.br\/site\/wp-content\/uploads\/2022\/11\/PONTA-GROSSA_2-Photo-1024x576.jpg\" \/>\n\t<a href=\"http:\/\/www.apucarana.pr.gov.br\/site\/wp-content\/uploads\/2022\/11\/PONTA-GROSSA_2-Photo-1024x576.jpg\" target=\"_self\"    >PONTA GROSSA_2 - Photo<\/a>\n\n\n\t<img decoding=\"async\" class=\"ms-thumb\" src=\"http:\/\/www.apucarana.pr.gov.br\/site\/wp-content\/uploads\/2022\/11\/PONTA-GROSSA_2-Photo-1024x576-140x80.jpg\" alt=\"PONTA GROSSA_2 - Photo\" \/>\n\t\t\t\t<\/div>\n\t\t\t<div  class=\"ms-slide\" data-delay=\"3\"    >\n\t\t\t\t\t<img decoding=\"async\" src=\"http:\/\/www.apucarana.pr.gov.br\/site\/wp-content\/plugins\/masterslider\/public\/assets\/css\/blank.gif\" alt=\"PONTA GROSSA_9 - Photo\" title=\"PONTA GROSSA_9 - Photo\" data-src=\"http:\/\/www.apucarana.pr.gov.br\/site\/wp-content\/uploads\/2022\/11\/PONTA-GROSSA_9-Photo-1024x576.jpg\" \/>\n\t<a href=\"http:\/\/www.apucarana.pr.gov.br\/site\/wp-content\/uploads\/2022\/11\/PONTA-GROSSA_9-Photo-1024x576.jpg\" target=\"_self\"    >PONTA GROSSA_9 - Photo<\/a>\n\n\n\t<img decoding=\"async\" class=\"ms-thumb\" src=\"http:\/\/www.apucarana.pr.gov.br\/site\/wp-content\/uploads\/2022\/11\/PONTA-GROSSA_9-Photo-1024x576-140x80.jpg\" alt=\"PONTA GROSSA_9 - Photo\" \/>\n\t\t\t\t<\/div>\n\n\t\t\t<\/div>\n\t\t\t<!-- END MasterSlider Main -->\n\n\t\t\t \n\t\t<\/div>\n\t\t<!-- END MasterSlider -->\n\n\t\t<script>\n\t\t( window.MSReady = window.MSReady || [] ).push( function( $ ) {\n\n\t\t\t\"use strict\";\n\t\t\tvar masterslider_0dae = new MasterSlider();\n\n\t\t\t\/\/ slider controls\n\t\t\tmasterslider_0dae.control('arrows'     ,{ autohide:true, overVideo:true  });\n\t\t\tmasterslider_0dae.control('thumblist'  ,{ autohide:false, overVideo:true, dir:'h', speed:17, inset:false, arrows:false, hover:false, customClass:'', align:'bottom',type:'thumbs', margin:2, width:140, height:80, space:2, fillMode:'fill'  });\n\t\t\t\/\/ slider setup\n\t\t\tmasterslider_0dae.setup(\"MS69f5184650dae\", {\n\t\t\t\twidth           : 960,\n\t\t\t\theight          : 540,\n\t\t\t\tminHeight       : 0,\n\t\t\t\tspace           : 0,\n\t\t\t\tstart           : 1,\n\t\t\t\tgrabCursor      : true,\n\t\t\t\tswipe           : true,\n\t\t\t\tmouse           : true,\n\t\t\t\tkeyboard        : false,\n\t\t\t\tlayout          : \"fillwidth\",\n\t\t\t\twheel           : false,\n\t\t\t\tautoplay        : true,\n                instantStartLayers:false,\n\t\t\t\tmobileBGVideo:false,\n\t\t\t\tloop            : true,\n\t\t\t\tshuffle         : false,\n\t\t\t\tpreload         : 3,\n\t\t\t\theightLimit     : false,\n\t\t\t\tautoHeight      : false,\n\t\t\t\tsmoothHeight    : true,\n\t\t\t\tendPause        : false,\n\t\t\t\toverPause       : false,\n\t\t\t\tfillMode        : \"fill\",\n\t\t\t\tcenterControls  : true,\n\t\t\t\tstartOnAppear   : false,\n\t\t\t\tlayersMode      : \"center\",\n\t\t\t\tautofillTarget  : \"\",\n\t\t\t\thideLayers      : false,\n\t\t\t\tfullscreenMargin: 0,\n\t\t\t\tspeed           : 17,\n\t\t\t\tdir             : \"h\",\n\t\t\t\tresponsive      : true,\n\t\t\t\ttabletWidth     : 768,\n\t\t\t\ttabletHeight    : null,\n\t\t\t\tphoneWidth      : 480,\n\t\t\t\tphoneHeight    : null,\n\t\t\t\tsizingReference : window,\n\t\t\t\tparallaxMode    : 'swipe',\n\t\t\t\tview            : \"basic\"\n\t\t\t});\n\n\t\t\t\n\t\t\twindow.masterslider_instances = window.masterslider_instances || [];\n\t\t\twindow.masterslider_instances.push( masterslider_0dae );\n\t\t});\n\t\t<\/script>\n\n\n<p>A partir do segundo semestre de 2023, a tradicional rua comercial de Apucarana, aberta no ano de 1936, pela Companhia de Terras Norte do Paran\u00e1, ganhar\u00e1 um visual moderno, dentro do conceito de \u201cshopping a c\u00e9u aberto\u201d. O foco \u00e9 tornar o ambiente mais agrad\u00e1vel e mais atrativo para lazer e compras. O Projeto foi elaborado pela Prefeitura de Apucarana, por meio da equipe t\u00e9cnica do Instituto de Desenvolvimento, Pesquisa e Planejamento (IDEPPLAN).<\/p>\n<p>A transforma\u00e7\u00e3o da Rua Ponta Grossa \u2013 por onde passam diariamente 7 mil ve\u00edculos e 180 \u00f4nibus -, prev\u00ea um novo sistema de ilumina\u00e7\u00e3o (LED), floreiras, lixeiras e at\u00e9 espa\u00e7os com bancos para descanso das fam\u00edlias, com direito a carregador de celular e wifi. Todos esses detalhes fazem parte do projeto de revitaliza\u00e7\u00e3o da rua, obra contemplada no \u201cPrograma de Revitaliza\u00e7\u00e3o de Espa\u00e7os Comerciais\u201d, que foi apresentado na noite desta ter\u00e7a-feira (29) em jantar no Country Clube de Apucarana.<\/p>\n<p>O projeto finalizado pelo Idepplan, foi apresentado pelo prefeito Junior da Femac, com recursos \u00e1udio-visuais, que permitiram mostrar perspectivas da rua no futuro. O evento teve a presen\u00e7a do vice-governador e presidente da Fecom\u00e9rcio, Darci Piana, e o presidente do Conselho Deliberativo do Sebrae Paran\u00e1, Fernando Moraes. Prefeitura, Fecom\u00e9rcio e Sebrae firmaram parceria para viabilizar o projeto, junto com o Sindicato o Com\u00e9rcio Varejista de Apucarana (Sivana), representado pela empres\u00e1ria e presidente A\u00edda Assun\u00e7\u00e3o.<\/p>\n<p>A revitaliza\u00e7\u00e3o da \u201cPonta Grossa\u201d envolve ainda remodela\u00e7\u00e3o das fachadas, que ficar\u00e3o mais vistosas, melhorias\u00a0no tr\u00e2nsito e nas cal\u00e7adas que, nas esquinas ter\u00e3o piso de porcelanato amadeirado. O projeto ser\u00e1 desenvolvido no espa\u00e7o compreendido entre as ruas Miguel Sime\u00e3o e Galdino Gluck, onde est\u00e3o instaladas cerca de 150 empresas.<\/p>\n<p>De acordo com Junior da Femac, o programa \u00e9 desenvolvido h\u00e1 13 anos pelo Sebrae e a Fecom\u00e9rcio. \u201cO programa foi paralisado em 2019, por conta da pandemia e tamb\u00e9m para a implanta\u00e7\u00e3o de uma nova metodologia e atualiza\u00e7\u00e3o, refor\u00e7ando o conceito de rua inteligente\u201d, informa Junior da Femac.<\/p>\n<p>O prefeito lembra que o Munic\u00edpio j\u00e1 fez interven\u00e7\u00f5es em outras vias, como na Rua Oswaldo Cruz que, ao longo do tempo, naturalmente se transformou numa via gastron\u00f4mica. \u201cInstalamos ao longo da via 194 postes republicanos, o que garantiu uma ilumina\u00e7\u00e3o diferenciada e um novo impacto visual\u201d, exemplifica.<\/p>\n<p>O presidente da Fecom\u00e9rcio,\u00a0Darci Piana, destacou as parcerias que viabilizam o projeto. &#8220;A Prefeitura de Apucarana abra\u00e7ou esse projeto desde o in\u00edcio. A Rua Ponta Grossa \u00e9 uma rua que vem desde a forma\u00e7\u00e3o da cidade e que ficou antiquada, envelheceu, por isso ser\u00e1 revitalizada&#8221;, pontuou Piana.<\/p>\n<p>O vice-governador do Paran\u00e1 destacou que as melhorias n\u00e3o ser\u00e3o apenas f\u00edsica. Sebrae e Senac ir\u00e3o atuar na capacita\u00e7\u00e3o e treinamento de empres\u00e1rios e tamb\u00e9m vendedores. &#8220;N\u00e3o \u00e9 apenas uma melhoria da rua, mas de gest\u00e3o, de melhoria de atendimento, de novas formas de tocar o neg\u00f3cio&#8221;, comenta.<\/p>\n<p>Ainda durante a apresenta\u00e7\u00e3o do projeto, o secret\u00e1rio de estado da sa\u00fade &#8211; rec\u00e9m-eleito deputado federal -, Beto Preto, por meio de uma mensagem de v\u00eddeo saudou os comerciantes e autoridades. Beto Preto disse que a revitaliza\u00e7\u00e3o da Rua Ponta Grossa \u00e9 um projeto trabalhado h\u00e1 algum tempo e agora est\u00e1 prestes a ser consolidado, na gest\u00e3o do prefeito Junior da Femac, numa excelente parceria com a Fecom\u00e9rcio, Sebrae e o Sivana.<\/p>\n<p>A empres\u00e1ria A\u00edda Assun\u00e7\u00e3o avaliou que o programa envolve tamb\u00e9m uma identifica\u00e7\u00e3o dos empres\u00e1rios com essa proposta. Por isso a import\u00e2ncia da realiza\u00e7\u00e3o da apresenta\u00e7\u00e3o do projeto. \u201cAl\u00e9m de informar, a finalidade em promover esse encontro \u00e9 envolver os comerciantes nesse projeto, porque s\u00e3o eles os grandes respons\u00e1veis, ao final das contas, em dar vida a essa id\u00e9ia\u201d, ressaltou A\u00edda.<\/p>\n<p>O ponto inicial do processo de revitaliza\u00e7\u00e3o foi a elabora\u00e7\u00e3o de um diagn\u00f3stico pelo Sebrae, que norteou o projeto a ser executado. O estudo apresenta um indicativo de a\u00e7\u00f5es, tais como melhorias nas cal\u00e7adas, ilumina\u00e7\u00e3o, mobili\u00e1rio urbano, sinaliza\u00e7\u00e3o, identidade visual e melhorias nas fachadas. O programa tem um investimento previsto de R$ 2,3 milh\u00f5es. A proposta \u00e9 iniciar as melhorias e ajustes no in\u00edcio de 2023.<\/p>\n<p>&nbsp;<\/p>\n","protected":false},"excerpt":{"rendered":"<p>A partir do segundo semestre de 2023, a tradicional rua comercial de Apucarana, aberta no ano de 1936, pela Companhia de Terras Norte do Paran&aacute;, ganhar&aacute; um visual moderno, dentro do conceito de &ldquo;shopping a c&eacute;u aberto&rdquo;. O foco &eacute; tornar o ambiente mais agrad&aacute;vel e mais atrativo para lazer e compras. O Projeto foi [&hellip;]<\/p>\n","protected":false},"author":7,"featured_media":75099,"comment_status":"closed","ping_status":"closed","sticky":false,"template":"","format":"standard","meta":{"footnotes":""},"categories":[24],"tags":[],"class_list":["post-75095","post","type-post","status-publish","format-standard","has-post-thumbnail","hentry","category-noticias"],"acf":[],"_links":{"self":[{"href":"http:\/\/www.apucarana.pr.gov.br\/site\/wp-json\/wp\/v2\/posts\/75095","targetHints":{"allow":["GET"]}}],"collection":[{"href":"http:\/\/www.apucarana.pr.gov.br\/site\/wp-json\/wp\/v2\/posts"}],"about":[{"href":"http:\/\/www.apucarana.pr.gov.br\/site\/wp-json\/wp\/v2\/types\/post"}],"author":[{"embeddable":true,"href":"http:\/\/www.apucarana.pr.gov.br\/site\/wp-json\/wp\/v2\/users\/7"}],"replies":[{"embeddable":true,"href":"http:\/\/www.apucarana.pr.gov.br\/site\/wp-json\/wp\/v2\/comments?post=75095"}],"version-history":[{"count":1,"href":"http:\/\/www.apucarana.pr.gov.br\/site\/wp-json\/wp\/v2\/posts\/75095\/revisions"}],"predecessor-version":[{"id":75103,"href":"http:\/\/www.apucarana.pr.gov.br\/site\/wp-json\/wp\/v2\/posts\/75095\/revisions\/75103"}],"wp:featuredmedia":[{"embeddable":true,"href":"http:\/\/www.apucarana.pr.gov.br\/site\/wp-json\/wp\/v2\/media\/75099"}],"wp:attachment":[{"href":"http:\/\/www.apucarana.pr.gov.br\/site\/wp-json\/wp\/v2\/media?parent=75095"}],"wp:term":[{"taxonomy":"category","embeddable":true,"href":"http:\/\/www.apucarana.pr.gov.br\/site\/wp-json\/wp\/v2\/categories?post=75095"},{"taxonomy":"post_tag","embeddable":true,"href":"http:\/\/www.apucarana.pr.gov.br\/site\/wp-json\/wp\/v2\/tags?post=75095"}],"curies":[{"name":"wp","href":"https:\/\/api.w.org\/{rel}","templated":true}]}}