{"id":73570,"date":"2022-10-26T19:57:29","date_gmt":"2022-10-26T22:57:29","guid":{"rendered":"http:\/\/www.apucarana.pr.gov.br\/site\/?p=73570"},"modified":"2024-10-08T09:28:46","modified_gmt":"2024-10-08T12:28:46","slug":"apucarana-sediara-evento-estadual-com-foco-em-tecnologia-e-inovacao","status":"publish","type":"post","link":"http:\/\/www.apucarana.pr.gov.br\/site\/apucarana-sediara-evento-estadual-com-foco-em-tecnologia-e-inovacao\/","title":{"rendered":"Apucarana sediar\u00e1 evento estadual com foco em tecnologia e inova\u00e7\u00e3o"},"content":{"rendered":"\n\t\t<!-- MasterSlider -->\n\t\t<div id=\"P_MS69f2080c2205a\" class=\"master-slider-parent master-slider-gallery   ms-parent-id-0\" style=\"\" >\n\n\t\t\t\n\t\t\t<!-- MasterSlider Main -->\n\t\t\t<div id=\"MS69f2080c2205a\" class=\"master-slider ms-skin-default\" >\n\t\t\t\t \t\t\t\t \n\t\t\t<div  class=\"ms-slide\" data-delay=\"3\"    >\n\t\t\t\t\t<img decoding=\"async\" src=\"http:\/\/www.apucarana.pr.gov.br\/site\/wp-content\/plugins\/masterslider\/public\/assets\/css\/blank.gif\" alt=\"CONECTA FUTURO 30\" title=\"CONECTA FUTURO 30\" data-src=\"http:\/\/www.apucarana.pr.gov.br\/site\/wp-content\/uploads\/2022\/10\/CONECTA-FUTURO-30-1024x1024.jpg\" \/>\n\t<a href=\"http:\/\/www.apucarana.pr.gov.br\/site\/wp-content\/uploads\/2022\/10\/CONECTA-FUTURO-30-1024x1024.jpg\" target=\"_self\"    >CONECTA FUTURO 30<\/a>\n\n\n\t<img decoding=\"async\" class=\"ms-thumb\" src=\"http:\/\/www.apucarana.pr.gov.br\/site\/wp-content\/uploads\/2022\/10\/CONECTA-FUTURO-30-1024x1024-140x80.jpg\" alt=\"CONECTA FUTURO 30\" \/>\n\t\t\t\t<\/div>\n\n\t\t\t<\/div>\n\t\t\t<!-- END MasterSlider Main -->\n\n\t\t\t \n\t\t<\/div>\n\t\t<!-- END MasterSlider -->\n\n\t\t<script>\n\t\t( window.MSReady = window.MSReady || [] ).push( function( $ ) {\n\n\t\t\t\"use strict\";\n\t\t\tvar masterslider_205a = new MasterSlider();\n\n\t\t\t\/\/ slider controls\n\t\t\tmasterslider_205a.control('arrows'     ,{ autohide:true, overVideo:true  });\n\t\t\tmasterslider_205a.control('thumblist'  ,{ autohide:false, overVideo:true, dir:'h', speed:17, inset:false, arrows:false, hover:false, customClass:'', align:'bottom',type:'thumbs', margin:2, width:140, height:80, space:2, fillMode:'fill'  });\n\t\t\t\/\/ slider setup\n\t\t\tmasterslider_205a.setup(\"MS69f2080c2205a\", {\n\t\t\t\twidth           : 960,\n\t\t\t\theight          : 540,\n\t\t\t\tminHeight       : 0,\n\t\t\t\tspace           : 0,\n\t\t\t\tstart           : 1,\n\t\t\t\tgrabCursor      : true,\n\t\t\t\tswipe           : true,\n\t\t\t\tmouse           : true,\n\t\t\t\tkeyboard        : false,\n\t\t\t\tlayout          : \"fillwidth\",\n\t\t\t\twheel           : false,\n\t\t\t\tautoplay        : true,\n                instantStartLayers:false,\n\t\t\t\tmobileBGVideo:false,\n\t\t\t\tloop            : true,\n\t\t\t\tshuffle         : false,\n\t\t\t\tpreload         : 3,\n\t\t\t\theightLimit     : false,\n\t\t\t\tautoHeight      : false,\n\t\t\t\tsmoothHeight    : true,\n\t\t\t\tendPause        : false,\n\t\t\t\toverPause       : false,\n\t\t\t\tfillMode        : \"fill\",\n\t\t\t\tcenterControls  : true,\n\t\t\t\tstartOnAppear   : false,\n\t\t\t\tlayersMode      : \"center\",\n\t\t\t\tautofillTarget  : \"\",\n\t\t\t\thideLayers      : false,\n\t\t\t\tfullscreenMargin: 0,\n\t\t\t\tspeed           : 17,\n\t\t\t\tdir             : \"h\",\n\t\t\t\tresponsive      : true,\n\t\t\t\ttabletWidth     : 768,\n\t\t\t\ttabletHeight    : null,\n\t\t\t\tphoneWidth      : 480,\n\t\t\t\tphoneHeight    : null,\n\t\t\t\tsizingReference : window,\n\t\t\t\tparallaxMode    : 'swipe',\n\t\t\t\tview            : \"basic\"\n\t\t\t});\n\n\t\t\t\n\t\t\twindow.masterslider_instances = window.masterslider_instances || [];\n\t\t\twindow.masterslider_instances.push( masterslider_205a );\n\t\t});\n\t\t<\/script>\n\n\n<p style=\"font-weight: 400\">\u201cApucarana ir\u00e1 sediar no dia 16 de novembro, na Associa\u00e7\u00e3o Cultural e Esportiva de Apucarana (ACEA), um dos maiores eventos de tecnologia e inova\u00e7\u00e3o do Paran\u00e1\u201d. Quem anuncia \u00e9 o prefeito Junior da Femac, que recebeu nesta quarta-feira (26) a visita do presidente da Associa\u00e7\u00e3o Comercial, Industrial e de Servi\u00e7os de Apucarana (Acia), Wanderlei Faganello; e do consultor do Sebrae, Tiago Cunha, no lan\u00e7amento do \u201cVoc\u00ea Conectado ao Futuro\u201d.<\/p>\n<p style=\"font-weight: 400\">Conforme explica Faganello, o foco do evento \u00e9 repassar conhecimento sobre inova\u00e7\u00e3o e tecnologia, de forma gratuita, para estudantes e empres\u00e1rios de Apucarana e outras cidades da regi\u00e3o e de todo Paran\u00e1. \u201cTemos a expectativa de participa\u00e7\u00e3o de ao menos mil pessoas, com interesse em aprender e se informar mais nesta \u00e1rea que agrega significativo valor no mercado de trabalho\u201d, assinala o presidente da Acia.<\/p>\n<p style=\"font-weight: 400\">O evento j\u00e1 havia sido realizado duas vezes, no ano de 2019, quando teve cerca de seiscentos participantes presenciais, e em 2021, quando foi realizado no formato online, devido \u00e0 pandemia. O \u201cVoc\u00ea Conectado ao Futuro \u00e9 promovido pela Acia, Sebrae e Prefeitura de Apucarana; com o apoio da UTFPR, FAP, Unespar, Senai, Sicoob e Col\u00e9gio Cer\u00e1volo.<\/p>\n<p style=\"font-weight: 400\">\u201cEsta terceira edi\u00e7\u00e3o ser\u00e1 gratuita e ter\u00e1 palestrantes de renome nacional, que participam em eventos somente em grandes capitais. Estamos trazendo para Apucarana uma oportunidade \u00edmpar para todos os profissionais que atuam nesta \u00e1rea ou t\u00eam inten\u00e7\u00e3o de aprender par ingressar\u201d, destaca Wanderlei Faganello.<\/p>\n<p style=\"font-weight: 400\">O prefeito de Apucarana, Junior da Femac, enaltece a import\u00e2ncia do evento para o munic\u00edpio, citando a\u00a0presen\u00e7a de palestrantes de renome nacional neste segmento, tais como Gil Jardelli e Luiz Lob\u00e3o.<\/p>\n<p style=\"font-weight: 400\">\u00a0\u201cA Prefeitura, o Conecta e o Sebrae buscam promover a cultura da tecnologia e inova\u00e7\u00e3o, visando despertar o interesse de empres\u00e1rios e de universit\u00e1rios. Queremos mais profissionais e trazer empresas n\u00e3o poluentes para Apucarana, com alto valor agregado na m\u00e3o de obra, servi\u00e7os e produtos\u201d, argumenta o prefeito.<\/p>\n<p style=\"font-weight: 400\">O consultor do Sebrae, Tiago Cunha, diz que o evento ter\u00e1 um dia todo de imers\u00e3o, dividido em dois ambientes. \u201cTeremos um ciclo de palestras num pavimento da ACEA. E, em outro ambiente, acontecer\u00e1 o Game Show, uma esp\u00e9cie de campeonato de jogos interativos com os presentes; al\u00e9m da apresenta\u00e7\u00e3o de Startups de Apucarana e da regi\u00e3o apresentando seus cases de sucesso\u201d, revela Tiago Cunha.<\/p>\n<p style=\"font-weight: 400\">O consultor do Sebrae diz que est\u00e3o sendo esperadas caravanas de v\u00e1rias cidades. \u201cComo o evento \u00e9 gratuito, temos uma expectativa muito positiva de p\u00fablico, por isso \u00e9 importante que os interessados providenciem logo suas inscri\u00e7\u00f5es, considerando que as vagas s\u00e3o limitadas\u201d, alerta Cunha.<\/p>\n<h2>Game show<\/h2>\n<p style=\"font-weight: 400\">Um dos diferenciais desta edi\u00e7\u00e3o do \u201cVoc\u00ea Conectado ao Futuro \u00e9 o Game Show\u201d. Uma empresa de S\u00e3o Paulo, especializada na organiza\u00e7\u00e3o desta atividade, foi contratada para realizar o Game Show. \u201cTrata-se da parte l\u00fadica entre os presentes, que tem por objetivo despertar ainda mais o interesse dos jovens para a programa\u00e7\u00e3o, desenvolvimento de softwares e hardwares\u201d, informa Faganello.<\/p>\n<p style=\"font-weight: 400\">As inscri\u00e7\u00f5es podem ser feitas, via QR Code, no seguinte endere\u00e7o eletr\u00f4nico \u00a0<a href=\"https:\/\/www.sympla.com.br\/voce-conectado-ao-futuro__1769393\" data-saferedirecturl=\"https:\/\/www.google.com\/url?q=https:\/\/www.sympla.com.br\/voce-conectado-ao-futuro__1769393&amp;source=gmail&amp;ust=1666911194996000&amp;usg=AOvVaw20BgeaP7pFQtZPV23UNPDi\">https:\/\/www.sympla.com.br\/voce-conectado-ao-futuro__1769393<\/a><strong>\u00a0<\/strong><\/p>\n","protected":false},"excerpt":{"rendered":"<p>&ldquo;Apucarana ir&aacute; sediar no dia 16 de novembro, na Associa&ccedil;&atilde;o Cultural e Esportiva de Apucarana (ACEA), um dos maiores eventos de tecnologia e inova&ccedil;&atilde;o do Paran&aacute;&rdquo;. Quem anuncia &eacute; o prefeito Junior da Femac, que recebeu nesta quarta-feira (26) a visita do presidente da Associa&ccedil;&atilde;o Comercial, Industrial e de Servi&ccedil;os de Apucarana (Acia), Wanderlei Faganello; [&hellip;]<\/p>\n","protected":false},"author":7,"featured_media":73571,"comment_status":"closed","ping_status":"closed","sticky":false,"template":"","format":"standard","meta":{"footnotes":""},"categories":[24],"tags":[],"class_list":["post-73570","post","type-post","status-publish","format-standard","has-post-thumbnail","hentry","category-noticias"],"acf":[],"_links":{"self":[{"href":"http:\/\/www.apucarana.pr.gov.br\/site\/wp-json\/wp\/v2\/posts\/73570","targetHints":{"allow":["GET"]}}],"collection":[{"href":"http:\/\/www.apucarana.pr.gov.br\/site\/wp-json\/wp\/v2\/posts"}],"about":[{"href":"http:\/\/www.apucarana.pr.gov.br\/site\/wp-json\/wp\/v2\/types\/post"}],"author":[{"embeddable":true,"href":"http:\/\/www.apucarana.pr.gov.br\/site\/wp-json\/wp\/v2\/users\/7"}],"replies":[{"embeddable":true,"href":"http:\/\/www.apucarana.pr.gov.br\/site\/wp-json\/wp\/v2\/comments?post=73570"}],"version-history":[{"count":1,"href":"http:\/\/www.apucarana.pr.gov.br\/site\/wp-json\/wp\/v2\/posts\/73570\/revisions"}],"predecessor-version":[{"id":73572,"href":"http:\/\/www.apucarana.pr.gov.br\/site\/wp-json\/wp\/v2\/posts\/73570\/revisions\/73572"}],"wp:featuredmedia":[{"embeddable":true,"href":"http:\/\/www.apucarana.pr.gov.br\/site\/wp-json\/wp\/v2\/media\/73571"}],"wp:attachment":[{"href":"http:\/\/www.apucarana.pr.gov.br\/site\/wp-json\/wp\/v2\/media?parent=73570"}],"wp:term":[{"taxonomy":"category","embeddable":true,"href":"http:\/\/www.apucarana.pr.gov.br\/site\/wp-json\/wp\/v2\/categories?post=73570"},{"taxonomy":"post_tag","embeddable":true,"href":"http:\/\/www.apucarana.pr.gov.br\/site\/wp-json\/wp\/v2\/tags?post=73570"}],"curies":[{"name":"wp","href":"https:\/\/api.w.org\/{rel}","templated":true}]}}