{"id":72267,"date":"2022-09-27T13:43:17","date_gmt":"2022-09-27T16:43:17","guid":{"rendered":"http:\/\/www.apucarana.pr.gov.br\/site\/?p=72267"},"modified":"2024-10-08T09:27:55","modified_gmt":"2024-10-08T12:27:55","slug":"equipe-de-voleibol-de-apucarana-se-mantem-em-4o-lugar-na-liga-do-vale-do-ivai","status":"publish","type":"post","link":"http:\/\/www.apucarana.pr.gov.br\/site\/equipe-de-voleibol-de-apucarana-se-mantem-em-4o-lugar-na-liga-do-vale-do-ivai\/","title":{"rendered":"Equipe de voleibol de Apucarana se mant\u00e9m em 4\u00ba lugar na Liga do Vale do Iva\u00ed"},"content":{"rendered":"\n\t\t<!-- MasterSlider -->\n\t\t<div id=\"P_MS69ef9ad724cfb\" class=\"master-slider-parent master-slider-gallery   ms-parent-id-0\" style=\"\" >\n\n\t\t\t\n\t\t\t<!-- MasterSlider Main -->\n\t\t\t<div id=\"MS69ef9ad724cfb\" class=\"master-slider ms-skin-default\" >\n\t\t\t\t \t\t\t\t \n\t\t\t<div  class=\"ms-slide\" data-delay=\"3\"    >\n\t\t\t\t\t<img decoding=\"async\" src=\"http:\/\/www.apucarana.pr.gov.br\/site\/wp-content\/plugins\/masterslider\/public\/assets\/css\/blank.gif\" alt=\"WhatsApp Image 2022-09-27 at 13.34.52\" title=\"WhatsApp Image 2022-09-27 at 13.34.52\" data-src=\"http:\/\/www.apucarana.pr.gov.br\/site\/wp-content\/uploads\/2022\/09\/WhatsApp-Image-2022-09-27-at-13.34.52-1-1024x575.jpeg\" \/>\n\t<a href=\"http:\/\/www.apucarana.pr.gov.br\/site\/wp-content\/uploads\/2022\/09\/WhatsApp-Image-2022-09-27-at-13.34.52-1-1024x575.jpeg\" target=\"_self\"    >WhatsApp Image 2022-09-27 at 13.34.52<\/a>\n\n\n\t<img decoding=\"async\" class=\"ms-thumb\" src=\"http:\/\/www.apucarana.pr.gov.br\/site\/wp-content\/uploads\/2022\/09\/WhatsApp-Image-2022-09-27-at-13.34.52-1-1024x575-140x80.jpeg\" alt=\"WhatsApp Image 2022-09-27 at 13.34.52\" \/>\n\t\t\t\t<\/div>\n\t\t\t<div  class=\"ms-slide\" data-delay=\"3\"    >\n\t\t\t\t\t<img decoding=\"async\" src=\"http:\/\/www.apucarana.pr.gov.br\/site\/wp-content\/plugins\/masterslider\/public\/assets\/css\/blank.gif\" alt=\"WhatsApp Image 2022-09-27 at 13.34.52 (1)\" title=\"WhatsApp Image 2022-09-27 at 13.34.52 (1)\" data-src=\"http:\/\/www.apucarana.pr.gov.br\/site\/wp-content\/uploads\/2022\/09\/WhatsApp-Image-2022-09-27-at-13.34.52-1-1-1024x570.jpeg\" \/>\n\t<a href=\"http:\/\/www.apucarana.pr.gov.br\/site\/wp-content\/uploads\/2022\/09\/WhatsApp-Image-2022-09-27-at-13.34.52-1-1-1024x570.jpeg\" target=\"_self\"    >WhatsApp Image 2022-09-27 at 13.34.52 (1)<\/a>\n\n\n\t<img decoding=\"async\" class=\"ms-thumb\" src=\"http:\/\/www.apucarana.pr.gov.br\/site\/wp-content\/uploads\/2022\/09\/WhatsApp-Image-2022-09-27-at-13.34.52-1-1-1024x570-140x80.jpeg\" alt=\"WhatsApp Image 2022-09-27 at 13.34.52 (1)\" \/>\n\t\t\t\t<\/div>\n\t\t\t<div  class=\"ms-slide\" data-delay=\"3\"    >\n\t\t\t\t\t<img decoding=\"async\" src=\"http:\/\/www.apucarana.pr.gov.br\/site\/wp-content\/plugins\/masterslider\/public\/assets\/css\/blank.gif\" alt=\"WhatsApp Image 2022-09-27 at 13.34.52 (2)\" title=\"WhatsApp Image 2022-09-27 at 13.34.52 (2)\" data-src=\"http:\/\/www.apucarana.pr.gov.br\/site\/wp-content\/uploads\/2022\/09\/WhatsApp-Image-2022-09-27-at-13.34.52-2-1024x508.jpeg\" \/>\n\t<a href=\"http:\/\/www.apucarana.pr.gov.br\/site\/wp-content\/uploads\/2022\/09\/WhatsApp-Image-2022-09-27-at-13.34.52-2-1024x508.jpeg\" target=\"_self\"    >WhatsApp Image 2022-09-27 at 13.34.52 (2)<\/a>\n\n\n\t<img decoding=\"async\" class=\"ms-thumb\" src=\"http:\/\/www.apucarana.pr.gov.br\/site\/wp-content\/uploads\/2022\/09\/WhatsApp-Image-2022-09-27-at-13.34.52-2-1024x508-140x80.jpeg\" alt=\"WhatsApp Image 2022-09-27 at 13.34.52 (2)\" \/>\n\t\t\t\t<\/div>\n\n\t\t\t<\/div>\n\t\t\t<!-- END MasterSlider Main -->\n\n\t\t\t \n\t\t<\/div>\n\t\t<!-- END MasterSlider -->\n\n\t\t<script>\n\t\t( window.MSReady = window.MSReady || [] ).push( function( $ ) {\n\n\t\t\t\"use strict\";\n\t\t\tvar masterslider_4cfb = new MasterSlider();\n\n\t\t\t\/\/ slider controls\n\t\t\tmasterslider_4cfb.control('arrows'     ,{ autohide:true, overVideo:true  });\n\t\t\tmasterslider_4cfb.control('thumblist'  ,{ autohide:false, overVideo:true, dir:'h', speed:17, inset:false, arrows:false, hover:false, customClass:'', align:'bottom',type:'thumbs', margin:2, width:140, height:80, space:2, fillMode:'fill'  });\n\t\t\t\/\/ slider setup\n\t\t\tmasterslider_4cfb.setup(\"MS69ef9ad724cfb\", {\n\t\t\t\twidth           : 960,\n\t\t\t\theight          : 540,\n\t\t\t\tminHeight       : 0,\n\t\t\t\tspace           : 0,\n\t\t\t\tstart           : 1,\n\t\t\t\tgrabCursor      : true,\n\t\t\t\tswipe           : true,\n\t\t\t\tmouse           : true,\n\t\t\t\tkeyboard        : false,\n\t\t\t\tlayout          : \"fillwidth\",\n\t\t\t\twheel           : false,\n\t\t\t\tautoplay        : true,\n                instantStartLayers:false,\n\t\t\t\tmobileBGVideo:false,\n\t\t\t\tloop            : true,\n\t\t\t\tshuffle         : false,\n\t\t\t\tpreload         : 3,\n\t\t\t\theightLimit     : false,\n\t\t\t\tautoHeight      : false,\n\t\t\t\tsmoothHeight    : true,\n\t\t\t\tendPause        : false,\n\t\t\t\toverPause       : false,\n\t\t\t\tfillMode        : \"fill\",\n\t\t\t\tcenterControls  : true,\n\t\t\t\tstartOnAppear   : false,\n\t\t\t\tlayersMode      : \"center\",\n\t\t\t\tautofillTarget  : \"\",\n\t\t\t\thideLayers      : false,\n\t\t\t\tfullscreenMargin: 0,\n\t\t\t\tspeed           : 17,\n\t\t\t\tdir             : \"h\",\n\t\t\t\tresponsive      : true,\n\t\t\t\ttabletWidth     : 768,\n\t\t\t\ttabletHeight    : null,\n\t\t\t\tphoneWidth      : 480,\n\t\t\t\tphoneHeight    : null,\n\t\t\t\tsizingReference : window,\n\t\t\t\tparallaxMode    : 'swipe',\n\t\t\t\tview            : \"basic\"\n\t\t\t});\n\n\t\t\t\n\t\t\twindow.masterslider_instances = window.masterslider_instances || [];\n\t\t\twindow.masterslider_instances.push( masterslider_4cfb );\n\t\t});\n\t\t<\/script>\n\n\n<p>A equipe adulta masculina de voleibol de Apucarana se manteve na quarta coloca\u00e7\u00e3o ap\u00f3s a disputa da terceira etapa da Liga do Vale do Iva\u00ed, desenvolvida nesse final de semana no Gin\u00e1sio de Esportes Alceb\u00edades Alves, em Ivaipor\u00e3. O time do t\u00e9cnico Lucas Paparazzo, que soma 43 pontos ganhos, realizou tr\u00eas jogos nessa etapa obtendo uma vit\u00f3ria e sofrendo duas derrotas.<\/p>\n<p>\u201cDisputamos mais uma etapa da liga que vem servindo de prepara\u00e7\u00e3o para os Jogos Abertos do Vale do Iva\u00ed e para os Jogos Abertos do Paran\u00e1, competi\u00e7\u00f5es que est\u00e3o pr\u00f3ximas e exigir\u00e3o muito da nossa equipe. Agradecemos ao prefeito Junior da Femac pelo apoio que vem nos dando durante toda a temporada\u201d, destaca Paparazzo.<\/p>\n<p>A 33\u00aa edi\u00e7\u00e3o dos Jogos Abertos do Vale do Iva\u00ed (JAVI\u00b4s) ser\u00e1 disputada de 21 a 29 de outubro em Jardim Alegre, enquanto os 64\u00ba Jogos Abertos do Paran\u00e1 acontecer\u00e3o no m\u00eas de novembro em Apucarana.<\/p>\n<p>Na abertura da terceira etapa, o time apucaranense perdeu por 2 sets a 0 para a Associa\u00e7\u00e3o Desportiva Ivaipor\u00e3 (ADI). Em seguida, a equipe de Apucarana venceu a Prefeitura de Ivaipor\u00e3 por 2 sets a 0, enquanto no fechamento da competi\u00e7\u00e3o os meninos da \u201cCidade Alta\u201d foram derrotados por 2 sets a 1 para o time de Itamb\u00e9.<\/p>\n<p>Durante a realiza\u00e7\u00e3o da terceira etapa, Apucarana contou com os atletas Adalberto Teixeira, Anderson Crizol, Andrey Fernandes, Bruno Machado, Gabriel Piassa, Henrique Alves, Jo\u00e3o Luiz, Jos\u00e9 Cid, Jean Sanchez, Luan Silv\u00e9rio, Marcos Vin\u00edcius, Miguel Gil, Murilo Rafael, Paulo Henrique, Renan Bovo e Vin\u00edcius Costa.<\/p>\n<p>A classifica\u00e7\u00e3o da Liga de Voleibol do Vale do Iva\u00ed est\u00e1 assim depois de tr\u00eas etapas: 1\u00ba) Marialva\/Iva\u00ed Telecom com 58 pontos; 2\u00ba) ADI com 55; 3\u00ba) Itamb\u00e9 51; 4\u00ba) Apucarana 43; 5\u00ba) UPV\/Londrina 43; 6\u00ba) Pitanga 40; 7\u00ba) Mandaguari 38; 8\u00ba) Prefeitura de Ivaipor\u00e3 36; 9\u00ba) C\u00e2ndido de Abreu 34; 10\u00ba) UPA\/Santa Maria do Oeste 28; e 11\u00ba) Araruna e Arapongas com 0.<\/p>\n<p>A quarta e \u00faltima etapa da competi\u00e7\u00e3o regional acontecer\u00e1 nos dias 15 e 16 de outubro tamb\u00e9m no Gin\u00e1sio de Esportes Alceb\u00edades Alves.<\/p>\n<p><strong>\u00a0<\/strong><\/p>\n","protected":false},"excerpt":{"rendered":"<p>A equipe adulta masculina de voleibol de Apucarana se manteve na quarta coloca&ccedil;&atilde;o ap&oacute;s a disputa da terceira etapa da Liga do Vale do Iva&iacute;, desenvolvida nesse final de semana no Gin&aacute;sio de Esportes Alceb&iacute;ades Alves, em Ivaipor&atilde;. O time do t&eacute;cnico Lucas Paparazzo, que soma 43 pontos ganhos, realizou tr&ecirc;s jogos nessa etapa obtendo [&hellip;]<\/p>\n","protected":false},"author":12,"featured_media":72269,"comment_status":"closed","ping_status":"closed","sticky":false,"template":"","format":"standard","meta":{"footnotes":""},"categories":[24],"tags":[],"class_list":["post-72267","post","type-post","status-publish","format-standard","has-post-thumbnail","hentry","category-noticias"],"acf":[],"_links":{"self":[{"href":"http:\/\/www.apucarana.pr.gov.br\/site\/wp-json\/wp\/v2\/posts\/72267","targetHints":{"allow":["GET"]}}],"collection":[{"href":"http:\/\/www.apucarana.pr.gov.br\/site\/wp-json\/wp\/v2\/posts"}],"about":[{"href":"http:\/\/www.apucarana.pr.gov.br\/site\/wp-json\/wp\/v2\/types\/post"}],"author":[{"embeddable":true,"href":"http:\/\/www.apucarana.pr.gov.br\/site\/wp-json\/wp\/v2\/users\/12"}],"replies":[{"embeddable":true,"href":"http:\/\/www.apucarana.pr.gov.br\/site\/wp-json\/wp\/v2\/comments?post=72267"}],"version-history":[{"count":1,"href":"http:\/\/www.apucarana.pr.gov.br\/site\/wp-json\/wp\/v2\/posts\/72267\/revisions"}],"predecessor-version":[{"id":72273,"href":"http:\/\/www.apucarana.pr.gov.br\/site\/wp-json\/wp\/v2\/posts\/72267\/revisions\/72273"}],"wp:featuredmedia":[{"embeddable":true,"href":"http:\/\/www.apucarana.pr.gov.br\/site\/wp-json\/wp\/v2\/media\/72269"}],"wp:attachment":[{"href":"http:\/\/www.apucarana.pr.gov.br\/site\/wp-json\/wp\/v2\/media?parent=72267"}],"wp:term":[{"taxonomy":"category","embeddable":true,"href":"http:\/\/www.apucarana.pr.gov.br\/site\/wp-json\/wp\/v2\/categories?post=72267"},{"taxonomy":"post_tag","embeddable":true,"href":"http:\/\/www.apucarana.pr.gov.br\/site\/wp-json\/wp\/v2\/tags?post=72267"}],"curies":[{"name":"wp","href":"https:\/\/api.w.org\/{rel}","templated":true}]}}