{"id":72084,"date":"2022-09-22T17:31:05","date_gmt":"2022-09-22T20:31:05","guid":{"rendered":"http:\/\/www.apucarana.pr.gov.br\/site\/?p=72084"},"modified":"2024-10-08T09:27:57","modified_gmt":"2024-10-08T12:27:57","slug":"simposio-estadual-reune-comunidade-contabil-em-apucarana","status":"publish","type":"post","link":"http:\/\/www.apucarana.pr.gov.br\/site\/simposio-estadual-reune-comunidade-contabil-em-apucarana\/","title":{"rendered":"Simp\u00f3sio estadual re\u00fane comunidade cont\u00e1bil em Apucarana"},"content":{"rendered":"\n\t\t<!-- MasterSlider -->\n\t\t<div id=\"P_MS69f4eb2d079ad\" class=\"master-slider-parent master-slider-gallery   ms-parent-id-0\" style=\"\" >\n\n\t\t\t\n\t\t\t<!-- MasterSlider Main -->\n\t\t\t<div id=\"MS69f4eb2d079ad\" class=\"master-slider ms-skin-default\" >\n\t\t\t\t \t\t\t\t \n\t\t\t<div  class=\"ms-slide\" data-delay=\"3\"    >\n\t\t\t\t\t<img decoding=\"async\" src=\"http:\/\/www.apucarana.pr.gov.br\/site\/wp-content\/plugins\/masterslider\/public\/assets\/css\/blank.gif\" alt=\"WhatsApp Image 2022-09-22 at 17.23.32(3)\" title=\"WhatsApp Image 2022-09-22 at 17.23.32(3)\" data-src=\"http:\/\/www.apucarana.pr.gov.br\/site\/wp-content\/uploads\/2022\/09\/WhatsApp-Image-2022-09-22-at-17.23.323-1024x576.jpeg\" \/>\n\t<a href=\"http:\/\/www.apucarana.pr.gov.br\/site\/wp-content\/uploads\/2022\/09\/WhatsApp-Image-2022-09-22-at-17.23.323-1024x576.jpeg\" target=\"_self\"    >WhatsApp Image 2022-09-22 at 17.23.32(3)<\/a>\n\n\n\t<img decoding=\"async\" class=\"ms-thumb\" src=\"http:\/\/www.apucarana.pr.gov.br\/site\/wp-content\/uploads\/2022\/09\/WhatsApp-Image-2022-09-22-at-17.23.323-1024x576-140x80.jpeg\" alt=\"WhatsApp Image 2022-09-22 at 17.23.32(3)\" \/>\n\t\t\t\t<\/div>\n\t\t\t<div  class=\"ms-slide\" data-delay=\"3\"    >\n\t\t\t\t\t<img decoding=\"async\" src=\"http:\/\/www.apucarana.pr.gov.br\/site\/wp-content\/plugins\/masterslider\/public\/assets\/css\/blank.gif\" alt=\"WhatsApp Image 2022-09-22 at 17.23.32(2)\" title=\"WhatsApp Image 2022-09-22 at 17.23.32(2)\" data-src=\"http:\/\/www.apucarana.pr.gov.br\/site\/wp-content\/uploads\/2022\/09\/WhatsApp-Image-2022-09-22-at-17.23.322-1024x576.jpeg\" \/>\n\t<a href=\"http:\/\/www.apucarana.pr.gov.br\/site\/wp-content\/uploads\/2022\/09\/WhatsApp-Image-2022-09-22-at-17.23.322-1024x576.jpeg\" target=\"_self\"    >WhatsApp Image 2022-09-22 at 17.23.32(2)<\/a>\n\n\n\t<img decoding=\"async\" class=\"ms-thumb\" src=\"http:\/\/www.apucarana.pr.gov.br\/site\/wp-content\/uploads\/2022\/09\/WhatsApp-Image-2022-09-22-at-17.23.322-1024x576-140x80.jpeg\" alt=\"WhatsApp Image 2022-09-22 at 17.23.32(2)\" \/>\n\t\t\t\t<\/div>\n\t\t\t<div  class=\"ms-slide\" data-delay=\"3\"    >\n\t\t\t\t\t<img decoding=\"async\" src=\"http:\/\/www.apucarana.pr.gov.br\/site\/wp-content\/plugins\/masterslider\/public\/assets\/css\/blank.gif\" alt=\"WhatsApp Image 2022-09-22 at 17.23.32(1)\" title=\"WhatsApp Image 2022-09-22 at 17.23.32(1)\" data-src=\"http:\/\/www.apucarana.pr.gov.br\/site\/wp-content\/uploads\/2022\/09\/WhatsApp-Image-2022-09-22-at-17.23.321-1024x576.jpeg\" \/>\n\t<a href=\"http:\/\/www.apucarana.pr.gov.br\/site\/wp-content\/uploads\/2022\/09\/WhatsApp-Image-2022-09-22-at-17.23.321-1024x576.jpeg\" target=\"_self\"    >WhatsApp Image 2022-09-22 at 17.23.32(1)<\/a>\n\n\n\t<img decoding=\"async\" class=\"ms-thumb\" src=\"http:\/\/www.apucarana.pr.gov.br\/site\/wp-content\/uploads\/2022\/09\/WhatsApp-Image-2022-09-22-at-17.23.321-1024x576-140x80.jpeg\" alt=\"WhatsApp Image 2022-09-22 at 17.23.32(1)\" \/>\n\t\t\t\t<\/div>\n\t\t\t<div  class=\"ms-slide\" data-delay=\"3\"    >\n\t\t\t\t\t<img decoding=\"async\" src=\"http:\/\/www.apucarana.pr.gov.br\/site\/wp-content\/plugins\/masterslider\/public\/assets\/css\/blank.gif\" alt=\"WhatsApp Image 2022-09-22 at 17.23.35\" title=\"WhatsApp Image 2022-09-22 at 17.23.35\" data-src=\"http:\/\/www.apucarana.pr.gov.br\/site\/wp-content\/uploads\/2022\/09\/WhatsApp-Image-2022-09-22-at-17.23.35.jpeg\" \/>\n\t<a href=\"http:\/\/www.apucarana.pr.gov.br\/site\/wp-content\/uploads\/2022\/09\/WhatsApp-Image-2022-09-22-at-17.23.35.jpeg\" target=\"_self\"    >WhatsApp Image 2022-09-22 at 17.23.35<\/a>\n\n\n\t<img decoding=\"async\" class=\"ms-thumb\" src=\"http:\/\/www.apucarana.pr.gov.br\/site\/wp-content\/uploads\/2022\/09\/WhatsApp-Image-2022-09-22-at-17.23.35-140x80.jpeg\" alt=\"WhatsApp Image 2022-09-22 at 17.23.35\" \/>\n\t\t\t\t<\/div>\n\n\t\t\t<\/div>\n\t\t\t<!-- END MasterSlider Main -->\n\n\t\t\t \n\t\t<\/div>\n\t\t<!-- END MasterSlider -->\n\n\t\t<script>\n\t\t( window.MSReady = window.MSReady || [] ).push( function( $ ) {\n\n\t\t\t\"use strict\";\n\t\t\tvar masterslider_79ad = new MasterSlider();\n\n\t\t\t\/\/ slider controls\n\t\t\tmasterslider_79ad.control('arrows'     ,{ autohide:true, overVideo:true  });\n\t\t\tmasterslider_79ad.control('thumblist'  ,{ autohide:false, overVideo:true, dir:'h', speed:17, inset:false, arrows:false, hover:false, customClass:'', align:'bottom',type:'thumbs', margin:2, width:140, height:80, space:2, fillMode:'fill'  });\n\t\t\t\/\/ slider setup\n\t\t\tmasterslider_79ad.setup(\"MS69f4eb2d079ad\", {\n\t\t\t\twidth           : 960,\n\t\t\t\theight          : 540,\n\t\t\t\tminHeight       : 0,\n\t\t\t\tspace           : 0,\n\t\t\t\tstart           : 1,\n\t\t\t\tgrabCursor      : true,\n\t\t\t\tswipe           : true,\n\t\t\t\tmouse           : true,\n\t\t\t\tkeyboard        : false,\n\t\t\t\tlayout          : \"fillwidth\",\n\t\t\t\twheel           : false,\n\t\t\t\tautoplay        : true,\n                instantStartLayers:false,\n\t\t\t\tmobileBGVideo:false,\n\t\t\t\tloop            : true,\n\t\t\t\tshuffle         : false,\n\t\t\t\tpreload         : 3,\n\t\t\t\theightLimit     : false,\n\t\t\t\tautoHeight      : false,\n\t\t\t\tsmoothHeight    : true,\n\t\t\t\tendPause        : false,\n\t\t\t\toverPause       : false,\n\t\t\t\tfillMode        : \"fill\",\n\t\t\t\tcenterControls  : true,\n\t\t\t\tstartOnAppear   : false,\n\t\t\t\tlayersMode      : \"center\",\n\t\t\t\tautofillTarget  : \"\",\n\t\t\t\thideLayers      : false,\n\t\t\t\tfullscreenMargin: 0,\n\t\t\t\tspeed           : 17,\n\t\t\t\tdir             : \"h\",\n\t\t\t\tresponsive      : true,\n\t\t\t\ttabletWidth     : 768,\n\t\t\t\ttabletHeight    : null,\n\t\t\t\tphoneWidth      : 480,\n\t\t\t\tphoneHeight    : null,\n\t\t\t\tsizingReference : window,\n\t\t\t\tparallaxMode    : 'swipe',\n\t\t\t\tview            : \"basic\"\n\t\t\t});\n\n\t\t\t\n\t\t\twindow.masterslider_instances = window.masterslider_instances || [];\n\t\t\twindow.masterslider_instances.push( masterslider_79ad );\n\t\t});\n\t\t<\/script>\n\n\n<p>O prefeito J\u00fanior da Femac prestigiou na noite de quarta-feira (21\/09) a abertura do 29\u00ba Simp\u00f3sio Estadual de Contabilidade, que segue nesta quinta-feira (22\/09), no audit\u00f3rio Gralha Azul, no campus Apucarana da Universidade Estadual do Paran\u00e1 (Unespar).<\/p>\n<p>O tradicional encontro t\u00e9cnico, que n\u00e3o pode ser promovido nos \u00faltimos dois anos em virtude da pandemia, re\u00fane empres\u00e1rios da contabilidade, profissionais liberais, professores e acad\u00eamicos do curso de Ci\u00eancias Cont\u00e1beis, sendo uma realiza\u00e7\u00e3o conjunta da Unespar, Federa\u00e7\u00e3o dos Contabilistas do Paran\u00e1 (FECOPAR), Conselho Regional de Contabilidade do Paran\u00e1 (CRC-PR) e Sindicato dos Contabilistas de Apucarana (Sicap).<\/p>\n<p>Ao dar as boas-vindas aos participantes, J\u00fanior da Femac enalteceu a import\u00e2ncia do simp\u00f3sio. \u201cTrata-se de um encontro t\u00e9cnico relevante, que promove intera\u00e7\u00e3o com troca de experi\u00eancias que contribuem para o fortalecimento da categoria e que, sobremaneira, soma para a melhora e aperfei\u00e7oamento de conhecimentos\u201d, disse o prefeito.<\/p>\n<p>O palestrante da noite foi o juiz Maur\u00edcio Mazur, titular da 2\u00aa Vara do Trabalho de Apucarana, que falou sobre \u201cNovas Oportunidades de atua\u00e7\u00e3o dos contadores na Justi\u00e7a do Trabalho\u201d. A programa\u00e7\u00e3o desta quinta-feira (22\/09), segundo e \u00faltimo dia do simp\u00f3sio, tem in\u00edcio \u00e0s 19 horas e prev\u00ea as palestras \u201cResili\u00eancia\u201d, com o psic\u00f3logo professor Henrique Benevenuto, e \u201cCompet\u00eancias T\u00e9cnicas e Habilidades Profissionais do Contador\u201d, com o contador M\u00e1rcio Jos\u00e9 Assump\u00e7\u00e3o, que \u00e9 analista de Controle do Tribunal de Contas do Estado do Paran\u00e1 (TCE-PR), autor de livros voltados para a Contabilidade aplicada ao Setor P\u00fablico e professor de cursos de gradua\u00e7\u00e3o e p\u00f3s-gradua\u00e7\u00e3o, al\u00e9m de coordenador da Comiss\u00e3o do Contador P\u00fablico do Conselho Regional de Contabilidade do Paran\u00e1 (CRC-PR).<\/p>\n","protected":false},"excerpt":{"rendered":"<p>O prefeito J&uacute;nior da Femac prestigiou na noite de quarta-feira (21\/09) a abertura do 29&ordm; Simp&oacute;sio Estadual de Contabilidade, que segue nesta quinta-feira (22\/09), no audit&oacute;rio Gralha Azul, no campus Apucarana da Universidade Estadual do Paran&aacute; (Unespar). O tradicional encontro t&eacute;cnico, que n&atilde;o pode ser promovido nos &uacute;ltimos dois anos em virtude da pandemia, re&uacute;ne [&hellip;]<\/p>\n","protected":false},"author":7,"featured_media":72088,"comment_status":"closed","ping_status":"closed","sticky":false,"template":"","format":"standard","meta":{"footnotes":""},"categories":[24],"tags":[],"class_list":["post-72084","post","type-post","status-publish","format-standard","has-post-thumbnail","hentry","category-noticias"],"acf":[],"_links":{"self":[{"href":"http:\/\/www.apucarana.pr.gov.br\/site\/wp-json\/wp\/v2\/posts\/72084","targetHints":{"allow":["GET"]}}],"collection":[{"href":"http:\/\/www.apucarana.pr.gov.br\/site\/wp-json\/wp\/v2\/posts"}],"about":[{"href":"http:\/\/www.apucarana.pr.gov.br\/site\/wp-json\/wp\/v2\/types\/post"}],"author":[{"embeddable":true,"href":"http:\/\/www.apucarana.pr.gov.br\/site\/wp-json\/wp\/v2\/users\/7"}],"replies":[{"embeddable":true,"href":"http:\/\/www.apucarana.pr.gov.br\/site\/wp-json\/wp\/v2\/comments?post=72084"}],"version-history":[{"count":1,"href":"http:\/\/www.apucarana.pr.gov.br\/site\/wp-json\/wp\/v2\/posts\/72084\/revisions"}],"predecessor-version":[{"id":72089,"href":"http:\/\/www.apucarana.pr.gov.br\/site\/wp-json\/wp\/v2\/posts\/72084\/revisions\/72089"}],"wp:featuredmedia":[{"embeddable":true,"href":"http:\/\/www.apucarana.pr.gov.br\/site\/wp-json\/wp\/v2\/media\/72088"}],"wp:attachment":[{"href":"http:\/\/www.apucarana.pr.gov.br\/site\/wp-json\/wp\/v2\/media?parent=72084"}],"wp:term":[{"taxonomy":"category","embeddable":true,"href":"http:\/\/www.apucarana.pr.gov.br\/site\/wp-json\/wp\/v2\/categories?post=72084"},{"taxonomy":"post_tag","embeddable":true,"href":"http:\/\/www.apucarana.pr.gov.br\/site\/wp-json\/wp\/v2\/tags?post=72084"}],"curies":[{"name":"wp","href":"https:\/\/api.w.org\/{rel}","templated":true}]}}