{"id":72079,"date":"2022-09-22T11:50:23","date_gmt":"2022-09-22T14:50:23","guid":{"rendered":"http:\/\/www.apucarana.pr.gov.br\/site\/?p=72079"},"modified":"2024-10-08T09:27:57","modified_gmt":"2024-10-08T12:27:57","slug":"prefeito-prestigia-evento-de-homenagem-aos-contadores","status":"publish","type":"post","link":"http:\/\/www.apucarana.pr.gov.br\/site\/prefeito-prestigia-evento-de-homenagem-aos-contadores\/","title":{"rendered":"Prefeito prestigia evento de homenagem aos contadores"},"content":{"rendered":"\n\t\t<!-- MasterSlider -->\n\t\t<div id=\"P_MS69f4f874edf08\" class=\"master-slider-parent master-slider-gallery   ms-parent-id-0\" style=\"\" >\n\n\t\t\t\n\t\t\t<!-- MasterSlider Main -->\n\t\t\t<div id=\"MS69f4f874edf08\" class=\"master-slider ms-skin-default\" >\n\t\t\t\t \t\t\t\t \n\t\t\t<div  class=\"ms-slide\" data-delay=\"3\"    >\n\t\t\t\t\t<img decoding=\"async\" src=\"http:\/\/www.apucarana.pr.gov.br\/site\/wp-content\/plugins\/masterslider\/public\/assets\/css\/blank.gif\" alt=\"WhatsApp Image 2022-09-22 at 09.42.11 (1)\" title=\"WhatsApp Image 2022-09-22 at 09.42.11 (1)\" data-src=\"http:\/\/www.apucarana.pr.gov.br\/site\/wp-content\/uploads\/2022\/09\/WhatsApp-Image-2022-09-22-at-09.42.11-1-1-1024x576.jpeg\" \/>\n\t<a href=\"http:\/\/www.apucarana.pr.gov.br\/site\/wp-content\/uploads\/2022\/09\/WhatsApp-Image-2022-09-22-at-09.42.11-1-1-1024x576.jpeg\" target=\"_self\"    >WhatsApp Image 2022-09-22 at 09.42.11 (1)<\/a>\n\n\n\t<img decoding=\"async\" class=\"ms-thumb\" src=\"http:\/\/www.apucarana.pr.gov.br\/site\/wp-content\/uploads\/2022\/09\/WhatsApp-Image-2022-09-22-at-09.42.11-1-1-1024x576-140x80.jpeg\" alt=\"WhatsApp Image 2022-09-22 at 09.42.11 (1)\" \/>\n\t\t\t\t<\/div>\n\t\t\t<div  class=\"ms-slide\" data-delay=\"3\"    >\n\t\t\t\t\t<img decoding=\"async\" src=\"http:\/\/www.apucarana.pr.gov.br\/site\/wp-content\/plugins\/masterslider\/public\/assets\/css\/blank.gif\" alt=\"WhatsApp Image 2022-09-22 at 09.42.11 (2)\" title=\"WhatsApp Image 2022-09-22 at 09.42.11 (2)\" data-src=\"http:\/\/www.apucarana.pr.gov.br\/site\/wp-content\/uploads\/2022\/09\/WhatsApp-Image-2022-09-22-at-09.42.11-2-1-1024x576.jpeg\" \/>\n\t<a href=\"http:\/\/www.apucarana.pr.gov.br\/site\/wp-content\/uploads\/2022\/09\/WhatsApp-Image-2022-09-22-at-09.42.11-2-1-1024x576.jpeg\" target=\"_self\"    >WhatsApp Image 2022-09-22 at 09.42.11 (2)<\/a>\n\n\n\t<img decoding=\"async\" class=\"ms-thumb\" src=\"http:\/\/www.apucarana.pr.gov.br\/site\/wp-content\/uploads\/2022\/09\/WhatsApp-Image-2022-09-22-at-09.42.11-2-1-1024x576-140x80.jpeg\" alt=\"WhatsApp Image 2022-09-22 at 09.42.11 (2)\" \/>\n\t\t\t\t<\/div>\n\t\t\t<div  class=\"ms-slide\" data-delay=\"3\"    >\n\t\t\t\t\t<img decoding=\"async\" src=\"http:\/\/www.apucarana.pr.gov.br\/site\/wp-content\/plugins\/masterslider\/public\/assets\/css\/blank.gif\" alt=\"WhatsApp Image 2022-09-22 at 09.42.11\" title=\"WhatsApp Image 2022-09-22 at 09.42.11\" data-src=\"http:\/\/www.apucarana.pr.gov.br\/site\/wp-content\/uploads\/2022\/09\/WhatsApp-Image-2022-09-22-at-09.42.11-3-1024x576.jpeg\" \/>\n\t<a href=\"http:\/\/www.apucarana.pr.gov.br\/site\/wp-content\/uploads\/2022\/09\/WhatsApp-Image-2022-09-22-at-09.42.11-3-1024x576.jpeg\" target=\"_self\"    >WhatsApp Image 2022-09-22 at 09.42.11<\/a>\n\n\n\t<img decoding=\"async\" class=\"ms-thumb\" src=\"http:\/\/www.apucarana.pr.gov.br\/site\/wp-content\/uploads\/2022\/09\/WhatsApp-Image-2022-09-22-at-09.42.11-3-1024x576-140x80.jpeg\" alt=\"WhatsApp Image 2022-09-22 at 09.42.11\" \/>\n\t\t\t\t<\/div>\n\n\t\t\t<\/div>\n\t\t\t<!-- END MasterSlider Main -->\n\n\t\t\t \n\t\t<\/div>\n\t\t<!-- END MasterSlider -->\n\n\t\t<script>\n\t\t( window.MSReady = window.MSReady || [] ).push( function( $ ) {\n\n\t\t\t\"use strict\";\n\t\t\tvar masterslider_df08 = new MasterSlider();\n\n\t\t\t\/\/ slider controls\n\t\t\tmasterslider_df08.control('arrows'     ,{ autohide:true, overVideo:true  });\n\t\t\tmasterslider_df08.control('thumblist'  ,{ autohide:false, overVideo:true, dir:'h', speed:17, inset:false, arrows:false, hover:false, customClass:'', align:'bottom',type:'thumbs', margin:2, width:140, height:80, space:2, fillMode:'fill'  });\n\t\t\t\/\/ slider setup\n\t\t\tmasterslider_df08.setup(\"MS69f4f874edf08\", {\n\t\t\t\twidth           : 960,\n\t\t\t\theight          : 540,\n\t\t\t\tminHeight       : 0,\n\t\t\t\tspace           : 0,\n\t\t\t\tstart           : 1,\n\t\t\t\tgrabCursor      : true,\n\t\t\t\tswipe           : true,\n\t\t\t\tmouse           : true,\n\t\t\t\tkeyboard        : false,\n\t\t\t\tlayout          : \"fillwidth\",\n\t\t\t\twheel           : false,\n\t\t\t\tautoplay        : true,\n                instantStartLayers:false,\n\t\t\t\tmobileBGVideo:false,\n\t\t\t\tloop            : true,\n\t\t\t\tshuffle         : false,\n\t\t\t\tpreload         : 3,\n\t\t\t\theightLimit     : false,\n\t\t\t\tautoHeight      : false,\n\t\t\t\tsmoothHeight    : true,\n\t\t\t\tendPause        : false,\n\t\t\t\toverPause       : false,\n\t\t\t\tfillMode        : \"fill\",\n\t\t\t\tcenterControls  : true,\n\t\t\t\tstartOnAppear   : false,\n\t\t\t\tlayersMode      : \"center\",\n\t\t\t\tautofillTarget  : \"\",\n\t\t\t\thideLayers      : false,\n\t\t\t\tfullscreenMargin: 0,\n\t\t\t\tspeed           : 17,\n\t\t\t\tdir             : \"h\",\n\t\t\t\tresponsive      : true,\n\t\t\t\ttabletWidth     : 768,\n\t\t\t\ttabletHeight    : null,\n\t\t\t\tphoneWidth      : 480,\n\t\t\t\tphoneHeight    : null,\n\t\t\t\tsizingReference : window,\n\t\t\t\tparallaxMode    : 'swipe',\n\t\t\t\tview            : \"basic\"\n\t\t\t});\n\n\t\t\t\n\t\t\twindow.masterslider_instances = window.masterslider_instances || [];\n\t\t\twindow.masterslider_instances.push( masterslider_df08 );\n\t\t});\n\t\t<\/script>\n\n\n<p>O Dia do Contador foi comemorado hoje com um evento do Sesc de Apucarana, reunindo profissionais da cidade, autoridades e representantes de entidades da categoria. A homenagem foi prestigiada pelo prefeito Junior da Femac; pela presidente do Sindicato do Com\u00e9rcio Varejista de Apucarana (Sivana), A\u00edda Assun\u00e7\u00e3o; presidente da Associa\u00e7\u00e3o Comercial, Industrial e de Servi\u00e7o de Apucarana (ACIA), Wanderlei Faganello; \u00a0presidente da Federa\u00e7\u00e3o dos Contabilistas do Estado do Paran\u00e1, Paulino Jos\u00e9 de Oliveira; presidente do Sindicato dos Contabilistas de Apucarana, Jos\u00e9 Carlos da Silva; diretores de faculdade, entre outros.<\/p>\n<p>Junior da Femac enalteceu a categoria. \u201cO trabalho de voc\u00eas \u00e9 de fundamental import\u00e2ncia para o desenvolvimento de Apucarana\u201d, destacou o prefeito. Durante a comemora\u00e7\u00e3o foi homenageado o contador e professor da Unespar, Jos\u00e9 Antonio Mori. \u201cRealizamos este evento pelo 5\u00ba ano consecutivo, numa demonstra\u00e7\u00e3o de harmonia entre as entidades\u201d, afirmou A\u00edda Assun\u00e7\u00e3o.<\/p>\n<p>De acordo com o Sindicato dos Contabilistas de Apucarana, na cidade existem cerca de 90 escrit\u00f3rios de contabilidade. A homenagem aos contadores foi promovida pelo SIVANA, Sindicato dos Contabilistas de Apucarana e Fecom\u00e9rcio.<\/p>\n<p>O Dia do Contador \u00e9 comemorado no dia 22 de setembro, em homenagem \u00e0 cria\u00e7\u00e3o do primeiro curso de Ci\u00eancias Cont\u00e1beis no Brasil. O Decreto de Lei n\u00ba 7.988, de 22 de setembro de 1945, assinado pelo Presidente Get\u00falio Vargas, regulamenta e torna oficial a cria\u00e7\u00e3o do primeiro curso de ensino superior em Ci\u00eancias Cont\u00e1beis, na Universidade Federal de Minas Gerais &#8211; UFMG.\u00a0At\u00e9 ent\u00e3o, s\u00f3 existiam cursos t\u00e9cnicos e profissionalizantes de contabilidade no pa\u00eds.<\/p>\n<p>&nbsp;<\/p>\n","protected":false},"excerpt":{"rendered":"<p>O Dia do Contador foi comemorado hoje com um evento do Sesc de Apucarana, reunindo profissionais da cidade, autoridades e representantes de entidades da categoria. A homenagem foi prestigiada pelo prefeito Junior da Femac; pela presidente do Sindicato do Com&eacute;rcio Varejista de Apucarana (Sivana), A&iacute;da Assun&ccedil;&atilde;o; presidente da Associa&ccedil;&atilde;o Comercial, Industrial e de Servi&ccedil;o de [&hellip;]<\/p>\n","protected":false},"author":10,"featured_media":72082,"comment_status":"closed","ping_status":"closed","sticky":false,"template":"","format":"standard","meta":{"footnotes":""},"categories":[24],"tags":[],"class_list":["post-72079","post","type-post","status-publish","format-standard","has-post-thumbnail","hentry","category-noticias"],"acf":[],"_links":{"self":[{"href":"http:\/\/www.apucarana.pr.gov.br\/site\/wp-json\/wp\/v2\/posts\/72079","targetHints":{"allow":["GET"]}}],"collection":[{"href":"http:\/\/www.apucarana.pr.gov.br\/site\/wp-json\/wp\/v2\/posts"}],"about":[{"href":"http:\/\/www.apucarana.pr.gov.br\/site\/wp-json\/wp\/v2\/types\/post"}],"author":[{"embeddable":true,"href":"http:\/\/www.apucarana.pr.gov.br\/site\/wp-json\/wp\/v2\/users\/10"}],"replies":[{"embeddable":true,"href":"http:\/\/www.apucarana.pr.gov.br\/site\/wp-json\/wp\/v2\/comments?post=72079"}],"version-history":[{"count":2,"href":"http:\/\/www.apucarana.pr.gov.br\/site\/wp-json\/wp\/v2\/posts\/72079\/revisions"}],"predecessor-version":[{"id":72194,"href":"http:\/\/www.apucarana.pr.gov.br\/site\/wp-json\/wp\/v2\/posts\/72079\/revisions\/72194"}],"wp:featuredmedia":[{"embeddable":true,"href":"http:\/\/www.apucarana.pr.gov.br\/site\/wp-json\/wp\/v2\/media\/72082"}],"wp:attachment":[{"href":"http:\/\/www.apucarana.pr.gov.br\/site\/wp-json\/wp\/v2\/media?parent=72079"}],"wp:term":[{"taxonomy":"category","embeddable":true,"href":"http:\/\/www.apucarana.pr.gov.br\/site\/wp-json\/wp\/v2\/categories?post=72079"},{"taxonomy":"post_tag","embeddable":true,"href":"http:\/\/www.apucarana.pr.gov.br\/site\/wp-json\/wp\/v2\/tags?post=72079"}],"curies":[{"name":"wp","href":"https:\/\/api.w.org\/{rel}","templated":true}]}}