{"id":70460,"date":"2022-08-15T16:36:25","date_gmt":"2022-08-15T19:36:25","guid":{"rendered":"http:\/\/www.apucarana.pr.gov.br\/site\/?p=70460"},"modified":"2024-10-08T09:27:08","modified_gmt":"2024-10-08T12:27:08","slug":"ubs-do-jaboti-tem-cabos-de-energia-furtados-pela-terceira-vez-em-90-dias","status":"publish","type":"post","link":"http:\/\/www.apucarana.pr.gov.br\/site\/ubs-do-jaboti-tem-cabos-de-energia-furtados-pela-terceira-vez-em-90-dias\/","title":{"rendered":"UBS do Jaboti tem cabos de energia  furtados pela terceira vez em 90 dias"},"content":{"rendered":"\n\t\t<!-- MasterSlider -->\n\t\t<div id=\"P_MS69f5957483547\" class=\"master-slider-parent master-slider-gallery   ms-parent-id-0\" style=\"\" >\n\n\t\t\t\n\t\t\t<!-- MasterSlider Main -->\n\t\t\t<div id=\"MS69f5957483547\" class=\"master-slider ms-skin-default\" >\n\t\t\t\t \t\t\t\t \n\t\t\t<div  class=\"ms-slide\" data-delay=\"3\"    >\n\t\t\t\t\t<img decoding=\"async\" src=\"http:\/\/www.apucarana.pr.gov.br\/site\/wp-content\/plugins\/masterslider\/public\/assets\/css\/blank.gif\" alt=\"UBS 1\" title=\"UBS 1\" data-src=\"http:\/\/www.apucarana.pr.gov.br\/site\/wp-content\/uploads\/2022\/08\/UBS-1-1024x768.jpg\" \/>\n\t<a href=\"http:\/\/www.apucarana.pr.gov.br\/site\/wp-content\/uploads\/2022\/08\/UBS-1-1024x768.jpg\" target=\"_self\"    >UBS 1<\/a>\n\n\n\t<img decoding=\"async\" class=\"ms-thumb\" src=\"http:\/\/www.apucarana.pr.gov.br\/site\/wp-content\/uploads\/2022\/08\/UBS-1-1024x768-140x80.jpg\" alt=\"UBS 1\" \/>\n\t\t\t\t<\/div>\n\t\t\t<div  class=\"ms-slide\" data-delay=\"3\"    >\n\t\t\t\t\t<img decoding=\"async\" src=\"http:\/\/www.apucarana.pr.gov.br\/site\/wp-content\/plugins\/masterslider\/public\/assets\/css\/blank.gif\" alt=\"UBS 4\" title=\"UBS 4\" data-src=\"http:\/\/www.apucarana.pr.gov.br\/site\/wp-content\/uploads\/2022\/08\/UBS-4-1024x768.jpg\" \/>\n\t<a href=\"http:\/\/www.apucarana.pr.gov.br\/site\/wp-content\/uploads\/2022\/08\/UBS-4-1024x768.jpg\" target=\"_self\"    >UBS 4<\/a>\n\n\n\t<img decoding=\"async\" class=\"ms-thumb\" src=\"http:\/\/www.apucarana.pr.gov.br\/site\/wp-content\/uploads\/2022\/08\/UBS-4-1024x768-140x80.jpg\" alt=\"UBS 4\" \/>\n\t\t\t\t<\/div>\n\n\t\t\t<\/div>\n\t\t\t<!-- END MasterSlider Main -->\n\n\t\t\t \n\t\t<\/div>\n\t\t<!-- END MasterSlider -->\n\n\t\t<script>\n\t\t( window.MSReady = window.MSReady || [] ).push( function( $ ) {\n\n\t\t\t\"use strict\";\n\t\t\tvar masterslider_3547 = new MasterSlider();\n\n\t\t\t\/\/ slider controls\n\t\t\tmasterslider_3547.control('arrows'     ,{ autohide:true, overVideo:true  });\n\t\t\tmasterslider_3547.control('thumblist'  ,{ autohide:false, overVideo:true, dir:'h', speed:17, inset:false, arrows:false, hover:false, customClass:'', align:'bottom',type:'thumbs', margin:2, width:140, height:80, space:2, fillMode:'fill'  });\n\t\t\t\/\/ slider setup\n\t\t\tmasterslider_3547.setup(\"MS69f5957483547\", {\n\t\t\t\twidth           : 960,\n\t\t\t\theight          : 540,\n\t\t\t\tminHeight       : 0,\n\t\t\t\tspace           : 0,\n\t\t\t\tstart           : 1,\n\t\t\t\tgrabCursor      : true,\n\t\t\t\tswipe           : true,\n\t\t\t\tmouse           : true,\n\t\t\t\tkeyboard        : false,\n\t\t\t\tlayout          : \"fillwidth\",\n\t\t\t\twheel           : false,\n\t\t\t\tautoplay        : true,\n                instantStartLayers:false,\n\t\t\t\tmobileBGVideo:false,\n\t\t\t\tloop            : true,\n\t\t\t\tshuffle         : false,\n\t\t\t\tpreload         : 3,\n\t\t\t\theightLimit     : false,\n\t\t\t\tautoHeight      : false,\n\t\t\t\tsmoothHeight    : true,\n\t\t\t\tendPause        : false,\n\t\t\t\toverPause       : false,\n\t\t\t\tfillMode        : \"fill\",\n\t\t\t\tcenterControls  : true,\n\t\t\t\tstartOnAppear   : false,\n\t\t\t\tlayersMode      : \"center\",\n\t\t\t\tautofillTarget  : \"\",\n\t\t\t\thideLayers      : false,\n\t\t\t\tfullscreenMargin: 0,\n\t\t\t\tspeed           : 17,\n\t\t\t\tdir             : \"h\",\n\t\t\t\tresponsive      : true,\n\t\t\t\ttabletWidth     : 768,\n\t\t\t\ttabletHeight    : null,\n\t\t\t\tphoneWidth      : 480,\n\t\t\t\tphoneHeight    : null,\n\t\t\t\tsizingReference : window,\n\t\t\t\tparallaxMode    : 'swipe',\n\t\t\t\tview            : \"basic\"\n\t\t\t});\n\n\t\t\t\n\t\t\twindow.masterslider_instances = window.masterslider_instances || [];\n\t\t\twindow.masterslider_instances.push( masterslider_3547 );\n\t\t});\n\t\t<\/script>\n\n\n<p>A Unidade B\u00e1sica de Sa\u00fade (UBS) Osvaldo Damin, no Jaboti, registrou neste final de semana o terceiro furto de cabos de energia num prazo de tr\u00eas meses. \u201cEsse tipo de crime est\u00e1 ocorrendo praticamente uma vez ao m\u00eas e os transtornos s\u00e3o muitos, em especial ao que se refere \u00e0 presta\u00e7\u00e3o de servi\u00e7os de sa\u00fade \u00e0 popula\u00e7\u00e3o\u201d, lamenta o secret\u00e1rio da sa\u00fade, Em\u00eddio Bachiega.<\/p>\n<p>O superintende da Aten\u00e7\u00e3o B\u00e1sica de Apucarana, Odarlone Orente, observa que um dos grandes preju\u00edzos desta a\u00e7\u00e3o \u00e9 a perda de vacinas. \u201cSem energia as geladeiras que mant\u00eam as doses na temperatura ideal s\u00e3o desligadas e a possibilidade de perder os imunizantes \u00e9 grande. Esse tipo de a\u00e7\u00e3o tamb\u00e9m prejudica o bom andamento das atividades da unidade b\u00e1sica de sa\u00fade e, consequentemente, a suspens\u00e3o tempor\u00e1ria dos servi\u00e7os aos usu\u00e1rios\u201d, explica Odarlone.<\/p>\n<p>O atendimento ao p\u00fablico ficou suspenso na manh\u00e3 desta segunda-feira, mas os servi\u00e7os j\u00e1 foram retomados no per\u00edodo da tarde. \u201cPedimos \u00e0 popula\u00e7\u00e3o que nos ajude a proteger os pr\u00e9dios e equipamentos p\u00fablicos evitando assim que a oferta de servi\u00e7os sofra interrup\u00e7\u00e3o. Liguem para a pol\u00edcia se presenciarem alguma a\u00e7\u00e3o suspeita\u201d, destaca Bachiega. A AMS registrou Boletim de Ocorr\u00eancia na 17\u00aa Subdivis\u00e3o Policial de Apucarana nas tr\u00eas ocasi\u00f5es em que a UBS Osvaldo Damin teve os casos de energia furtados.<\/p>\n<p>&nbsp;<\/p>\n","protected":false},"excerpt":{"rendered":"<p>A Unidade B&aacute;sica de Sa&uacute;de (UBS) Osvaldo Damin, no Jaboti, registrou neste final de semana o terceiro furto de cabos de energia num prazo de tr&ecirc;s meses. &ldquo;Esse tipo de crime est&aacute; ocorrendo praticamente uma vez ao m&ecirc;s e os transtornos s&atilde;o muitos, em especial ao que se refere &agrave; presta&ccedil;&atilde;o de servi&ccedil;os de sa&uacute;de [&hellip;]<\/p>\n","protected":false},"author":10,"featured_media":70461,"comment_status":"closed","ping_status":"closed","sticky":false,"template":"","format":"standard","meta":{"footnotes":""},"categories":[24],"tags":[],"class_list":["post-70460","post","type-post","status-publish","format-standard","has-post-thumbnail","hentry","category-noticias"],"acf":[],"_links":{"self":[{"href":"http:\/\/www.apucarana.pr.gov.br\/site\/wp-json\/wp\/v2\/posts\/70460","targetHints":{"allow":["GET"]}}],"collection":[{"href":"http:\/\/www.apucarana.pr.gov.br\/site\/wp-json\/wp\/v2\/posts"}],"about":[{"href":"http:\/\/www.apucarana.pr.gov.br\/site\/wp-json\/wp\/v2\/types\/post"}],"author":[{"embeddable":true,"href":"http:\/\/www.apucarana.pr.gov.br\/site\/wp-json\/wp\/v2\/users\/10"}],"replies":[{"embeddable":true,"href":"http:\/\/www.apucarana.pr.gov.br\/site\/wp-json\/wp\/v2\/comments?post=70460"}],"version-history":[{"count":1,"href":"http:\/\/www.apucarana.pr.gov.br\/site\/wp-json\/wp\/v2\/posts\/70460\/revisions"}],"predecessor-version":[{"id":70463,"href":"http:\/\/www.apucarana.pr.gov.br\/site\/wp-json\/wp\/v2\/posts\/70460\/revisions\/70463"}],"wp:featuredmedia":[{"embeddable":true,"href":"http:\/\/www.apucarana.pr.gov.br\/site\/wp-json\/wp\/v2\/media\/70461"}],"wp:attachment":[{"href":"http:\/\/www.apucarana.pr.gov.br\/site\/wp-json\/wp\/v2\/media?parent=70460"}],"wp:term":[{"taxonomy":"category","embeddable":true,"href":"http:\/\/www.apucarana.pr.gov.br\/site\/wp-json\/wp\/v2\/categories?post=70460"},{"taxonomy":"post_tag","embeddable":true,"href":"http:\/\/www.apucarana.pr.gov.br\/site\/wp-json\/wp\/v2\/tags?post=70460"}],"curies":[{"name":"wp","href":"https:\/\/api.w.org\/{rel}","templated":true}]}}