{"id":70428,"date":"2022-08-15T12:14:28","date_gmt":"2022-08-15T15:14:28","guid":{"rendered":"http:\/\/www.apucarana.pr.gov.br\/site\/?p=70428"},"modified":"2024-10-08T09:27:08","modified_gmt":"2024-10-08T12:27:08","slug":"expoagri-recebe-publico-de-25-mil-pessoas","status":"publish","type":"post","link":"http:\/\/www.apucarana.pr.gov.br\/site\/expoagri-recebe-publico-de-25-mil-pessoas\/","title":{"rendered":"Expoagri recebe p\u00fablico de 25 mil pessoas"},"content":{"rendered":"\n\t\t<!-- MasterSlider -->\n\t\t<div id=\"P_MS69f7578895ee5\" class=\"master-slider-parent master-slider-gallery   ms-parent-id-0\" style=\"\" >\n\n\t\t\t\n\t\t\t<!-- MasterSlider Main -->\n\t\t\t<div id=\"MS69f7578895ee5\" class=\"master-slider ms-skin-default\" >\n\t\t\t\t \t\t\t\t \n\t\t\t<div  class=\"ms-slide\" data-delay=\"3\"    >\n\t\t\t\t\t<img decoding=\"async\" src=\"http:\/\/www.apucarana.pr.gov.br\/site\/wp-content\/plugins\/masterslider\/public\/assets\/css\/blank.gif\" alt=\"EXPOAGRI(EDSON DENOBI) (29)\" title=\"EXPOAGRI(EDSON DENOBI) (29)\" data-src=\"http:\/\/www.apucarana.pr.gov.br\/site\/wp-content\/uploads\/2022\/08\/EXPOAGRIEDSON-DENOBI-29-1024x683.jpg\" \/>\n\t<a href=\"http:\/\/www.apucarana.pr.gov.br\/site\/wp-content\/uploads\/2022\/08\/EXPOAGRIEDSON-DENOBI-29-1024x683.jpg\" target=\"_self\"    >EXPOAGRI(EDSON DENOBI) (29)<\/a>\n\n\n\t<img decoding=\"async\" class=\"ms-thumb\" src=\"http:\/\/www.apucarana.pr.gov.br\/site\/wp-content\/uploads\/2022\/08\/EXPOAGRIEDSON-DENOBI-29-1024x683-140x80.jpg\" alt=\"EXPOAGRI(EDSON DENOBI) (29)\" \/>\n\t\t\t\t<\/div>\n\t\t\t<div  class=\"ms-slide\" data-delay=\"3\"    >\n\t\t\t\t\t<img decoding=\"async\" src=\"http:\/\/www.apucarana.pr.gov.br\/site\/wp-content\/plugins\/masterslider\/public\/assets\/css\/blank.gif\" alt=\"EXPOAGRI(EDSON DENOBI) (43)\" title=\"EXPOAGRI(EDSON DENOBI) (43)\" data-src=\"http:\/\/www.apucarana.pr.gov.br\/site\/wp-content\/uploads\/2022\/08\/EXPOAGRIEDSON-DENOBI-43-1024x683.jpg\" \/>\n\t<a href=\"http:\/\/www.apucarana.pr.gov.br\/site\/wp-content\/uploads\/2022\/08\/EXPOAGRIEDSON-DENOBI-43-1024x683.jpg\" target=\"_self\"    >EXPOAGRI(EDSON DENOBI) (43)<\/a>\n\n\n\t<img decoding=\"async\" class=\"ms-thumb\" src=\"http:\/\/www.apucarana.pr.gov.br\/site\/wp-content\/uploads\/2022\/08\/EXPOAGRIEDSON-DENOBI-43-1024x683-140x80.jpg\" alt=\"EXPOAGRI(EDSON DENOBI) (43)\" \/>\n\t\t\t\t<\/div>\n\t\t\t<div  class=\"ms-slide\" data-delay=\"3\"    >\n\t\t\t\t\t<img decoding=\"async\" src=\"http:\/\/www.apucarana.pr.gov.br\/site\/wp-content\/plugins\/masterslider\/public\/assets\/css\/blank.gif\" alt=\"EXPOAGRI(EDSON DENOBI) (49)\" title=\"EXPOAGRI(EDSON DENOBI) (49)\" data-src=\"http:\/\/www.apucarana.pr.gov.br\/site\/wp-content\/uploads\/2022\/08\/EXPOAGRIEDSON-DENOBI-49-1024x717.jpg\" \/>\n\t<a href=\"http:\/\/www.apucarana.pr.gov.br\/site\/wp-content\/uploads\/2022\/08\/EXPOAGRIEDSON-DENOBI-49-1024x717.jpg\" target=\"_self\"    >EXPOAGRI(EDSON DENOBI) (49)<\/a>\n\n\n\t<img decoding=\"async\" class=\"ms-thumb\" src=\"http:\/\/www.apucarana.pr.gov.br\/site\/wp-content\/uploads\/2022\/08\/EXPOAGRIEDSON-DENOBI-49-1024x717-140x80.jpg\" alt=\"EXPOAGRI(EDSON DENOBI) (49)\" \/>\n\t\t\t\t<\/div>\n\t\t\t<div  class=\"ms-slide\" data-delay=\"3\"    >\n\t\t\t\t\t<img decoding=\"async\" src=\"http:\/\/www.apucarana.pr.gov.br\/site\/wp-content\/plugins\/masterslider\/public\/assets\/css\/blank.gif\" alt=\"EXPOAGRI(EDSON DENOBI) (63)\" title=\"EXPOAGRI(EDSON DENOBI) (63)\" data-src=\"http:\/\/www.apucarana.pr.gov.br\/site\/wp-content\/uploads\/2022\/08\/EXPOAGRIEDSON-DENOBI-63-1024x683.jpg\" \/>\n\t<a href=\"http:\/\/www.apucarana.pr.gov.br\/site\/wp-content\/uploads\/2022\/08\/EXPOAGRIEDSON-DENOBI-63-1024x683.jpg\" target=\"_self\"    >EXPOAGRI(EDSON DENOBI) (63)<\/a>\n\n\n\t<img decoding=\"async\" class=\"ms-thumb\" src=\"http:\/\/www.apucarana.pr.gov.br\/site\/wp-content\/uploads\/2022\/08\/EXPOAGRIEDSON-DENOBI-63-1024x683-140x80.jpg\" alt=\"EXPOAGRI(EDSON DENOBI) (63)\" \/>\n\t\t\t\t<\/div>\n\t\t\t<div  class=\"ms-slide\" data-delay=\"3\"    >\n\t\t\t\t\t<img decoding=\"async\" src=\"http:\/\/www.apucarana.pr.gov.br\/site\/wp-content\/plugins\/masterslider\/public\/assets\/css\/blank.gif\" alt=\"SHOW (1)\" title=\"SHOW (1)\" data-src=\"http:\/\/www.apucarana.pr.gov.br\/site\/wp-content\/uploads\/2022\/08\/SHOW-1-1024x768.jpg\" \/>\n\t<a href=\"http:\/\/www.apucarana.pr.gov.br\/site\/wp-content\/uploads\/2022\/08\/SHOW-1-1024x768.jpg\" target=\"_self\"    >SHOW (1)<\/a>\n\n\n\t<img decoding=\"async\" class=\"ms-thumb\" src=\"http:\/\/www.apucarana.pr.gov.br\/site\/wp-content\/uploads\/2022\/08\/SHOW-1-1024x768-140x80.jpg\" alt=\"SHOW (1)\" \/>\n\t\t\t\t<\/div>\n\t\t\t<div  class=\"ms-slide\" data-delay=\"3\"    >\n\t\t\t\t\t<img decoding=\"async\" src=\"http:\/\/www.apucarana.pr.gov.br\/site\/wp-content\/plugins\/masterslider\/public\/assets\/css\/blank.gif\" alt=\"SHOW (2)\" title=\"SHOW (2)\" data-src=\"http:\/\/www.apucarana.pr.gov.br\/site\/wp-content\/uploads\/2022\/08\/SHOW-2-1024x715.jpg\" \/>\n\t<a href=\"http:\/\/www.apucarana.pr.gov.br\/site\/wp-content\/uploads\/2022\/08\/SHOW-2-1024x715.jpg\" target=\"_self\"    >SHOW (2)<\/a>\n\n\n\t<img decoding=\"async\" class=\"ms-thumb\" src=\"http:\/\/www.apucarana.pr.gov.br\/site\/wp-content\/uploads\/2022\/08\/SHOW-2-1024x715-140x80.jpg\" alt=\"SHOW (2)\" \/>\n\t\t\t\t<\/div>\n\t\t\t<div  class=\"ms-slide\" data-delay=\"3\"    >\n\t\t\t\t\t<img decoding=\"async\" src=\"http:\/\/www.apucarana.pr.gov.br\/site\/wp-content\/plugins\/masterslider\/public\/assets\/css\/blank.gif\" alt=\"SHOW (3)\" title=\"SHOW (3)\" data-src=\"http:\/\/www.apucarana.pr.gov.br\/site\/wp-content\/uploads\/2022\/08\/SHOW-3-1024x768.jpg\" \/>\n\t<a href=\"http:\/\/www.apucarana.pr.gov.br\/site\/wp-content\/uploads\/2022\/08\/SHOW-3-1024x768.jpg\" target=\"_self\"    >SHOW (3)<\/a>\n\n\n\t<img decoding=\"async\" class=\"ms-thumb\" src=\"http:\/\/www.apucarana.pr.gov.br\/site\/wp-content\/uploads\/2022\/08\/SHOW-3-1024x768-140x80.jpg\" alt=\"SHOW (3)\" \/>\n\t\t\t\t<\/div>\n\t\t\t<div  class=\"ms-slide\" data-delay=\"3\"    >\n\t\t\t\t\t<img decoding=\"async\" src=\"http:\/\/www.apucarana.pr.gov.br\/site\/wp-content\/plugins\/masterslider\/public\/assets\/css\/blank.gif\" alt=\"SHOW (4)\" title=\"SHOW (4)\" data-src=\"http:\/\/www.apucarana.pr.gov.br\/site\/wp-content\/uploads\/2022\/08\/SHOW-4-1024x671.jpg\" \/>\n\t<a href=\"http:\/\/www.apucarana.pr.gov.br\/site\/wp-content\/uploads\/2022\/08\/SHOW-4-1024x671.jpg\" target=\"_self\"    >SHOW (4)<\/a>\n\n\n\t<img decoding=\"async\" class=\"ms-thumb\" src=\"http:\/\/www.apucarana.pr.gov.br\/site\/wp-content\/uploads\/2022\/08\/SHOW-4-1024x671-140x80.jpg\" alt=\"SHOW (4)\" \/>\n\t\t\t\t<\/div>\n\t\t\t<div  class=\"ms-slide\" data-delay=\"3\"    >\n\t\t\t\t\t<img decoding=\"async\" src=\"http:\/\/www.apucarana.pr.gov.br\/site\/wp-content\/plugins\/masterslider\/public\/assets\/css\/blank.gif\" alt=\"SHOW (5)\" title=\"SHOW (5)\" data-src=\"http:\/\/www.apucarana.pr.gov.br\/site\/wp-content\/uploads\/2022\/08\/SHOW-5-1024x683.jpg\" \/>\n\t<a href=\"http:\/\/www.apucarana.pr.gov.br\/site\/wp-content\/uploads\/2022\/08\/SHOW-5-1024x683.jpg\" target=\"_self\"    >SHOW (5)<\/a>\n\n\n\t<img decoding=\"async\" class=\"ms-thumb\" src=\"http:\/\/www.apucarana.pr.gov.br\/site\/wp-content\/uploads\/2022\/08\/SHOW-5-1024x683-140x80.jpg\" alt=\"SHOW (5)\" \/>\n\t\t\t\t<\/div>\n\t\t\t<div  class=\"ms-slide\" data-delay=\"3\"    >\n\t\t\t\t\t<img decoding=\"async\" src=\"http:\/\/www.apucarana.pr.gov.br\/site\/wp-content\/plugins\/masterslider\/public\/assets\/css\/blank.gif\" alt=\"SHOW (7)\" title=\"SHOW (7)\" data-src=\"http:\/\/www.apucarana.pr.gov.br\/site\/wp-content\/uploads\/2022\/08\/SHOW-7-1024x628.jpg\" \/>\n\t<a href=\"http:\/\/www.apucarana.pr.gov.br\/site\/wp-content\/uploads\/2022\/08\/SHOW-7-1024x628.jpg\" target=\"_self\"    >SHOW (7)<\/a>\n\n\n\t<img decoding=\"async\" class=\"ms-thumb\" src=\"http:\/\/www.apucarana.pr.gov.br\/site\/wp-content\/uploads\/2022\/08\/SHOW-7-1024x628-140x80.jpg\" alt=\"SHOW (7)\" \/>\n\t\t\t\t<\/div>\n\t\t\t<div  class=\"ms-slide\" data-delay=\"3\"    >\n\t\t\t\t\t<img decoding=\"async\" src=\"http:\/\/www.apucarana.pr.gov.br\/site\/wp-content\/plugins\/masterslider\/public\/assets\/css\/blank.gif\" alt=\"SHOW (10)\" title=\"SHOW (10)\" data-src=\"http:\/\/www.apucarana.pr.gov.br\/site\/wp-content\/uploads\/2022\/08\/SHOW-10-1024x683.jpg\" \/>\n\t<a href=\"http:\/\/www.apucarana.pr.gov.br\/site\/wp-content\/uploads\/2022\/08\/SHOW-10-1024x683.jpg\" target=\"_self\"    >SHOW (10)<\/a>\n\n\n\t<img decoding=\"async\" class=\"ms-thumb\" src=\"http:\/\/www.apucarana.pr.gov.br\/site\/wp-content\/uploads\/2022\/08\/SHOW-10-1024x683-140x80.jpg\" alt=\"SHOW (10)\" \/>\n\t\t\t\t<\/div>\n\t\t\t<div  class=\"ms-slide\" data-delay=\"3\"    >\n\t\t\t\t\t<img decoding=\"async\" src=\"http:\/\/www.apucarana.pr.gov.br\/site\/wp-content\/plugins\/masterslider\/public\/assets\/css\/blank.gif\" alt=\"SHOW (14)\" title=\"SHOW (14)\" data-src=\"http:\/\/www.apucarana.pr.gov.br\/site\/wp-content\/uploads\/2022\/08\/SHOW-14-1024x630.jpg\" \/>\n\t<a href=\"http:\/\/www.apucarana.pr.gov.br\/site\/wp-content\/uploads\/2022\/08\/SHOW-14-1024x630.jpg\" target=\"_self\"    >SHOW (14)<\/a>\n\n\n\t<img decoding=\"async\" class=\"ms-thumb\" src=\"http:\/\/www.apucarana.pr.gov.br\/site\/wp-content\/uploads\/2022\/08\/SHOW-14-1024x630-140x80.jpg\" alt=\"SHOW (14)\" \/>\n\t\t\t\t<\/div>\n\t\t\t<div  class=\"ms-slide\" data-delay=\"3\"    >\n\t\t\t\t\t<img decoding=\"async\" src=\"http:\/\/www.apucarana.pr.gov.br\/site\/wp-content\/plugins\/masterslider\/public\/assets\/css\/blank.gif\" alt=\"SHOW (15)\" title=\"SHOW (15)\" data-src=\"http:\/\/www.apucarana.pr.gov.br\/site\/wp-content\/uploads\/2022\/08\/SHOW-15-1024x641.jpg\" \/>\n\t<a href=\"http:\/\/www.apucarana.pr.gov.br\/site\/wp-content\/uploads\/2022\/08\/SHOW-15-1024x641.jpg\" target=\"_self\"    >SHOW (15)<\/a>\n\n\n\t<img decoding=\"async\" class=\"ms-thumb\" src=\"http:\/\/www.apucarana.pr.gov.br\/site\/wp-content\/uploads\/2022\/08\/SHOW-15-1024x641-140x80.jpg\" alt=\"SHOW (15)\" \/>\n\t\t\t\t<\/div>\n\t\t\t<div  class=\"ms-slide\" data-delay=\"3\"    >\n\t\t\t\t\t<img decoding=\"async\" src=\"http:\/\/www.apucarana.pr.gov.br\/site\/wp-content\/plugins\/masterslider\/public\/assets\/css\/blank.gif\" alt=\"SHOW (22)\" title=\"SHOW (22)\" data-src=\"http:\/\/www.apucarana.pr.gov.br\/site\/wp-content\/uploads\/2022\/08\/SHOW-22-1024x683.jpg\" \/>\n\t<a href=\"http:\/\/www.apucarana.pr.gov.br\/site\/wp-content\/uploads\/2022\/08\/SHOW-22-1024x683.jpg\" target=\"_self\"    >SHOW (22)<\/a>\n\n\n\t<img decoding=\"async\" class=\"ms-thumb\" src=\"http:\/\/www.apucarana.pr.gov.br\/site\/wp-content\/uploads\/2022\/08\/SHOW-22-1024x683-140x80.jpg\" alt=\"SHOW (22)\" \/>\n\t\t\t\t<\/div>\n\n\t\t\t<\/div>\n\t\t\t<!-- END MasterSlider Main -->\n\n\t\t\t \n\t\t<\/div>\n\t\t<!-- END MasterSlider -->\n\n\t\t<script>\n\t\t( window.MSReady = window.MSReady || [] ).push( function( $ ) {\n\n\t\t\t\"use strict\";\n\t\t\tvar masterslider_5ee5 = new MasterSlider();\n\n\t\t\t\/\/ slider controls\n\t\t\tmasterslider_5ee5.control('arrows'     ,{ autohide:true, overVideo:true  });\n\t\t\tmasterslider_5ee5.control('thumblist'  ,{ autohide:false, overVideo:true, dir:'h', speed:17, inset:false, arrows:false, hover:false, customClass:'', align:'bottom',type:'thumbs', margin:2, width:140, height:80, space:2, fillMode:'fill'  });\n\t\t\t\/\/ slider setup\n\t\t\tmasterslider_5ee5.setup(\"MS69f7578895ee5\", {\n\t\t\t\twidth           : 960,\n\t\t\t\theight          : 540,\n\t\t\t\tminHeight       : 0,\n\t\t\t\tspace           : 0,\n\t\t\t\tstart           : 1,\n\t\t\t\tgrabCursor      : true,\n\t\t\t\tswipe           : true,\n\t\t\t\tmouse           : true,\n\t\t\t\tkeyboard        : false,\n\t\t\t\tlayout          : \"fillwidth\",\n\t\t\t\twheel           : false,\n\t\t\t\tautoplay        : true,\n                instantStartLayers:false,\n\t\t\t\tmobileBGVideo:false,\n\t\t\t\tloop            : true,\n\t\t\t\tshuffle         : false,\n\t\t\t\tpreload         : 3,\n\t\t\t\theightLimit     : false,\n\t\t\t\tautoHeight      : false,\n\t\t\t\tsmoothHeight    : true,\n\t\t\t\tendPause        : false,\n\t\t\t\toverPause       : false,\n\t\t\t\tfillMode        : \"fill\",\n\t\t\t\tcenterControls  : true,\n\t\t\t\tstartOnAppear   : false,\n\t\t\t\tlayersMode      : \"center\",\n\t\t\t\tautofillTarget  : \"\",\n\t\t\t\thideLayers      : false,\n\t\t\t\tfullscreenMargin: 0,\n\t\t\t\tspeed           : 17,\n\t\t\t\tdir             : \"h\",\n\t\t\t\tresponsive      : true,\n\t\t\t\ttabletWidth     : 768,\n\t\t\t\ttabletHeight    : null,\n\t\t\t\tphoneWidth      : 480,\n\t\t\t\tphoneHeight    : null,\n\t\t\t\tsizingReference : window,\n\t\t\t\tparallaxMode    : 'swipe',\n\t\t\t\tview            : \"basic\"\n\t\t\t});\n\n\t\t\t\n\t\t\twindow.masterslider_instances = window.masterslider_instances || [];\n\t\t\twindow.masterslider_instances.push( masterslider_5ee5 );\n\t\t});\n\t\t<\/script>\n\n\n<p>Nos tr\u00eas dias de evento, a Exposi\u00e7\u00e3o Agr\u00edcola de Apucarana (Expoagri 2022) recebeu um p\u00fablico estimado de 25 mil pessoas. O n\u00famero abrange as pessoas que prestigiaram os shows art\u00edsticos, passaram pela pra\u00e7a de alimenta\u00e7\u00e3o ou visitaram a exposi\u00e7\u00e3o de 52 projetos dos alunos da institui\u00e7\u00e3o de ensino.<\/p>\n<p>A Expoagri, que foi uma co-realiza\u00e7\u00e3o entre o Centro Estadual de Educa\u00e7\u00e3o Profissional Manoel Ribas (Col\u00e9gio Agr\u00edcola) e a Prefeitura de Apucarana, aconteceu entre a quinta e o s\u00e1bado. Na parte interna do Col\u00e9gio, houve a exposi\u00e7\u00e3o dos alunos organizada pela institui\u00e7\u00e3o de ensino. J\u00e1 na parte externa, onde foram montados o palco e a pra\u00e7a de alimenta\u00e7\u00e3o, ocorreram os shows sob a responsabilidade da Prefeitura de Apucarana.<\/p>\n<p>O prefeito Junior da Femac afirma que o evento transcorreu tranquilamente e agradeceu a todos os parceiros que contribu\u00edram com a realiza\u00e7\u00e3o da Expoagri. \u201cDesde o trabalho de seguran\u00e7a, que contou com o apoio da Guarda Civil Municipal e da Pol\u00edcia Militar, dentro de um esquema que teve o monitoramento por drones\u201d, frisa Junior da Femac.<\/p>\n<p>O prefeito tamb\u00e9m destacou a participa\u00e7\u00e3o de entidades na pra\u00e7a de alimenta\u00e7\u00e3o, como a Associa\u00e7\u00e3o Cultural e Esportiva de Apucarana (Acea), a Associa\u00e7\u00e3o de Pais, Mestres e Funcion\u00e1rios (APMF) do Col\u00e9gio Agr\u00edcola e de integrantes da Feira da Lua.<\/p>\n<p>O maior p\u00fablico foi registrado durante os shows, que tiveram entrada gratuita, com artistas de renome nacional. Na sexta-feira, subiram ao palco da Expoagri a dupla Teodoro e Sampaio e, no s\u00e1bado, Carreiro e Capataz. \u201cFoi um evento maravilhoso, uma festa para as fam\u00edlias e que refor\u00e7a a identidade rural e a cena cultural sertaneja, aliando o ensino e a pesquisa, a gastronomia e os shows art\u00edsticos\u201d avalia Junior da Femac.<\/p>\n<p>Rose Pimenta, diretora-geral do Col\u00e9gio Agr\u00edcola, destacou o empenho da equipe do col\u00e9gio, a parceria com a Prefeitura e com as empresas participantes. \u201cOs alunos se dedicaram muito na apresenta\u00e7\u00e3o dos projetos e atenderam o p\u00fablico com excel\u00eancia\u201d, afirma, acrescentando que na quinta e na sexta a visita\u00e7\u00e3o ficou concentrada em estudantes de escolas municipais, estaduais e particulares, enquanto no s\u00e1bado o p\u00fablico foi mais diversificado. \u201cDesde empres\u00e1rios a agricultores e, inclusive de pais de nossos alunos, lembrando que a maioria deles v\u00eam de munic\u00edpios da regi\u00e3o\u201d, completa Rose.<\/p>\n<p>A diretora do Col\u00e9gio Agr\u00edcola afirma ainda que mais de 20 empresas participaram da exposi\u00e7\u00e3o na \u00e1rea interna da institui\u00e7\u00e3o. \u201cAs empresas parceiras n\u00e3o medem esfor\u00e7os para motivar a educa\u00e7\u00e3o profissional. Quando a gente convida as empresas a participar, pensamos \u00a0no mercado de trabalho e percebemos que isso \u00e9 uma motiva\u00e7\u00e3o para o nosso aluno. Isso porque ele vai ser um t\u00e9cnico nesta \u00e1rea, recebe orienta\u00e7\u00e3o durante o evento de profissionais destas empresas e no futuro poder\u00e1 at\u00e9 trabalhar em uma dessas empresas\u201d, salienta.<\/p>\n<p>Rose tamb\u00e9m lembra que a Expoagri \u00e9 um evento tradicional, realizado desde 1983, e que a partir de 2019 conta com participa\u00e7\u00e3o maior da \u00a0Prefeitura, principalmente na realiza\u00e7\u00e3o de shows. \u201cQuero agradecer a Prefeitura pela confian\u00e7a no nosso trabalho. O nosso foco \u00e9 o ensino e a aprendizagem, mas a parceria coma Prefeitura permitiu trazer os shows,\u00a0 momentos de descontra\u00e7\u00e3o e a parte gastron\u00f4mica. O p\u00fablico foi intenso, al\u00e9m do esperado, e esse resultado se deve \u00e0 soma de esfor\u00e7os\u201d, avalia.<\/p>\n<p>Rose tamb\u00e9m citou o apoio do N\u00facleo Regional de Educa\u00e7\u00e3o (NRE) e a participa\u00e7\u00e3o de ex-alunos do Col\u00e9gio Agr\u00edcola. \u201cMuitos ex-alunos das d\u00e9cadas de 70, 80 e 90 vieram prestigiar o evento, que tamb\u00e9m chama bastante a aten\u00e7\u00e3o das crian\u00e7as. Temos at\u00e9 um mascote, chamada de Agricolinda, que interagiu com o p\u00fablico nos tr\u00eas dias do evento\u201d, refor\u00e7a Rose.<\/p>\n","protected":false},"excerpt":{"rendered":"<p>Nos tr&ecirc;s dias de evento, a Exposi&ccedil;&atilde;o Agr&iacute;cola de Apucarana (Expoagri 2022) recebeu um p&uacute;blico estimado de 25 mil pessoas. O n&uacute;mero abrange as pessoas que prestigiaram os shows art&iacute;sticos, passaram pela pra&ccedil;a de alimenta&ccedil;&atilde;o ou visitaram a exposi&ccedil;&atilde;o de 52 projetos dos alunos da institui&ccedil;&atilde;o de ensino. A Expoagri, que foi uma co-realiza&ccedil;&atilde;o entre [&hellip;]<\/p>\n","protected":false},"author":6,"featured_media":70435,"comment_status":"closed","ping_status":"closed","sticky":false,"template":"","format":"standard","meta":{"footnotes":""},"categories":[24],"tags":[],"class_list":["post-70428","post","type-post","status-publish","format-standard","has-post-thumbnail","hentry","category-noticias"],"acf":[],"_links":{"self":[{"href":"http:\/\/www.apucarana.pr.gov.br\/site\/wp-json\/wp\/v2\/posts\/70428","targetHints":{"allow":["GET"]}}],"collection":[{"href":"http:\/\/www.apucarana.pr.gov.br\/site\/wp-json\/wp\/v2\/posts"}],"about":[{"href":"http:\/\/www.apucarana.pr.gov.br\/site\/wp-json\/wp\/v2\/types\/post"}],"author":[{"embeddable":true,"href":"http:\/\/www.apucarana.pr.gov.br\/site\/wp-json\/wp\/v2\/users\/6"}],"replies":[{"embeddable":true,"href":"http:\/\/www.apucarana.pr.gov.br\/site\/wp-json\/wp\/v2\/comments?post=70428"}],"version-history":[{"count":5,"href":"http:\/\/www.apucarana.pr.gov.br\/site\/wp-json\/wp\/v2\/posts\/70428\/revisions"}],"predecessor-version":[{"id":70559,"href":"http:\/\/www.apucarana.pr.gov.br\/site\/wp-json\/wp\/v2\/posts\/70428\/revisions\/70559"}],"wp:featuredmedia":[{"embeddable":true,"href":"http:\/\/www.apucarana.pr.gov.br\/site\/wp-json\/wp\/v2\/media\/70435"}],"wp:attachment":[{"href":"http:\/\/www.apucarana.pr.gov.br\/site\/wp-json\/wp\/v2\/media?parent=70428"}],"wp:term":[{"taxonomy":"category","embeddable":true,"href":"http:\/\/www.apucarana.pr.gov.br\/site\/wp-json\/wp\/v2\/categories?post=70428"},{"taxonomy":"post_tag","embeddable":true,"href":"http:\/\/www.apucarana.pr.gov.br\/site\/wp-json\/wp\/v2\/tags?post=70428"}],"curies":[{"name":"wp","href":"https:\/\/api.w.org\/{rel}","templated":true}]}}