{"id":70016,"date":"2022-08-04T17:53:29","date_gmt":"2022-08-04T20:53:29","guid":{"rendered":"http:\/\/www.apucarana.pr.gov.br\/site\/?p=70016"},"modified":"2024-10-08T09:27:12","modified_gmt":"2024-10-08T12:27:12","slug":"piloto-de-apucarana-testa-neste-domingo-caminhonete-para-o-rally-dos-sertoes-2022","status":"publish","type":"post","link":"http:\/\/www.apucarana.pr.gov.br\/site\/piloto-de-apucarana-testa-neste-domingo-caminhonete-para-o-rally-dos-sertoes-2022\/","title":{"rendered":"Piloto de Apucarana testa neste domingo caminhonete para o Rally dos Sert\u00f5es\/2022"},"content":{"rendered":"\n\t\t<!-- MasterSlider -->\n\t\t<div id=\"P_MS69f5d54e0b5f6\" class=\"master-slider-parent master-slider-gallery   ms-parent-id-0\" style=\"\" >\n\n\t\t\t\n\t\t\t<!-- MasterSlider Main -->\n\t\t\t<div id=\"MS69f5d54e0b5f6\" class=\"master-slider ms-skin-default\" >\n\t\t\t\t \t\t\t\t \n\t\t\t<div  class=\"ms-slide\" data-delay=\"3\"    >\n\t\t\t\t\t<img decoding=\"async\" src=\"http:\/\/www.apucarana.pr.gov.br\/site\/wp-content\/plugins\/masterslider\/public\/assets\/css\/blank.gif\" alt=\"RALLY (1)\" title=\"RALLY (1)\" data-src=\"http:\/\/www.apucarana.pr.gov.br\/site\/wp-content\/uploads\/2022\/08\/RALLY-1-1024x683.jpg\" \/>\n\t<a href=\"http:\/\/www.apucarana.pr.gov.br\/site\/wp-content\/uploads\/2022\/08\/RALLY-1-1024x683.jpg\" target=\"_self\"    >RALLY (1)<\/a>\n\n\n\t<img decoding=\"async\" class=\"ms-thumb\" src=\"http:\/\/www.apucarana.pr.gov.br\/site\/wp-content\/uploads\/2022\/08\/RALLY-1-1024x683-140x80.jpg\" alt=\"RALLY (1)\" \/>\n\t\t\t\t<\/div>\n\t\t\t<div  class=\"ms-slide\" data-delay=\"3\"    >\n\t\t\t\t\t<img decoding=\"async\" src=\"http:\/\/www.apucarana.pr.gov.br\/site\/wp-content\/plugins\/masterslider\/public\/assets\/css\/blank.gif\" alt=\"RALLY (2)\" title=\"RALLY (2)\" data-src=\"http:\/\/www.apucarana.pr.gov.br\/site\/wp-content\/uploads\/2022\/08\/RALLY-2-1024x683.jpg\" \/>\n\t<a href=\"http:\/\/www.apucarana.pr.gov.br\/site\/wp-content\/uploads\/2022\/08\/RALLY-2-1024x683.jpg\" target=\"_self\"    >RALLY (2)<\/a>\n\n\n\t<img decoding=\"async\" class=\"ms-thumb\" src=\"http:\/\/www.apucarana.pr.gov.br\/site\/wp-content\/uploads\/2022\/08\/RALLY-2-1024x683-140x80.jpg\" alt=\"RALLY (2)\" \/>\n\t\t\t\t<\/div>\n\t\t\t<div  class=\"ms-slide\" data-delay=\"3\"    >\n\t\t\t\t\t<img decoding=\"async\" src=\"http:\/\/www.apucarana.pr.gov.br\/site\/wp-content\/plugins\/masterslider\/public\/assets\/css\/blank.gif\" alt=\"RALLY (3)\" title=\"RALLY (3)\" data-src=\"http:\/\/www.apucarana.pr.gov.br\/site\/wp-content\/uploads\/2022\/08\/RALLY-3-1024x596.jpg\" \/>\n\t<a href=\"http:\/\/www.apucarana.pr.gov.br\/site\/wp-content\/uploads\/2022\/08\/RALLY-3-1024x596.jpg\" target=\"_self\"    >RALLY (3)<\/a>\n\n\n\t<img decoding=\"async\" class=\"ms-thumb\" src=\"http:\/\/www.apucarana.pr.gov.br\/site\/wp-content\/uploads\/2022\/08\/RALLY-3-1024x596-140x80.jpg\" alt=\"RALLY (3)\" \/>\n\t\t\t\t<\/div>\n\t\t\t<div  class=\"ms-slide\" data-delay=\"3\"    >\n\t\t\t\t\t<img decoding=\"async\" src=\"http:\/\/www.apucarana.pr.gov.br\/site\/wp-content\/plugins\/masterslider\/public\/assets\/css\/blank.gif\" alt=\"RALLY (4)\" title=\"RALLY (4)\" data-src=\"http:\/\/www.apucarana.pr.gov.br\/site\/wp-content\/uploads\/2022\/08\/RALLY-4-1024x712.jpg\" \/>\n\t<a href=\"http:\/\/www.apucarana.pr.gov.br\/site\/wp-content\/uploads\/2022\/08\/RALLY-4-1024x712.jpg\" target=\"_self\"    >RALLY (4)<\/a>\n\n\n\t<img decoding=\"async\" class=\"ms-thumb\" src=\"http:\/\/www.apucarana.pr.gov.br\/site\/wp-content\/uploads\/2022\/08\/RALLY-4-1024x712-140x80.jpg\" alt=\"RALLY (4)\" \/>\n\t\t\t\t<\/div>\n\t\t\t<div  class=\"ms-slide\" data-delay=\"3\"    >\n\t\t\t\t\t<img decoding=\"async\" src=\"http:\/\/www.apucarana.pr.gov.br\/site\/wp-content\/plugins\/masterslider\/public\/assets\/css\/blank.gif\" alt=\"RALLY (5)\" title=\"RALLY (5)\" data-src=\"http:\/\/www.apucarana.pr.gov.br\/site\/wp-content\/uploads\/2022\/08\/RALLY-5-1024x688.jpg\" \/>\n\t<a href=\"http:\/\/www.apucarana.pr.gov.br\/site\/wp-content\/uploads\/2022\/08\/RALLY-5-1024x688.jpg\" target=\"_self\"    >RALLY (5)<\/a>\n\n\n\t<img decoding=\"async\" class=\"ms-thumb\" src=\"http:\/\/www.apucarana.pr.gov.br\/site\/wp-content\/uploads\/2022\/08\/RALLY-5-1024x688-140x80.jpg\" alt=\"RALLY (5)\" \/>\n\t\t\t\t<\/div>\n\t\t\t<div  class=\"ms-slide\" data-delay=\"3\"    >\n\t\t\t\t\t<img decoding=\"async\" src=\"http:\/\/www.apucarana.pr.gov.br\/site\/wp-content\/plugins\/masterslider\/public\/assets\/css\/blank.gif\" alt=\"RALLY (6)\" title=\"RALLY (6)\" data-src=\"http:\/\/www.apucarana.pr.gov.br\/site\/wp-content\/uploads\/2022\/08\/RALLY-6-1024x767.jpg\" \/>\n\t<a href=\"http:\/\/www.apucarana.pr.gov.br\/site\/wp-content\/uploads\/2022\/08\/RALLY-6-1024x767.jpg\" target=\"_self\"    >RALLY (6)<\/a>\n\n\n\t<img decoding=\"async\" class=\"ms-thumb\" src=\"http:\/\/www.apucarana.pr.gov.br\/site\/wp-content\/uploads\/2022\/08\/RALLY-6-1024x767-140x80.jpg\" alt=\"RALLY (6)\" \/>\n\t\t\t\t<\/div>\n\n\t\t\t<\/div>\n\t\t\t<!-- END MasterSlider Main -->\n\n\t\t\t \n\t\t<\/div>\n\t\t<!-- END MasterSlider -->\n\n\t\t<script>\n\t\t( window.MSReady = window.MSReady || [] ).push( function( $ ) {\n\n\t\t\t\"use strict\";\n\t\t\tvar masterslider_b5f6 = new MasterSlider();\n\n\t\t\t\/\/ slider controls\n\t\t\tmasterslider_b5f6.control('arrows'     ,{ autohide:true, overVideo:true  });\n\t\t\tmasterslider_b5f6.control('thumblist'  ,{ autohide:false, overVideo:true, dir:'h', speed:17, inset:false, arrows:false, hover:false, customClass:'', align:'bottom',type:'thumbs', margin:2, width:140, height:80, space:2, fillMode:'fill'  });\n\t\t\t\/\/ slider setup\n\t\t\tmasterslider_b5f6.setup(\"MS69f5d54e0b5f6\", {\n\t\t\t\twidth           : 960,\n\t\t\t\theight          : 540,\n\t\t\t\tminHeight       : 0,\n\t\t\t\tspace           : 0,\n\t\t\t\tstart           : 1,\n\t\t\t\tgrabCursor      : true,\n\t\t\t\tswipe           : true,\n\t\t\t\tmouse           : true,\n\t\t\t\tkeyboard        : false,\n\t\t\t\tlayout          : \"fillwidth\",\n\t\t\t\twheel           : false,\n\t\t\t\tautoplay        : true,\n                instantStartLayers:false,\n\t\t\t\tmobileBGVideo:false,\n\t\t\t\tloop            : true,\n\t\t\t\tshuffle         : false,\n\t\t\t\tpreload         : 3,\n\t\t\t\theightLimit     : false,\n\t\t\t\tautoHeight      : false,\n\t\t\t\tsmoothHeight    : true,\n\t\t\t\tendPause        : false,\n\t\t\t\toverPause       : false,\n\t\t\t\tfillMode        : \"fill\",\n\t\t\t\tcenterControls  : true,\n\t\t\t\tstartOnAppear   : false,\n\t\t\t\tlayersMode      : \"center\",\n\t\t\t\tautofillTarget  : \"\",\n\t\t\t\thideLayers      : false,\n\t\t\t\tfullscreenMargin: 0,\n\t\t\t\tspeed           : 17,\n\t\t\t\tdir             : \"h\",\n\t\t\t\tresponsive      : true,\n\t\t\t\ttabletWidth     : 768,\n\t\t\t\ttabletHeight    : null,\n\t\t\t\tphoneWidth      : 480,\n\t\t\t\tphoneHeight    : null,\n\t\t\t\tsizingReference : window,\n\t\t\t\tparallaxMode    : 'swipe',\n\t\t\t\tview            : \"basic\"\n\t\t\t});\n\n\t\t\t\n\t\t\twindow.masterslider_instances = window.masterslider_instances || [];\n\t\t\twindow.masterslider_instances.push( masterslider_b5f6 );\n\t\t});\n\t\t<\/script>\n\n\n<p><em>\u00a0<\/em>Apucarana e o Paran\u00e1 estar\u00e3o representados no Rally dos Sert\u00f5es\/2022, uma edi\u00e7\u00e3o hist\u00f3rica dos 30 anos da prova, que tamb\u00e9m ir\u00e1 homenagear o\u00a0<strong>Bicenten\u00e1rio da Independ\u00eancia do Brasil<\/strong>.\u00a0Ser\u00e1 o maior rally do mundo em trechos cronometrados, com 7.216 quil\u00f4metros de extens\u00e3o, sendo 4.811 quil\u00f4metros de trechos especiais, superando inclusive o Rally Paris &amp; Dakar. A prova ter\u00e1 a largada no dia 27 de agosto, em Foz do Igua\u00e7u, e ir\u00e1 passar por todas as regi\u00f5es do pa\u00eds, com chegada no litoral do Par\u00e1 no dia 10 de setembro.<\/p>\n<p>O piloto apucaranense Ot\u00e1vio Enz, o \u201cMarreco\u201d, que ter\u00e1 Rodrigo Khezam como navegador, testa neste domingo, no interior de S\u00e3o Paulo, a caminhonete Mitsubishi Triton que ser\u00e1 utilizada no Rally dos Sert\u00f5es. Em seu quinto ano na tradicional prova off-road, Marreco ir\u00e1 competir na categoria prodution, com um ve\u00edculo preparado de f\u00e1brica e homologado pela Federa\u00e7\u00e3o Internacional de Automobilismo (FIA).<\/p>\n<p>Hoje (4), acompanhado de Wanderlei Faganello, presidente da Associa\u00e7\u00e3o Comercial, Industrial e de Servi\u00e7os de Apucarana (ACIA), e do jornalista Jian Papa, o piloto Ot\u00e1vio Enz se reuniu com o prefeito Junior da Femac. \u201cO Marreco leva o nome de Apucarana para todo o Brasil e estamos fazendo alguns contatos com empres\u00e1rios, visando colaborar com os patroc\u00ednios\u201d, anunciou o prefeito.<\/p>\n<p>A prova internacional, com a participa\u00e7\u00e3o de duplas de v\u00e1rios pa\u00edses, ter\u00e1 um roteiro de 15 dias, que ir\u00e1 cruzar as cinco regi\u00f5es do pa\u00eds, sendo oito estados e 14 cidades.\u00a0 Homens e m\u00e1quinas ser\u00e3o levados ao extremo, portanto o preparo f\u00edsico e psicol\u00f3gico ser\u00e1 fundamental.<\/p>\n<p>O comboio de carros, caminhonetes, motos, UTVs e quadriciclos larga de Foz do Igua\u00e7u (PR) e segue com etapas em Umuarama (PR), Presidente Prudente (SP), Campo Grande (MS), Costa Rica (MS), Barra do Gar\u00e7as (MT), S\u00e3o F\u00e9lix Araguaia (MT), Palmas (TO), Mateiros (TO), Bom Jesus (PI), Bom Jesus (PI), Balsas (MA), Imperatriz (MA), Paragominas (PA) e ter\u00e1 seu \u00faltimo trecho em Salin\u00f3polis, no Par\u00e1. O maior rally do Brasil foi disputado pela \u00faltima vez em 2019, ficando suspenso em 2020 e 2021, devido \u00e0 pandemia do Coronav\u00edrus.<\/p>\n<p>O premiado piloto apucaranense, destaca que o Rally dos Sert\u00f5es \u00e9 o maior rally das Am\u00e9ricas e agora na sua trig\u00e9sima edi\u00e7\u00e3o, ter\u00e1 o maior percurso do mundo. \u201cEstamos preparando tudo para representar bem Apucarana e o Paran\u00e1 no Sert\u00f5es\u201d, afirma Marreco que, nas pr\u00f3ximas semanas, ir\u00e1 deixar o ve\u00edculo que utilizar\u00e1 no Sert\u00f5es em exposi\u00e7\u00e3o no Espa\u00e7o das Feiras.<\/p>\n<p>O piloto apucaranense \u00e9 tri-campe\u00e3o da Copa Mitsubishi, campe\u00e3o do rally Transparan\u00e1, campe\u00e3o Paranaense, vice-campe\u00e3o da Copa Troller, vice-campe\u00e3o do Rally Transcatarina, c Campe\u00e3o do Rally da Selva, bi-campe\u00e3o do Rally Berohokan, duas vezes vice-campe\u00e3o do Sert\u00f5es (regularidade) e duas vezes vice-campe\u00e3o Sert\u00f5es (velocidade).<\/p>\n","protected":false},"excerpt":{"rendered":"<p>&nbsp;Apucarana e o Paran&aacute; estar&atilde;o representados no Rally dos Sert&otilde;es\/2022, uma edi&ccedil;&atilde;o hist&oacute;rica dos 30 anos da prova, que tamb&eacute;m ir&aacute; homenagear o&nbsp;Bicenten&aacute;rio da Independ&ecirc;ncia do Brasil.&nbsp;Ser&aacute; o maior rally do mundo em trechos cronometrados, com 7.216 quil&ocirc;metros de extens&atilde;o, sendo 4.811 quil&ocirc;metros de trechos especiais, superando inclusive o Rally Paris &amp; Dakar. A prova [&hellip;]<\/p>\n","protected":false},"author":7,"featured_media":70021,"comment_status":"closed","ping_status":"closed","sticky":false,"template":"","format":"standard","meta":{"footnotes":""},"categories":[24],"tags":[],"class_list":["post-70016","post","type-post","status-publish","format-standard","has-post-thumbnail","hentry","category-noticias"],"acf":[],"_links":{"self":[{"href":"http:\/\/www.apucarana.pr.gov.br\/site\/wp-json\/wp\/v2\/posts\/70016","targetHints":{"allow":["GET"]}}],"collection":[{"href":"http:\/\/www.apucarana.pr.gov.br\/site\/wp-json\/wp\/v2\/posts"}],"about":[{"href":"http:\/\/www.apucarana.pr.gov.br\/site\/wp-json\/wp\/v2\/types\/post"}],"author":[{"embeddable":true,"href":"http:\/\/www.apucarana.pr.gov.br\/site\/wp-json\/wp\/v2\/users\/7"}],"replies":[{"embeddable":true,"href":"http:\/\/www.apucarana.pr.gov.br\/site\/wp-json\/wp\/v2\/comments?post=70016"}],"version-history":[{"count":1,"href":"http:\/\/www.apucarana.pr.gov.br\/site\/wp-json\/wp\/v2\/posts\/70016\/revisions"}],"predecessor-version":[{"id":70023,"href":"http:\/\/www.apucarana.pr.gov.br\/site\/wp-json\/wp\/v2\/posts\/70016\/revisions\/70023"}],"wp:featuredmedia":[{"embeddable":true,"href":"http:\/\/www.apucarana.pr.gov.br\/site\/wp-json\/wp\/v2\/media\/70021"}],"wp:attachment":[{"href":"http:\/\/www.apucarana.pr.gov.br\/site\/wp-json\/wp\/v2\/media?parent=70016"}],"wp:term":[{"taxonomy":"category","embeddable":true,"href":"http:\/\/www.apucarana.pr.gov.br\/site\/wp-json\/wp\/v2\/categories?post=70016"},{"taxonomy":"post_tag","embeddable":true,"href":"http:\/\/www.apucarana.pr.gov.br\/site\/wp-json\/wp\/v2\/tags?post=70016"}],"curies":[{"name":"wp","href":"https:\/\/api.w.org\/{rel}","templated":true}]}}