{"id":70013,"date":"2022-08-04T18:08:16","date_gmt":"2022-08-04T21:08:16","guid":{"rendered":"http:\/\/www.apucarana.pr.gov.br\/site\/?p=70013"},"modified":"2024-10-08T09:27:12","modified_gmt":"2024-10-08T12:27:12","slug":"sao-jose-e-mater-dei-sao-campeoes-na-fase-municipal-do-bom-de-bola","status":"publish","type":"post","link":"http:\/\/www.apucarana.pr.gov.br\/site\/sao-jose-e-mater-dei-sao-campeoes-na-fase-municipal-do-bom-de-bola\/","title":{"rendered":"S\u00e3o Jos\u00e9 e Mater Dei s\u00e3o campe\u00f5es na fase municipal do \u201cBom de Bola\u201d"},"content":{"rendered":"\n\t\t<!-- MasterSlider -->\n\t\t<div id=\"P_MS69f5d4b39d4a9\" class=\"master-slider-parent master-slider-gallery   ms-parent-id-0\" style=\"\" >\n\n\t\t\t\n\t\t\t<!-- MasterSlider Main -->\n\t\t\t<div id=\"MS69f5d4b39d4a9\" class=\"master-slider ms-skin-default\" >\n\t\t\t\t \t\t\t\t \n\t\t\t<div  class=\"ms-slide\" data-delay=\"3\"    >\n\t\t\t\t\t<img decoding=\"async\" src=\"http:\/\/www.apucarana.pr.gov.br\/site\/wp-content\/plugins\/masterslider\/public\/assets\/css\/blank.gif\" alt=\"WhatsApp Image 2022-08-04 at 17.55.58\" title=\"WhatsApp Image 2022-08-04 at 17.55.58\" data-src=\"http:\/\/www.apucarana.pr.gov.br\/site\/wp-content\/uploads\/2022\/08\/WhatsApp-Image-2022-08-04-at-17.55.58-1024x809.jpeg\" \/>\n\t<a href=\"http:\/\/www.apucarana.pr.gov.br\/site\/wp-content\/uploads\/2022\/08\/WhatsApp-Image-2022-08-04-at-17.55.58-1024x809.jpeg\" target=\"_self\"    >WhatsApp Image 2022-08-04 at 17.55.58<\/a>\n\n\n\t<img decoding=\"async\" class=\"ms-thumb\" src=\"http:\/\/www.apucarana.pr.gov.br\/site\/wp-content\/uploads\/2022\/08\/WhatsApp-Image-2022-08-04-at-17.55.58-1024x809-140x80.jpeg\" alt=\"WhatsApp Image 2022-08-04 at 17.55.58\" \/>\n\t\t\t\t<\/div>\n\t\t\t<div  class=\"ms-slide\" data-delay=\"3\"    >\n\t\t\t\t\t<img decoding=\"async\" src=\"http:\/\/www.apucarana.pr.gov.br\/site\/wp-content\/plugins\/masterslider\/public\/assets\/css\/blank.gif\" alt=\"WhatsApp Image 2022-08-04 at 17.56.51\" title=\"WhatsApp Image 2022-08-04 at 17.56.51\" data-src=\"http:\/\/www.apucarana.pr.gov.br\/site\/wp-content\/uploads\/2022\/08\/WhatsApp-Image-2022-08-04-at-17.56.51-1024x826.jpeg\" \/>\n\t<a href=\"http:\/\/www.apucarana.pr.gov.br\/site\/wp-content\/uploads\/2022\/08\/WhatsApp-Image-2022-08-04-at-17.56.51-1024x826.jpeg\" target=\"_self\"    >WhatsApp Image 2022-08-04 at 17.56.51<\/a>\n\n\n\t<img decoding=\"async\" class=\"ms-thumb\" src=\"http:\/\/www.apucarana.pr.gov.br\/site\/wp-content\/uploads\/2022\/08\/WhatsApp-Image-2022-08-04-at-17.56.51-1024x826-140x80.jpeg\" alt=\"WhatsApp Image 2022-08-04 at 17.56.51\" \/>\n\t\t\t\t<\/div>\n\t\t\t<div  class=\"ms-slide\" data-delay=\"3\"    >\n\t\t\t\t\t<img decoding=\"async\" src=\"http:\/\/www.apucarana.pr.gov.br\/site\/wp-content\/plugins\/masterslider\/public\/assets\/css\/blank.gif\" alt=\"WhatsApp Image 2022-08-04 at 17.57.10\" title=\"WhatsApp Image 2022-08-04 at 17.57.10\" data-src=\"http:\/\/www.apucarana.pr.gov.br\/site\/wp-content\/uploads\/2022\/08\/WhatsApp-Image-2022-08-04-at-17.57.10-1024x658.jpeg\" \/>\n\t<a href=\"http:\/\/www.apucarana.pr.gov.br\/site\/wp-content\/uploads\/2022\/08\/WhatsApp-Image-2022-08-04-at-17.57.10-1024x658.jpeg\" target=\"_self\"    >WhatsApp Image 2022-08-04 at 17.57.10<\/a>\n\n\n\t<img decoding=\"async\" class=\"ms-thumb\" src=\"http:\/\/www.apucarana.pr.gov.br\/site\/wp-content\/uploads\/2022\/08\/WhatsApp-Image-2022-08-04-at-17.57.10-1024x658-140x80.jpeg\" alt=\"WhatsApp Image 2022-08-04 at 17.57.10\" \/>\n\t\t\t\t<\/div>\n\t\t\t<div  class=\"ms-slide\" data-delay=\"3\"    >\n\t\t\t\t\t<img decoding=\"async\" src=\"http:\/\/www.apucarana.pr.gov.br\/site\/wp-content\/plugins\/masterslider\/public\/assets\/css\/blank.gif\" alt=\"WhatsApp Image 2022-08-04 at 17.57.35\" title=\"WhatsApp Image 2022-08-04 at 17.57.35\" data-src=\"http:\/\/www.apucarana.pr.gov.br\/site\/wp-content\/uploads\/2022\/08\/WhatsApp-Image-2022-08-04-at-17.57.35-1024x768.jpeg\" \/>\n\t<a href=\"http:\/\/www.apucarana.pr.gov.br\/site\/wp-content\/uploads\/2022\/08\/WhatsApp-Image-2022-08-04-at-17.57.35-1024x768.jpeg\" target=\"_self\"    >WhatsApp Image 2022-08-04 at 17.57.35<\/a>\n\n\n\t<img decoding=\"async\" class=\"ms-thumb\" src=\"http:\/\/www.apucarana.pr.gov.br\/site\/wp-content\/uploads\/2022\/08\/WhatsApp-Image-2022-08-04-at-17.57.35-1024x768-140x80.jpeg\" alt=\"WhatsApp Image 2022-08-04 at 17.57.35\" \/>\n\t\t\t\t<\/div>\n\t\t\t<div  class=\"ms-slide\" data-delay=\"3\"    >\n\t\t\t\t\t<img decoding=\"async\" src=\"http:\/\/www.apucarana.pr.gov.br\/site\/wp-content\/plugins\/masterslider\/public\/assets\/css\/blank.gif\" alt=\"WhatsApp Image 2022-08-04 at 17.57.53\" title=\"WhatsApp Image 2022-08-04 at 17.57.53\" data-src=\"http:\/\/www.apucarana.pr.gov.br\/site\/wp-content\/uploads\/2022\/08\/WhatsApp-Image-2022-08-04-at-17.57.53-1024x753.jpeg\" \/>\n\t<a href=\"http:\/\/www.apucarana.pr.gov.br\/site\/wp-content\/uploads\/2022\/08\/WhatsApp-Image-2022-08-04-at-17.57.53-1024x753.jpeg\" target=\"_self\"    >WhatsApp Image 2022-08-04 at 17.57.53<\/a>\n\n\n\t<img decoding=\"async\" class=\"ms-thumb\" src=\"http:\/\/www.apucarana.pr.gov.br\/site\/wp-content\/uploads\/2022\/08\/WhatsApp-Image-2022-08-04-at-17.57.53-1024x753-140x80.jpeg\" alt=\"WhatsApp Image 2022-08-04 at 17.57.53\" \/>\n\t\t\t\t<\/div>\n\t\t\t<div  class=\"ms-slide\" data-delay=\"3\"    >\n\t\t\t\t\t<img decoding=\"async\" src=\"http:\/\/www.apucarana.pr.gov.br\/site\/wp-content\/plugins\/masterslider\/public\/assets\/css\/blank.gif\" alt=\"WhatsApp Image 2022-08-04 at 17.58.20\" title=\"WhatsApp Image 2022-08-04 at 17.58.20\" data-src=\"http:\/\/www.apucarana.pr.gov.br\/site\/wp-content\/uploads\/2022\/08\/WhatsApp-Image-2022-08-04-at-17.58.20-1024x768.jpeg\" \/>\n\t<a href=\"http:\/\/www.apucarana.pr.gov.br\/site\/wp-content\/uploads\/2022\/08\/WhatsApp-Image-2022-08-04-at-17.58.20-1024x768.jpeg\" target=\"_self\"    >WhatsApp Image 2022-08-04 at 17.58.20<\/a>\n\n\n\t<img decoding=\"async\" class=\"ms-thumb\" src=\"http:\/\/www.apucarana.pr.gov.br\/site\/wp-content\/uploads\/2022\/08\/WhatsApp-Image-2022-08-04-at-17.58.20-1024x768-140x80.jpeg\" alt=\"WhatsApp Image 2022-08-04 at 17.58.20\" \/>\n\t\t\t\t<\/div>\n\t\t\t<div  class=\"ms-slide\" data-delay=\"3\"    >\n\t\t\t\t\t<img decoding=\"async\" src=\"http:\/\/www.apucarana.pr.gov.br\/site\/wp-content\/plugins\/masterslider\/public\/assets\/css\/blank.gif\" alt=\"WhatsApp Image 2022-08-04 at 17.58.32\" title=\"WhatsApp Image 2022-08-04 at 17.58.32\" data-src=\"http:\/\/www.apucarana.pr.gov.br\/site\/wp-content\/uploads\/2022\/08\/WhatsApp-Image-2022-08-04-at-17.58.32-1024x768.jpeg\" \/>\n\t<a href=\"http:\/\/www.apucarana.pr.gov.br\/site\/wp-content\/uploads\/2022\/08\/WhatsApp-Image-2022-08-04-at-17.58.32-1024x768.jpeg\" target=\"_self\"    >WhatsApp Image 2022-08-04 at 17.58.32<\/a>\n\n\n\t<img decoding=\"async\" class=\"ms-thumb\" src=\"http:\/\/www.apucarana.pr.gov.br\/site\/wp-content\/uploads\/2022\/08\/WhatsApp-Image-2022-08-04-at-17.58.32-1024x768-140x80.jpeg\" alt=\"WhatsApp Image 2022-08-04 at 17.58.32\" \/>\n\t\t\t\t<\/div>\n\t\t\t<div  class=\"ms-slide\" data-delay=\"3\"    >\n\t\t\t\t\t<img decoding=\"async\" src=\"http:\/\/www.apucarana.pr.gov.br\/site\/wp-content\/plugins\/masterslider\/public\/assets\/css\/blank.gif\" alt=\"WhatsApp Image 2022-08-04 at 17.59.30\" title=\"WhatsApp Image 2022-08-04 at 17.59.30\" data-src=\"http:\/\/www.apucarana.pr.gov.br\/site\/wp-content\/uploads\/2022\/08\/WhatsApp-Image-2022-08-04-at-17.59.30-1024x768.jpeg\" \/>\n\t<a href=\"http:\/\/www.apucarana.pr.gov.br\/site\/wp-content\/uploads\/2022\/08\/WhatsApp-Image-2022-08-04-at-17.59.30-1024x768.jpeg\" target=\"_self\"    >WhatsApp Image 2022-08-04 at 17.59.30<\/a>\n\n\n\t<img decoding=\"async\" class=\"ms-thumb\" src=\"http:\/\/www.apucarana.pr.gov.br\/site\/wp-content\/uploads\/2022\/08\/WhatsApp-Image-2022-08-04-at-17.59.30-1024x768-140x80.jpeg\" alt=\"WhatsApp Image 2022-08-04 at 17.59.30\" \/>\n\t\t\t\t<\/div>\n\t\t\t<div  class=\"ms-slide\" data-delay=\"3\"    >\n\t\t\t\t\t<img decoding=\"async\" src=\"http:\/\/www.apucarana.pr.gov.br\/site\/wp-content\/plugins\/masterslider\/public\/assets\/css\/blank.gif\" alt=\"WhatsApp Image 2022-08-04 at 17.59.52\" title=\"WhatsApp Image 2022-08-04 at 17.59.52\" data-src=\"http:\/\/www.apucarana.pr.gov.br\/site\/wp-content\/uploads\/2022\/08\/WhatsApp-Image-2022-08-04-at-17.59.52-1024x768.jpeg\" \/>\n\t<a href=\"http:\/\/www.apucarana.pr.gov.br\/site\/wp-content\/uploads\/2022\/08\/WhatsApp-Image-2022-08-04-at-17.59.52-1024x768.jpeg\" target=\"_self\"    >WhatsApp Image 2022-08-04 at 17.59.52<\/a>\n\n\n\t<img decoding=\"async\" class=\"ms-thumb\" src=\"http:\/\/www.apucarana.pr.gov.br\/site\/wp-content\/uploads\/2022\/08\/WhatsApp-Image-2022-08-04-at-17.59.52-1024x768-140x80.jpeg\" alt=\"WhatsApp Image 2022-08-04 at 17.59.52\" \/>\n\t\t\t\t<\/div>\n\t\t\t<div  class=\"ms-slide\" data-delay=\"3\"    >\n\t\t\t\t\t<img decoding=\"async\" src=\"http:\/\/www.apucarana.pr.gov.br\/site\/wp-content\/plugins\/masterslider\/public\/assets\/css\/blank.gif\" alt=\"WhatsApp Image 2022-08-04 at 18.00.12\" title=\"WhatsApp Image 2022-08-04 at 18.00.12\" data-src=\"http:\/\/www.apucarana.pr.gov.br\/site\/wp-content\/uploads\/2022\/08\/WhatsApp-Image-2022-08-04-at-18.00.12-1024x768.jpeg\" \/>\n\t<a href=\"http:\/\/www.apucarana.pr.gov.br\/site\/wp-content\/uploads\/2022\/08\/WhatsApp-Image-2022-08-04-at-18.00.12-1024x768.jpeg\" target=\"_self\"    >WhatsApp Image 2022-08-04 at 18.00.12<\/a>\n\n\n\t<img decoding=\"async\" class=\"ms-thumb\" src=\"http:\/\/www.apucarana.pr.gov.br\/site\/wp-content\/uploads\/2022\/08\/WhatsApp-Image-2022-08-04-at-18.00.12-1024x768-140x80.jpeg\" alt=\"WhatsApp Image 2022-08-04 at 18.00.12\" \/>\n\t\t\t\t<\/div>\n\t\t\t<div  class=\"ms-slide\" data-delay=\"3\"    >\n\t\t\t\t\t<img decoding=\"async\" src=\"http:\/\/www.apucarana.pr.gov.br\/site\/wp-content\/plugins\/masterslider\/public\/assets\/css\/blank.gif\" alt=\"WhatsApp Image 2022-08-04 at 18.00.58\" title=\"WhatsApp Image 2022-08-04 at 18.00.58\" data-src=\"http:\/\/www.apucarana.pr.gov.br\/site\/wp-content\/uploads\/2022\/08\/WhatsApp-Image-2022-08-04-at-18.00.58-1024x768.jpeg\" \/>\n\t<a href=\"http:\/\/www.apucarana.pr.gov.br\/site\/wp-content\/uploads\/2022\/08\/WhatsApp-Image-2022-08-04-at-18.00.58-1024x768.jpeg\" target=\"_self\"    >WhatsApp Image 2022-08-04 at 18.00.58<\/a>\n\n\n\t<img decoding=\"async\" class=\"ms-thumb\" src=\"http:\/\/www.apucarana.pr.gov.br\/site\/wp-content\/uploads\/2022\/08\/WhatsApp-Image-2022-08-04-at-18.00.58-1024x768-140x80.jpeg\" alt=\"WhatsApp Image 2022-08-04 at 18.00.58\" \/>\n\t\t\t\t<\/div>\n\t\t\t<div  class=\"ms-slide\" data-delay=\"3\"    >\n\t\t\t\t\t<img decoding=\"async\" src=\"http:\/\/www.apucarana.pr.gov.br\/site\/wp-content\/plugins\/masterslider\/public\/assets\/css\/blank.gif\" alt=\"WhatsApp Image 2022-08-04 at 18.01.28\" title=\"WhatsApp Image 2022-08-04 at 18.01.28\" data-src=\"http:\/\/www.apucarana.pr.gov.br\/site\/wp-content\/uploads\/2022\/08\/WhatsApp-Image-2022-08-04-at-18.01.28-1-1024x768.jpeg\" \/>\n\t<a href=\"http:\/\/www.apucarana.pr.gov.br\/site\/wp-content\/uploads\/2022\/08\/WhatsApp-Image-2022-08-04-at-18.01.28-1-1024x768.jpeg\" target=\"_self\"    >WhatsApp Image 2022-08-04 at 18.01.28<\/a>\n\n\n\t<img decoding=\"async\" class=\"ms-thumb\" src=\"http:\/\/www.apucarana.pr.gov.br\/site\/wp-content\/uploads\/2022\/08\/WhatsApp-Image-2022-08-04-at-18.01.28-1-1024x768-140x80.jpeg\" alt=\"WhatsApp Image 2022-08-04 at 18.01.28\" \/>\n\t\t\t\t<\/div>\n\n\t\t\t<\/div>\n\t\t\t<!-- END MasterSlider Main -->\n\n\t\t\t \n\t\t<\/div>\n\t\t<!-- END MasterSlider -->\n\n\t\t<script>\n\t\t( window.MSReady = window.MSReady || [] ).push( function( $ ) {\n\n\t\t\t\"use strict\";\n\t\t\tvar masterslider_d4a9 = new MasterSlider();\n\n\t\t\t\/\/ slider controls\n\t\t\tmasterslider_d4a9.control('arrows'     ,{ autohide:true, overVideo:true  });\n\t\t\tmasterslider_d4a9.control('thumblist'  ,{ autohide:false, overVideo:true, dir:'h', speed:17, inset:false, arrows:false, hover:false, customClass:'', align:'bottom',type:'thumbs', margin:2, width:140, height:80, space:2, fillMode:'fill'  });\n\t\t\t\/\/ slider setup\n\t\t\tmasterslider_d4a9.setup(\"MS69f5d4b39d4a9\", {\n\t\t\t\twidth           : 960,\n\t\t\t\theight          : 540,\n\t\t\t\tminHeight       : 0,\n\t\t\t\tspace           : 0,\n\t\t\t\tstart           : 1,\n\t\t\t\tgrabCursor      : true,\n\t\t\t\tswipe           : true,\n\t\t\t\tmouse           : true,\n\t\t\t\tkeyboard        : false,\n\t\t\t\tlayout          : \"fillwidth\",\n\t\t\t\twheel           : false,\n\t\t\t\tautoplay        : true,\n                instantStartLayers:false,\n\t\t\t\tmobileBGVideo:false,\n\t\t\t\tloop            : true,\n\t\t\t\tshuffle         : false,\n\t\t\t\tpreload         : 3,\n\t\t\t\theightLimit     : false,\n\t\t\t\tautoHeight      : false,\n\t\t\t\tsmoothHeight    : true,\n\t\t\t\tendPause        : false,\n\t\t\t\toverPause       : false,\n\t\t\t\tfillMode        : \"fill\",\n\t\t\t\tcenterControls  : true,\n\t\t\t\tstartOnAppear   : false,\n\t\t\t\tlayersMode      : \"center\",\n\t\t\t\tautofillTarget  : \"\",\n\t\t\t\thideLayers      : false,\n\t\t\t\tfullscreenMargin: 0,\n\t\t\t\tspeed           : 17,\n\t\t\t\tdir             : \"h\",\n\t\t\t\tresponsive      : true,\n\t\t\t\ttabletWidth     : 768,\n\t\t\t\ttabletHeight    : null,\n\t\t\t\tphoneWidth      : 480,\n\t\t\t\tphoneHeight    : null,\n\t\t\t\tsizingReference : window,\n\t\t\t\tparallaxMode    : 'swipe',\n\t\t\t\tview            : \"basic\"\n\t\t\t});\n\n\t\t\t\n\t\t\twindow.masterslider_instances = window.masterslider_instances || [];\n\t\t\twindow.masterslider_instances.push( masterslider_d4a9 );\n\t\t});\n\t\t<\/script>\n\n\n<p>As equipes do Col\u00e9gio S\u00e3o Jos\u00e9 nas categorias feminina e masculina A e do Col\u00e9gio Mater Dei na categoria masculina B, conquistaram nessa quinta-feira (04\/08), no est\u00e1dio do Servi\u00e7o Social da Ind\u00fastria (Sesi), em Apucarana, os t\u00edtulos na fase municipal dos Jogos Escolares do Paran\u00e1 (JEP\u00b4s), Bom de Bola. Com as conquistas, as agremia\u00e7\u00f5es carimbaram o passaporte para a fase regional da competi\u00e7\u00e3o que ser\u00e1 realizada de 26 a 28 de agosto no munic\u00edpio de Cambira.<\/p>\n<p>O Secret\u00e1rio Municipal de Esportes da Prefeitura, professor Jos\u00e9 Marcelino da Silva, o Grillo, acompanhou os jogos decisivos e entregou medalhas aos melhores colocados. \u201cFoi fechada mais uma competi\u00e7\u00e3o realizada pela Secretaria Municipal de Esportes. Foram tr\u00eas dias com muitos jogos e gols em quatro categorias, envolvendo alunos de nove col\u00e9gios de Apucarana. Desejo sucesso agora para os campe\u00f5es que se credenciaram a participar da fase regional\u201d, disse o professor Grillo.<\/p>\n<p>Pela manh\u00e3 na partida que abriu a rodada do dia na disputa do t\u00edtulo do naipe feminino A, o Col\u00e9gio S\u00e3o Jos\u00e9 derrotou o Col\u00e9gio Polivalente pelo placar de 4 a 0, com dois gols de Mariana Hirose e dois de Amanda.<\/p>\n<p>Em seguida aconteceram os jogos das decis\u00f5es de terceiro e quarto lugares das categorias masculinas A e B. Pela categoria B, o Col\u00e9gio Alberto Santos Dumont venceu o Col\u00e9gio Padre Jos\u00e9 Canale nos p\u00eanaltis ap\u00f3s empate por dois gols no tempo normal. Na sequ\u00eancia, na categoria A, o Col\u00e9gio Nilo Cairo ganhou do Col\u00e9gio Plat\u00e3o nos p\u00eanaltis depois de empate por um gol no tempo normal.<\/p>\n<p>\u00c0 tarde foram desenvolvidas as finais das categorias masculinas A e B. Na decis\u00e3o da categoria B, o Col\u00e9gio Mater Dei foi campe\u00e3o ao vencer o Col\u00e9gio Plat\u00e3o por 3 a 2, com gols de Guilherme (2) e Vin\u00edcius. Para o Plat\u00e3o descontaram os atletas Jo\u00e3o Miguel e Vitor. J\u00e1 na final da categoria A, o Col\u00e9gio S\u00e3o Jos\u00e9 ganhou o t\u00edtulo ao derrotar o Col\u00e9gio Mater Dei por 2 a 0, com gols de Cauan e Cac\u00e1.<\/p>\n<p>Na ter\u00e7a-feira (02\/08) no campo da UTFPR foi encerrada a categoria feminina B, com o Col\u00e9gio Mater Dei ficando na primeira coloca\u00e7\u00e3o, seguido pelos times do Col\u00e9gio Santos Dumont e Col\u00e9gio S\u00e3o Jos\u00e9.<\/p>\n<p>A competi\u00e7\u00e3o de futebol foi realizada pela Secretaria Municipal de Esportes da Prefeitura de Apucarana, em parceria com o N\u00facleo Regional de Educa\u00e7\u00e3o (NRE).<\/p>\n<p>&nbsp;<\/p>\n","protected":false},"excerpt":{"rendered":"<p>As equipes do Col&eacute;gio S&atilde;o Jos&eacute; nas categorias feminina e masculina A e do Col&eacute;gio Mater Dei na categoria masculina B, conquistaram nessa quinta-feira (04\/08), no est&aacute;dio do Servi&ccedil;o Social da Ind&uacute;stria (Sesi), em Apucarana, os t&iacute;tulos na fase municipal dos Jogos Escolares do Paran&aacute; (JEP&acute;s), Bom de Bola. Com as conquistas, as agremia&ccedil;&otilde;es carimbaram [&hellip;]<\/p>\n","protected":false},"author":12,"featured_media":70031,"comment_status":"closed","ping_status":"closed","sticky":false,"template":"","format":"standard","meta":{"footnotes":""},"categories":[24],"tags":[],"class_list":["post-70013","post","type-post","status-publish","format-standard","has-post-thumbnail","hentry","category-noticias"],"acf":[],"_links":{"self":[{"href":"http:\/\/www.apucarana.pr.gov.br\/site\/wp-json\/wp\/v2\/posts\/70013","targetHints":{"allow":["GET"]}}],"collection":[{"href":"http:\/\/www.apucarana.pr.gov.br\/site\/wp-json\/wp\/v2\/posts"}],"about":[{"href":"http:\/\/www.apucarana.pr.gov.br\/site\/wp-json\/wp\/v2\/types\/post"}],"author":[{"embeddable":true,"href":"http:\/\/www.apucarana.pr.gov.br\/site\/wp-json\/wp\/v2\/users\/12"}],"replies":[{"embeddable":true,"href":"http:\/\/www.apucarana.pr.gov.br\/site\/wp-json\/wp\/v2\/comments?post=70013"}],"version-history":[{"count":1,"href":"http:\/\/www.apucarana.pr.gov.br\/site\/wp-json\/wp\/v2\/posts\/70013\/revisions"}],"predecessor-version":[{"id":70044,"href":"http:\/\/www.apucarana.pr.gov.br\/site\/wp-json\/wp\/v2\/posts\/70013\/revisions\/70044"}],"wp:featuredmedia":[{"embeddable":true,"href":"http:\/\/www.apucarana.pr.gov.br\/site\/wp-json\/wp\/v2\/media\/70031"}],"wp:attachment":[{"href":"http:\/\/www.apucarana.pr.gov.br\/site\/wp-json\/wp\/v2\/media?parent=70013"}],"wp:term":[{"taxonomy":"category","embeddable":true,"href":"http:\/\/www.apucarana.pr.gov.br\/site\/wp-json\/wp\/v2\/categories?post=70013"},{"taxonomy":"post_tag","embeddable":true,"href":"http:\/\/www.apucarana.pr.gov.br\/site\/wp-json\/wp\/v2\/tags?post=70013"}],"curies":[{"name":"wp","href":"https:\/\/api.w.org\/{rel}","templated":true}]}}