{"id":69990,"date":"2022-08-04T12:16:44","date_gmt":"2022-08-04T15:16:44","guid":{"rendered":"http:\/\/www.apucarana.pr.gov.br\/site\/?p=69990"},"modified":"2024-10-08T09:27:12","modified_gmt":"2024-10-08T12:27:12","slug":"apos-pandemia-festoque-sera-retomada-em-setembro","status":"publish","type":"post","link":"http:\/\/www.apucarana.pr.gov.br\/site\/apos-pandemia-festoque-sera-retomada-em-setembro\/","title":{"rendered":"Ap\u00f3s pandemia, Festoque ser\u00e1 retomada em setembro"},"content":{"rendered":"\n\t\t<!-- MasterSlider -->\n\t\t<div id=\"P_MS69f5dd7dc9b72\" class=\"master-slider-parent master-slider-gallery   ms-parent-id-0\" style=\"\" >\n\n\t\t\t\n\t\t\t<!-- MasterSlider Main -->\n\t\t\t<div id=\"MS69f5dd7dc9b72\" class=\"master-slider ms-skin-default\" >\n\t\t\t\t \t\t\t\t \n\t\t\t<div  class=\"ms-slide\" data-delay=\"3\"    >\n\t\t\t\t\t<img decoding=\"async\" src=\"http:\/\/www.apucarana.pr.gov.br\/site\/wp-content\/plugins\/masterslider\/public\/assets\/css\/blank.gif\" alt=\"FOTO EDSON DENOBI) (1)\" title=\"FOTO EDSON DENOBI) (1)\" data-src=\"http:\/\/www.apucarana.pr.gov.br\/site\/wp-content\/uploads\/2022\/08\/FOTO-EDSON-DENOBI-1-1024x644.jpg\" \/>\n\t<a href=\"http:\/\/www.apucarana.pr.gov.br\/site\/wp-content\/uploads\/2022\/08\/FOTO-EDSON-DENOBI-1-1024x644.jpg\" target=\"_self\"    >FOTO EDSON DENOBI) (1)<\/a>\n\n\n\t<img decoding=\"async\" class=\"ms-thumb\" src=\"http:\/\/www.apucarana.pr.gov.br\/site\/wp-content\/uploads\/2022\/08\/FOTO-EDSON-DENOBI-1-1024x644-140x80.jpg\" alt=\"FOTO EDSON DENOBI) (1)\" \/>\n\t\t\t\t<\/div>\n\t\t\t<div  class=\"ms-slide\" data-delay=\"3\"    >\n\t\t\t\t\t<img decoding=\"async\" src=\"http:\/\/www.apucarana.pr.gov.br\/site\/wp-content\/plugins\/masterslider\/public\/assets\/css\/blank.gif\" alt=\"FOTO EDSON DENOBI) (3)\" title=\"FOTO EDSON DENOBI) (3)\" data-src=\"http:\/\/www.apucarana.pr.gov.br\/site\/wp-content\/uploads\/2022\/08\/FOTO-EDSON-DENOBI-3-1024x671.jpg\" \/>\n\t<a href=\"http:\/\/www.apucarana.pr.gov.br\/site\/wp-content\/uploads\/2022\/08\/FOTO-EDSON-DENOBI-3-1024x671.jpg\" target=\"_self\"    >FOTO EDSON DENOBI) (3)<\/a>\n\n\n\t<img decoding=\"async\" class=\"ms-thumb\" src=\"http:\/\/www.apucarana.pr.gov.br\/site\/wp-content\/uploads\/2022\/08\/FOTO-EDSON-DENOBI-3-1024x671-140x80.jpg\" alt=\"FOTO EDSON DENOBI) (3)\" \/>\n\t\t\t\t<\/div>\n\t\t\t<div  class=\"ms-slide\" data-delay=\"3\"    >\n\t\t\t\t\t<img decoding=\"async\" src=\"http:\/\/www.apucarana.pr.gov.br\/site\/wp-content\/plugins\/masterslider\/public\/assets\/css\/blank.gif\" alt=\"FOTO EDSON DENOBI) (4)\" title=\"FOTO EDSON DENOBI) (4)\" data-src=\"http:\/\/www.apucarana.pr.gov.br\/site\/wp-content\/uploads\/2022\/08\/FOTO-EDSON-DENOBI-4-2-1024x689.jpg\" \/>\n\t<a href=\"http:\/\/www.apucarana.pr.gov.br\/site\/wp-content\/uploads\/2022\/08\/FOTO-EDSON-DENOBI-4-2-1024x689.jpg\" target=\"_self\"    >FOTO EDSON DENOBI) (4)<\/a>\n\n\n\t<img decoding=\"async\" class=\"ms-thumb\" src=\"http:\/\/www.apucarana.pr.gov.br\/site\/wp-content\/uploads\/2022\/08\/FOTO-EDSON-DENOBI-4-2-1024x689-140x80.jpg\" alt=\"FOTO EDSON DENOBI) (4)\" \/>\n\t\t\t\t<\/div>\n\t\t\t<div  class=\"ms-slide\" data-delay=\"3\"    >\n\t\t\t\t\t<img decoding=\"async\" src=\"http:\/\/www.apucarana.pr.gov.br\/site\/wp-content\/plugins\/masterslider\/public\/assets\/css\/blank.gif\" alt=\"FOTO EDSON DENOBI) (5)\" title=\"FOTO EDSON DENOBI) (5)\" data-src=\"http:\/\/www.apucarana.pr.gov.br\/site\/wp-content\/uploads\/2022\/08\/FOTO-EDSON-DENOBI-5-1024x661.jpg\" \/>\n\t<a href=\"http:\/\/www.apucarana.pr.gov.br\/site\/wp-content\/uploads\/2022\/08\/FOTO-EDSON-DENOBI-5-1024x661.jpg\" target=\"_self\"    >FOTO EDSON DENOBI) (5)<\/a>\n\n\n\t<img decoding=\"async\" class=\"ms-thumb\" src=\"http:\/\/www.apucarana.pr.gov.br\/site\/wp-content\/uploads\/2022\/08\/FOTO-EDSON-DENOBI-5-1024x661-140x80.jpg\" alt=\"FOTO EDSON DENOBI) (5)\" \/>\n\t\t\t\t<\/div>\n\t\t\t<div  class=\"ms-slide\" data-delay=\"3\"    >\n\t\t\t\t\t<img decoding=\"async\" src=\"http:\/\/www.apucarana.pr.gov.br\/site\/wp-content\/plugins\/masterslider\/public\/assets\/css\/blank.gif\" alt=\"FOTO EDSON DENOBI) (7)\" title=\"FOTO EDSON DENOBI) (7)\" data-src=\"http:\/\/www.apucarana.pr.gov.br\/site\/wp-content\/uploads\/2022\/08\/FOTO-EDSON-DENOBI-7-1024x683.jpg\" \/>\n\t<a href=\"http:\/\/www.apucarana.pr.gov.br\/site\/wp-content\/uploads\/2022\/08\/FOTO-EDSON-DENOBI-7-1024x683.jpg\" target=\"_self\"    >FOTO EDSON DENOBI) (7)<\/a>\n\n\n\t<img decoding=\"async\" class=\"ms-thumb\" src=\"http:\/\/www.apucarana.pr.gov.br\/site\/wp-content\/uploads\/2022\/08\/FOTO-EDSON-DENOBI-7-1024x683-140x80.jpg\" alt=\"FOTO EDSON DENOBI) (7)\" \/>\n\t\t\t\t<\/div>\n\t\t\t<div  class=\"ms-slide\" data-delay=\"3\"    >\n\t\t\t\t\t<img decoding=\"async\" src=\"http:\/\/www.apucarana.pr.gov.br\/site\/wp-content\/plugins\/masterslider\/public\/assets\/css\/blank.gif\" alt=\"FOTO EDSON DENOBI) (12)\" title=\"FOTO EDSON DENOBI) (12)\" data-src=\"http:\/\/www.apucarana.pr.gov.br\/site\/wp-content\/uploads\/2022\/08\/FOTO-EDSON-DENOBI-12-1024x614.jpg\" \/>\n\t<a href=\"http:\/\/www.apucarana.pr.gov.br\/site\/wp-content\/uploads\/2022\/08\/FOTO-EDSON-DENOBI-12-1024x614.jpg\" target=\"_self\"    >FOTO EDSON DENOBI) (12)<\/a>\n\n\n\t<img decoding=\"async\" class=\"ms-thumb\" src=\"http:\/\/www.apucarana.pr.gov.br\/site\/wp-content\/uploads\/2022\/08\/FOTO-EDSON-DENOBI-12-1024x614-140x80.jpg\" alt=\"FOTO EDSON DENOBI) (12)\" \/>\n\t\t\t\t<\/div>\n\t\t\t<div  class=\"ms-slide\" data-delay=\"3\"    >\n\t\t\t\t\t<img decoding=\"async\" src=\"http:\/\/www.apucarana.pr.gov.br\/site\/wp-content\/plugins\/masterslider\/public\/assets\/css\/blank.gif\" alt=\"FOTO EDSON DENOBI) (13)\" title=\"FOTO EDSON DENOBI) (13)\" data-src=\"http:\/\/www.apucarana.pr.gov.br\/site\/wp-content\/uploads\/2022\/08\/FOTO-EDSON-DENOBI-13-1024x669.jpg\" \/>\n\t<a href=\"http:\/\/www.apucarana.pr.gov.br\/site\/wp-content\/uploads\/2022\/08\/FOTO-EDSON-DENOBI-13-1024x669.jpg\" target=\"_self\"    >FOTO EDSON DENOBI) (13)<\/a>\n\n\n\t<img decoding=\"async\" class=\"ms-thumb\" src=\"http:\/\/www.apucarana.pr.gov.br\/site\/wp-content\/uploads\/2022\/08\/FOTO-EDSON-DENOBI-13-1024x669-140x80.jpg\" alt=\"FOTO EDSON DENOBI) (13)\" \/>\n\t\t\t\t<\/div>\n\n\t\t\t<\/div>\n\t\t\t<!-- END MasterSlider Main -->\n\n\t\t\t \n\t\t<\/div>\n\t\t<!-- END MasterSlider -->\n\n\t\t<script>\n\t\t( window.MSReady = window.MSReady || [] ).push( function( $ ) {\n\n\t\t\t\"use strict\";\n\t\t\tvar masterslider_9b72 = new MasterSlider();\n\n\t\t\t\/\/ slider controls\n\t\t\tmasterslider_9b72.control('arrows'     ,{ autohide:true, overVideo:true  });\n\t\t\tmasterslider_9b72.control('thumblist'  ,{ autohide:false, overVideo:true, dir:'h', speed:17, inset:false, arrows:false, hover:false, customClass:'', align:'bottom',type:'thumbs', margin:2, width:140, height:80, space:2, fillMode:'fill'  });\n\t\t\t\/\/ slider setup\n\t\t\tmasterslider_9b72.setup(\"MS69f5dd7dc9b72\", {\n\t\t\t\twidth           : 960,\n\t\t\t\theight          : 540,\n\t\t\t\tminHeight       : 0,\n\t\t\t\tspace           : 0,\n\t\t\t\tstart           : 1,\n\t\t\t\tgrabCursor      : true,\n\t\t\t\tswipe           : true,\n\t\t\t\tmouse           : true,\n\t\t\t\tkeyboard        : false,\n\t\t\t\tlayout          : \"fillwidth\",\n\t\t\t\twheel           : false,\n\t\t\t\tautoplay        : true,\n                instantStartLayers:false,\n\t\t\t\tmobileBGVideo:false,\n\t\t\t\tloop            : true,\n\t\t\t\tshuffle         : false,\n\t\t\t\tpreload         : 3,\n\t\t\t\theightLimit     : false,\n\t\t\t\tautoHeight      : false,\n\t\t\t\tsmoothHeight    : true,\n\t\t\t\tendPause        : false,\n\t\t\t\toverPause       : false,\n\t\t\t\tfillMode        : \"fill\",\n\t\t\t\tcenterControls  : true,\n\t\t\t\tstartOnAppear   : false,\n\t\t\t\tlayersMode      : \"center\",\n\t\t\t\tautofillTarget  : \"\",\n\t\t\t\thideLayers      : false,\n\t\t\t\tfullscreenMargin: 0,\n\t\t\t\tspeed           : 17,\n\t\t\t\tdir             : \"h\",\n\t\t\t\tresponsive      : true,\n\t\t\t\ttabletWidth     : 768,\n\t\t\t\ttabletHeight    : null,\n\t\t\t\tphoneWidth      : 480,\n\t\t\t\tphoneHeight    : null,\n\t\t\t\tsizingReference : window,\n\t\t\t\tparallaxMode    : 'swipe',\n\t\t\t\tview            : \"basic\"\n\t\t\t});\n\n\t\t\t\n\t\t\twindow.masterslider_instances = window.masterslider_instances || [];\n\t\t\twindow.masterslider_instances.push( masterslider_9b72 );\n\t\t});\n\t\t<\/script>\n\n\n<p>A Associa\u00e7\u00e3o Comercial, Industrial e de Servi\u00e7os de Apucarana (Acia) lan\u00e7ou nesta quinta-feira (04\/08) a 28\u00aa edi\u00e7\u00e3o da Feira de Ponta de Estoque (Festoque). Ap\u00f3s dois anos de interrup\u00e7\u00e3o por causa da pandemia, o evento ser\u00e1 retomado e acontecer\u00e1 de 7 a 11 de setembro, nas depend\u00eancias da Associa\u00e7\u00e3o Cultural e Esportiva de Apucarana (Acea).<\/p>\n<p>O evento, que \u00e9 aguardado com grande expectativa por comerciantes e consumidores, conta com o apoio da Prefeitura de Apucarana. A 28\u00aa Festoque ter\u00e1 80 expositores e foi lan\u00e7ada com a expectativa de receber cerca de 30 mil consumidores e movimentar R$ 3 milh\u00f5es em vendas.<\/p>\n<p>O prefeito Junior da Femac participou do lan\u00e7amento do evento, ao lado do presidente da Acia, Wanderlei Faganello, e de Keniti\u00a0<em>Ishida<\/em> e Osmar Ida, que no ato representaram a Acea. Tamb\u00e9m estiveram presentes o juiz Osvaldo Soares Neto, diretor do F\u00f3rum de Apucarana, e Jian Papa, secret\u00e1rio da Acia e respons\u00e1vel pela comunica\u00e7\u00e3o da entidade.<\/p>\n<p>Junior da Femac destaca que a retomada do evento coincide com um momento positivo do Munic\u00edpio, de desenvolvimento econ\u00f4mico com a instala\u00e7\u00e3o de diversas novas empresas e com crescimento do potencial de consumo. \u201cA Festoque de Apucarana \u00e9 a maior Feira de Ponta de Estoque do Centro Norte Paranaense. Os consumidores j\u00e1 estavam com saudades da Festoque e todos v\u00e3o se surpreender com a grandiosidade e a diversidade. Al\u00e9m do vestu\u00e1rio, haver\u00e1 feira de m\u00f3veis, pra\u00e7a de alimenta\u00e7\u00e3o e a participa\u00e7\u00e3o de empresas locais com marcas j\u00e1 consolidadas nacionalmente\u201d, pontua Junior da Femac.<\/p>\n<p>O prefeito afirma que, atrav\u00e9s da Via\u00e7\u00e3o Apucarana Ltda (VAL), ser\u00e3o viabilizadas linhas de \u00f4nibus especiais do terminal urbano at\u00e9 a Acea nos dias do evento. \u201cTamb\u00e9m quero lembrar que a Rede de Mulheres Solid\u00e1rias \u00a0estar\u00e1 participando da Festoque comercializando seus produtos em tr\u00eas estandes\u201d, afirma Junior da Femac, acrescentando que esse \u00e9 um programa desenvolvido pela Secretaria Municipal da Mulher e Assuntos da Fam\u00edlia, congregando atualmente mais de mil participantes.<\/p>\n<p>De acordo com Wanderlei Faganello, presidente da Acia, o evento ganhou mais um dia comparado a edi\u00e7\u00f5es anteriores. \u201cSer\u00e3o 5 dias de compras, em um espa\u00e7o de mais de 3 mil metros quadrados totalmente climatizados e 80 empresas participantes. A expectativa de p\u00fablico \u00e9 de cerca de 30 mil pessoas e de mais de R$ 3 milh\u00f5es em vendas\u201d, afirma Faganello, lembrando que os consumidores que forem at\u00e9 a Acea contar\u00e3o com seguran\u00e7a monitorada por c\u00e2meras 24 horas e estacionamento gratuito,<\/p>\n<p>Faganello destaca ainda que o evento ter\u00e1 a Feira de M\u00f3veis. \u201cOs consumidores encontrar\u00e3o op\u00e7\u00f5es em colch\u00f5es, mesas de jantar, sof\u00e1s, cadeiras, poltronas e m\u00f3veis artesanais e fibra sint\u00e9tica, entre outros\u201d, cita Faganello.<\/p>\n<p><strong>MARCAS DE APUCARANA &#8211;<\/strong> O secret\u00e1rio da Acia e respons\u00e1vel pela comunica\u00e7\u00e3o da entidade, Jian Papa, afirma que a 28\u00aa Festoque contar\u00e1 com marcas de Apucarana que se destacam no Paran\u00e1 e no Brasil. \u201cMarcas como John Roger, Texas Farm, Zua, Manhood e Dropp Bikes\u201d, cita.<\/p>\n<p>O propriet\u00e1rio da John Roger, Marcos Fante, esteve presente no lan\u00e7amento do evento. \u201cA John Roger desde 2012 est\u00e1 estabelecida no mercado e essa ser\u00e1 a terceira edi\u00e7\u00e3o da Festoque da qual estaremos participando. A John Roger nasceu em Apucarana e hoje est\u00e1 presente em mais de 100 pontos de venda, nos estados do Paran\u00e1, S\u00e3o Paulo e Santa Catarina. \u00c9 muito gratificante poder participar da Festoque na cidade onde a marca foi constitu\u00edda e depois se expandiu pelo Brasil, mas sem nunca perder suas origens\u201d, frisa Fante.<\/p>\n<p><strong>HOR\u00c1RIOS &#8211;<\/strong> Os organizadores do evento tamb\u00e9m divulgaram os hor\u00e1rios de funcionamento da Festoque. No dia 7 de setembro, ser+a das 9 \u00e0s 22 horas, sendo que a abertura oficial acontecer\u00e1 \u00e0s 13 horas, ap\u00f3s o tradicional Desfile de 7 de Setembro. \u00a0Dias 8 e 9 de setembro, a Festoque abre das 13 \u00e0s 22 horas, no dia 10 das 9 \u00e0s 22 horas e, no dia 11 de setembro, das 9 \u00e0s 20 horas.<\/p>\n","protected":false},"excerpt":{"rendered":"<p>A Associa&ccedil;&atilde;o Comercial, Industrial e de Servi&ccedil;os de Apucarana (Acia) lan&ccedil;ou nesta quinta-feira (04\/08) a 28&ordf; edi&ccedil;&atilde;o da Feira de Ponta de Estoque (Festoque). Ap&oacute;s dois anos de interrup&ccedil;&atilde;o por causa da pandemia, o evento ser&aacute; retomado e acontecer&aacute; de 7 a 11 de setembro, nas depend&ecirc;ncias da Associa&ccedil;&atilde;o Cultural e Esportiva de Apucarana (Acea). [&hellip;]<\/p>\n","protected":false},"author":6,"featured_media":69995,"comment_status":"closed","ping_status":"closed","sticky":false,"template":"","format":"standard","meta":{"footnotes":""},"categories":[24],"tags":[],"class_list":["post-69990","post","type-post","status-publish","format-standard","has-post-thumbnail","hentry","category-noticias"],"acf":[],"_links":{"self":[{"href":"http:\/\/www.apucarana.pr.gov.br\/site\/wp-json\/wp\/v2\/posts\/69990","targetHints":{"allow":["GET"]}}],"collection":[{"href":"http:\/\/www.apucarana.pr.gov.br\/site\/wp-json\/wp\/v2\/posts"}],"about":[{"href":"http:\/\/www.apucarana.pr.gov.br\/site\/wp-json\/wp\/v2\/types\/post"}],"author":[{"embeddable":true,"href":"http:\/\/www.apucarana.pr.gov.br\/site\/wp-json\/wp\/v2\/users\/6"}],"replies":[{"embeddable":true,"href":"http:\/\/www.apucarana.pr.gov.br\/site\/wp-json\/wp\/v2\/comments?post=69990"}],"version-history":[{"count":5,"href":"http:\/\/www.apucarana.pr.gov.br\/site\/wp-json\/wp\/v2\/posts\/69990\/revisions"}],"predecessor-version":[{"id":70113,"href":"http:\/\/www.apucarana.pr.gov.br\/site\/wp-json\/wp\/v2\/posts\/69990\/revisions\/70113"}],"wp:featuredmedia":[{"embeddable":true,"href":"http:\/\/www.apucarana.pr.gov.br\/site\/wp-json\/wp\/v2\/media\/69995"}],"wp:attachment":[{"href":"http:\/\/www.apucarana.pr.gov.br\/site\/wp-json\/wp\/v2\/media?parent=69990"}],"wp:term":[{"taxonomy":"category","embeddable":true,"href":"http:\/\/www.apucarana.pr.gov.br\/site\/wp-json\/wp\/v2\/categories?post=69990"},{"taxonomy":"post_tag","embeddable":true,"href":"http:\/\/www.apucarana.pr.gov.br\/site\/wp-json\/wp\/v2\/tags?post=69990"}],"curies":[{"name":"wp","href":"https:\/\/api.w.org\/{rel}","templated":true}]}}