{"id":69955,"date":"2022-08-03T15:12:33","date_gmt":"2022-08-03T18:12:33","guid":{"rendered":"http:\/\/www.apucarana.pr.gov.br\/site\/?p=69955"},"modified":"2024-10-08T09:27:12","modified_gmt":"2024-10-08T12:27:12","slug":"prefeitura-pavimenta-acesso-ao-novo-centro-de-diagnostico-da-apae-apucarana","status":"publish","type":"post","link":"http:\/\/www.apucarana.pr.gov.br\/site\/prefeitura-pavimenta-acesso-ao-novo-centro-de-diagnostico-da-apae-apucarana\/","title":{"rendered":"Prefeitura pavimenta acesso ao novo centro de diagn\u00f3stico da APAE Apucarana"},"content":{"rendered":"\n\t\t<!-- MasterSlider -->\n\t\t<div id=\"P_MS69f5dede41f63\" class=\"master-slider-parent master-slider-gallery   ms-parent-id-0\" style=\"\" >\n\n\t\t\t\n\t\t\t<!-- MasterSlider Main -->\n\t\t\t<div id=\"MS69f5dede41f63\" class=\"master-slider ms-skin-default\" >\n\t\t\t\t \t\t\t\t \n\t\t\t<div  class=\"ms-slide\" data-delay=\"3\"    >\n\t\t\t\t\t<img decoding=\"async\" src=\"http:\/\/www.apucarana.pr.gov.br\/site\/wp-content\/plugins\/masterslider\/public\/assets\/css\/blank.gif\" alt=\"IMG_9666\" title=\"IMG_9666\" data-src=\"http:\/\/www.apucarana.pr.gov.br\/site\/wp-content\/uploads\/2022\/08\/IMG_9666-1024x683.jpg\" \/>\n\t<a href=\"http:\/\/www.apucarana.pr.gov.br\/site\/wp-content\/uploads\/2022\/08\/IMG_9666-1024x683.jpg\" target=\"_self\"    >IMG_9666<\/a>\n\n\n\t<img decoding=\"async\" class=\"ms-thumb\" src=\"http:\/\/www.apucarana.pr.gov.br\/site\/wp-content\/uploads\/2022\/08\/IMG_9666-1024x683-140x80.jpg\" alt=\"IMG_9666\" \/>\n\t\t\t\t<\/div>\n\t\t\t<div  class=\"ms-slide\" data-delay=\"3\"    >\n\t\t\t\t\t<img decoding=\"async\" src=\"http:\/\/www.apucarana.pr.gov.br\/site\/wp-content\/plugins\/masterslider\/public\/assets\/css\/blank.gif\" alt=\"IMG_9683\" title=\"IMG_9683\" data-src=\"http:\/\/www.apucarana.pr.gov.br\/site\/wp-content\/uploads\/2022\/08\/IMG_9683-1024x683.jpg\" \/>\n\t<a href=\"http:\/\/www.apucarana.pr.gov.br\/site\/wp-content\/uploads\/2022\/08\/IMG_9683-1024x683.jpg\" target=\"_self\"    >IMG_9683<\/a>\n\n\n\t<img decoding=\"async\" class=\"ms-thumb\" src=\"http:\/\/www.apucarana.pr.gov.br\/site\/wp-content\/uploads\/2022\/08\/IMG_9683-1024x683-140x80.jpg\" alt=\"IMG_9683\" \/>\n\t\t\t\t<\/div>\n\t\t\t<div  class=\"ms-slide\" data-delay=\"3\"    >\n\t\t\t\t\t<img decoding=\"async\" src=\"http:\/\/www.apucarana.pr.gov.br\/site\/wp-content\/plugins\/masterslider\/public\/assets\/css\/blank.gif\" alt=\"IMG_9691\" title=\"IMG_9691\" data-src=\"http:\/\/www.apucarana.pr.gov.br\/site\/wp-content\/uploads\/2022\/08\/IMG_9691-1024x683.jpg\" \/>\n\t<a href=\"http:\/\/www.apucarana.pr.gov.br\/site\/wp-content\/uploads\/2022\/08\/IMG_9691-1024x683.jpg\" target=\"_self\"    >IMG_9691<\/a>\n\n\n\t<img decoding=\"async\" class=\"ms-thumb\" src=\"http:\/\/www.apucarana.pr.gov.br\/site\/wp-content\/uploads\/2022\/08\/IMG_9691-1024x683-140x80.jpg\" alt=\"IMG_9691\" \/>\n\t\t\t\t<\/div>\n\n\t\t\t<\/div>\n\t\t\t<!-- END MasterSlider Main -->\n\n\t\t\t \n\t\t<\/div>\n\t\t<!-- END MasterSlider -->\n\n\t\t<script>\n\t\t( window.MSReady = window.MSReady || [] ).push( function( $ ) {\n\n\t\t\t\"use strict\";\n\t\t\tvar masterslider_1f63 = new MasterSlider();\n\n\t\t\t\/\/ slider controls\n\t\t\tmasterslider_1f63.control('arrows'     ,{ autohide:true, overVideo:true  });\n\t\t\tmasterslider_1f63.control('thumblist'  ,{ autohide:false, overVideo:true, dir:'h', speed:17, inset:false, arrows:false, hover:false, customClass:'', align:'bottom',type:'thumbs', margin:2, width:140, height:80, space:2, fillMode:'fill'  });\n\t\t\t\/\/ slider setup\n\t\t\tmasterslider_1f63.setup(\"MS69f5dede41f63\", {\n\t\t\t\twidth           : 960,\n\t\t\t\theight          : 540,\n\t\t\t\tminHeight       : 0,\n\t\t\t\tspace           : 0,\n\t\t\t\tstart           : 1,\n\t\t\t\tgrabCursor      : true,\n\t\t\t\tswipe           : true,\n\t\t\t\tmouse           : true,\n\t\t\t\tkeyboard        : false,\n\t\t\t\tlayout          : \"fillwidth\",\n\t\t\t\twheel           : false,\n\t\t\t\tautoplay        : true,\n                instantStartLayers:false,\n\t\t\t\tmobileBGVideo:false,\n\t\t\t\tloop            : true,\n\t\t\t\tshuffle         : false,\n\t\t\t\tpreload         : 3,\n\t\t\t\theightLimit     : false,\n\t\t\t\tautoHeight      : false,\n\t\t\t\tsmoothHeight    : true,\n\t\t\t\tendPause        : false,\n\t\t\t\toverPause       : false,\n\t\t\t\tfillMode        : \"fill\",\n\t\t\t\tcenterControls  : true,\n\t\t\t\tstartOnAppear   : false,\n\t\t\t\tlayersMode      : \"center\",\n\t\t\t\tautofillTarget  : \"\",\n\t\t\t\thideLayers      : false,\n\t\t\t\tfullscreenMargin: 0,\n\t\t\t\tspeed           : 17,\n\t\t\t\tdir             : \"h\",\n\t\t\t\tresponsive      : true,\n\t\t\t\ttabletWidth     : 768,\n\t\t\t\ttabletHeight    : null,\n\t\t\t\tphoneWidth      : 480,\n\t\t\t\tphoneHeight    : null,\n\t\t\t\tsizingReference : window,\n\t\t\t\tparallaxMode    : 'swipe',\n\t\t\t\tview            : \"basic\"\n\t\t\t});\n\n\t\t\t\n\t\t\twindow.masterslider_instances = window.masterslider_instances || [];\n\t\t\twindow.masterslider_instances.push( masterslider_1f63 );\n\t\t});\n\t\t<\/script>\n\n\n<p>A Prefeitura de Apucarana, atrav\u00e9s da Secretaria de Servi\u00e7os P\u00fablicos, executou nesta semana a pavimenta\u00e7\u00e3o asf\u00e1ltica do p\u00e1tio das futuras instala\u00e7\u00f5es do Centro de Audiologia e Diagn\u00f3stico Integrado (CADI) da Associa\u00e7\u00e3o dos Pais e Amigos dos Excepcionais (APAE de Apucarana).<\/p>\n<p>O presidente da organiza\u00e7\u00e3o social, Luiz Fernando Frias, explica que a nova estrutura de atendimento est\u00e1 em fase final de constru\u00e7\u00e3o e deve ser inaugurada ainda neste segundo semestre. \u201cMantemos importantes parcerias com a prefeitura. Mais uma vez s\u00f3 temos o que agradecer ao Munic\u00edpio que, por interm\u00e9dio do prefeito J\u00fanior da Femac, est\u00e1 de portas abertas para, sempre dentro do poss\u00edvel, contribuir com as causas da entidade. Este investimento feito pela prefeitura \u00e9 primordial para a conclus\u00e3o do projeto\u201d, disse Frias.<\/p>\n<p>O CADI da APAE de Apucarana conta com especialistas otorrinolaringologistas e fonoaudi\u00f3logas que realizam exames auditivos desde beb\u00eas rec\u00e9m nascidos. Aberto \u00e0 comunidade, o local atende a pacientes oriundos do Sistema \u00danico de Sa\u00fade (SUS), alunos da pr\u00f3pria associa\u00e7\u00e3o, conv\u00eanios (planos de sa\u00fade) e particular. \u201cA pavimenta\u00e7\u00e3o do p\u00e1tio ficou excelente e cumpre uma importante e necess\u00e1ria etapa para podermos, ainda neste ano, viabilizar a inaugura\u00e7\u00e3o do pr\u00e9dio\u201d, refor\u00e7a Luiz Fernando Frias, presidente da APAE de Apucarana, pontuando que o CADI atualmente funciona em salas junto \u00e0 estrutura da entidade.<\/p>\n<p>O prefeito J\u00fanior da Femac salienta que a organiza\u00e7\u00e3o social desenvolve um trabalho de excel\u00eancia junto \u00e0 comunidade local. \u201cNo Centro de Audiologia, por exemplo, mantemos uma parceria por interm\u00e9dio da Autarquia Municipal de Sa\u00fade (AMS) que zerou a fila de espera por aparelhos auditivos junto \u00e0 rede p\u00fablica de sa\u00fade. Poder colaborar mais uma vez com este trabalho, viabilizando o asfaltamento do p\u00e1tio de acesso ao novo pr\u00e9dio \u00e9 uma grande satisfa\u00e7\u00e3o para o Munic\u00edpio de Apucarana\u201d, diz o prefeito.<\/p>\n<p>Respons\u00e1vel pela obra, o superintendente Municipal de Servi\u00e7os P\u00fablicos, Mauro Toshio Kitano, conta que a pavimenta\u00e7\u00e3o foi realizada em tr\u00eas dias, exclusivamente com maquin\u00e1rios e oper\u00e1rios do munic\u00edpio. \u201cForam aplicadas 90 toneladas de massa em um servi\u00e7o de reperfilamento asf\u00e1ltico, com camada de oito cent\u00edmetros de espessura. Um servi\u00e7o que vai garantir total acessibilidade ao novo pr\u00e9dio\u201d, diz Kitano.<\/p>\n","protected":false},"excerpt":{"rendered":"<p>A Prefeitura de Apucarana, atrav&eacute;s da Secretaria de Servi&ccedil;os P&uacute;blicos, executou nesta semana a pavimenta&ccedil;&atilde;o asf&aacute;ltica do p&aacute;tio das futuras instala&ccedil;&otilde;es do Centro de Audiologia e Diagn&oacute;stico Integrado (CADI) da Associa&ccedil;&atilde;o dos Pais e Amigos dos Excepcionais (APAE de Apucarana). O presidente da organiza&ccedil;&atilde;o social, Luiz Fernando Frias, explica que a nova estrutura de atendimento [&hellip;]<\/p>\n","protected":false},"author":7,"featured_media":69958,"comment_status":"closed","ping_status":"closed","sticky":false,"template":"","format":"standard","meta":{"footnotes":""},"categories":[24],"tags":[],"class_list":["post-69955","post","type-post","status-publish","format-standard","has-post-thumbnail","hentry","category-noticias"],"acf":[],"_links":{"self":[{"href":"http:\/\/www.apucarana.pr.gov.br\/site\/wp-json\/wp\/v2\/posts\/69955","targetHints":{"allow":["GET"]}}],"collection":[{"href":"http:\/\/www.apucarana.pr.gov.br\/site\/wp-json\/wp\/v2\/posts"}],"about":[{"href":"http:\/\/www.apucarana.pr.gov.br\/site\/wp-json\/wp\/v2\/types\/post"}],"author":[{"embeddable":true,"href":"http:\/\/www.apucarana.pr.gov.br\/site\/wp-json\/wp\/v2\/users\/7"}],"replies":[{"embeddable":true,"href":"http:\/\/www.apucarana.pr.gov.br\/site\/wp-json\/wp\/v2\/comments?post=69955"}],"version-history":[{"count":1,"href":"http:\/\/www.apucarana.pr.gov.br\/site\/wp-json\/wp\/v2\/posts\/69955\/revisions"}],"predecessor-version":[{"id":69960,"href":"http:\/\/www.apucarana.pr.gov.br\/site\/wp-json\/wp\/v2\/posts\/69955\/revisions\/69960"}],"wp:featuredmedia":[{"embeddable":true,"href":"http:\/\/www.apucarana.pr.gov.br\/site\/wp-json\/wp\/v2\/media\/69958"}],"wp:attachment":[{"href":"http:\/\/www.apucarana.pr.gov.br\/site\/wp-json\/wp\/v2\/media?parent=69955"}],"wp:term":[{"taxonomy":"category","embeddable":true,"href":"http:\/\/www.apucarana.pr.gov.br\/site\/wp-json\/wp\/v2\/categories?post=69955"},{"taxonomy":"post_tag","embeddable":true,"href":"http:\/\/www.apucarana.pr.gov.br\/site\/wp-json\/wp\/v2\/tags?post=69955"}],"curies":[{"name":"wp","href":"https:\/\/api.w.org\/{rel}","templated":true}]}}