{"id":69631,"date":"2022-07-27T14:29:26","date_gmt":"2022-07-27T17:29:26","guid":{"rendered":"http:\/\/www.apucarana.pr.gov.br\/site\/?p=69631"},"modified":"2024-10-08T09:27:15","modified_gmt":"2024-10-08T12:27:15","slug":"apucarana-revitaliza-asfalto-na-ligacao-do-jardim-catuai-com-o-contorno-sul","status":"publish","type":"post","link":"http:\/\/www.apucarana.pr.gov.br\/site\/apucarana-revitaliza-asfalto-na-ligacao-do-jardim-catuai-com-o-contorno-sul\/","title":{"rendered":"Apucarana revitaliza asfalto na liga\u00e7\u00e3o do Jardim Catua\u00ed com o Contorno Sul"},"content":{"rendered":"\n\t\t<!-- MasterSlider -->\n\t\t<div id=\"P_MS69ef8051bd559\" class=\"master-slider-parent master-slider-gallery   ms-parent-id-0\" style=\"\" >\n\n\t\t\t\n\t\t\t<!-- MasterSlider Main -->\n\t\t\t<div id=\"MS69ef8051bd559\" class=\"master-slider ms-skin-default\" >\n\t\t\t\t \t\t\t\t \n\t\t\t<div  class=\"ms-slide\" data-delay=\"3\"    >\n\t\t\t\t\t<img decoding=\"async\" src=\"http:\/\/www.apucarana.pr.gov.br\/site\/wp-content\/plugins\/masterslider\/public\/assets\/css\/blank.gif\" alt=\"RECAPE (1)\" title=\"RECAPE (1)\" data-src=\"http:\/\/www.apucarana.pr.gov.br\/site\/wp-content\/uploads\/2022\/07\/RECAPE-1-1024x683.jpg\" \/>\n\t<a href=\"http:\/\/www.apucarana.pr.gov.br\/site\/wp-content\/uploads\/2022\/07\/RECAPE-1-1024x683.jpg\" target=\"_self\"    >RECAPE (1)<\/a>\n\n\n\t<img decoding=\"async\" class=\"ms-thumb\" src=\"http:\/\/www.apucarana.pr.gov.br\/site\/wp-content\/uploads\/2022\/07\/RECAPE-1-1024x683-140x80.jpg\" alt=\"RECAPE (1)\" \/>\n\t\t\t\t<\/div>\n\t\t\t<div  class=\"ms-slide\" data-delay=\"3\"    >\n\t\t\t\t\t<img decoding=\"async\" src=\"http:\/\/www.apucarana.pr.gov.br\/site\/wp-content\/plugins\/masterslider\/public\/assets\/css\/blank.gif\" alt=\"RECAPE (3)\" title=\"RECAPE (3)\" data-src=\"http:\/\/www.apucarana.pr.gov.br\/site\/wp-content\/uploads\/2022\/07\/RECAPE-3-1024x685.jpg\" \/>\n\t<a href=\"http:\/\/www.apucarana.pr.gov.br\/site\/wp-content\/uploads\/2022\/07\/RECAPE-3-1024x685.jpg\" target=\"_self\"    >RECAPE (3)<\/a>\n\n\n\t<img decoding=\"async\" class=\"ms-thumb\" src=\"http:\/\/www.apucarana.pr.gov.br\/site\/wp-content\/uploads\/2022\/07\/RECAPE-3-1024x685-140x80.jpg\" alt=\"RECAPE (3)\" \/>\n\t\t\t\t<\/div>\n\t\t\t<div  class=\"ms-slide\" data-delay=\"3\"    >\n\t\t\t\t\t<img decoding=\"async\" src=\"http:\/\/www.apucarana.pr.gov.br\/site\/wp-content\/plugins\/masterslider\/public\/assets\/css\/blank.gif\" alt=\"RECAPE (4)\" title=\"RECAPE (4)\" data-src=\"http:\/\/www.apucarana.pr.gov.br\/site\/wp-content\/uploads\/2022\/07\/RECAPE-4-1024x683.jpg\" \/>\n\t<a href=\"http:\/\/www.apucarana.pr.gov.br\/site\/wp-content\/uploads\/2022\/07\/RECAPE-4-1024x683.jpg\" target=\"_self\"    >RECAPE (4)<\/a>\n\n\n\t<img decoding=\"async\" class=\"ms-thumb\" src=\"http:\/\/www.apucarana.pr.gov.br\/site\/wp-content\/uploads\/2022\/07\/RECAPE-4-1024x683-140x80.jpg\" alt=\"RECAPE (4)\" \/>\n\t\t\t\t<\/div>\n\t\t\t<div  class=\"ms-slide\" data-delay=\"3\"    >\n\t\t\t\t\t<img decoding=\"async\" src=\"http:\/\/www.apucarana.pr.gov.br\/site\/wp-content\/plugins\/masterslider\/public\/assets\/css\/blank.gif\" alt=\"RECAPE (6)\" title=\"RECAPE (6)\" data-src=\"http:\/\/www.apucarana.pr.gov.br\/site\/wp-content\/uploads\/2022\/07\/RECAPE-6-1024x683.jpg\" \/>\n\t<a href=\"http:\/\/www.apucarana.pr.gov.br\/site\/wp-content\/uploads\/2022\/07\/RECAPE-6-1024x683.jpg\" target=\"_self\"    >RECAPE (6)<\/a>\n\n\n\t<img decoding=\"async\" class=\"ms-thumb\" src=\"http:\/\/www.apucarana.pr.gov.br\/site\/wp-content\/uploads\/2022\/07\/RECAPE-6-1024x683-140x80.jpg\" alt=\"RECAPE (6)\" \/>\n\t\t\t\t<\/div>\n\t\t\t<div  class=\"ms-slide\" data-delay=\"3\"    >\n\t\t\t\t\t<img decoding=\"async\" src=\"http:\/\/www.apucarana.pr.gov.br\/site\/wp-content\/plugins\/masterslider\/public\/assets\/css\/blank.gif\" alt=\"RECAPE (10)\" title=\"RECAPE (10)\" data-src=\"http:\/\/www.apucarana.pr.gov.br\/site\/wp-content\/uploads\/2022\/07\/RECAPE-10-1024x683.jpg\" \/>\n\t<a href=\"http:\/\/www.apucarana.pr.gov.br\/site\/wp-content\/uploads\/2022\/07\/RECAPE-10-1024x683.jpg\" target=\"_self\"    >RECAPE (10)<\/a>\n\n\n\t<img decoding=\"async\" class=\"ms-thumb\" src=\"http:\/\/www.apucarana.pr.gov.br\/site\/wp-content\/uploads\/2022\/07\/RECAPE-10-1024x683-140x80.jpg\" alt=\"RECAPE (10)\" \/>\n\t\t\t\t<\/div>\n\t\t\t<div  class=\"ms-slide\" data-delay=\"3\"    >\n\t\t\t\t\t<img decoding=\"async\" src=\"http:\/\/www.apucarana.pr.gov.br\/site\/wp-content\/plugins\/masterslider\/public\/assets\/css\/blank.gif\" alt=\"RECAPE (11)\" title=\"RECAPE (11)\" data-src=\"http:\/\/www.apucarana.pr.gov.br\/site\/wp-content\/uploads\/2022\/07\/RECAPE-11-1024x683.jpg\" \/>\n\t<a href=\"http:\/\/www.apucarana.pr.gov.br\/site\/wp-content\/uploads\/2022\/07\/RECAPE-11-1024x683.jpg\" target=\"_self\"    >RECAPE (11)<\/a>\n\n\n\t<img decoding=\"async\" class=\"ms-thumb\" src=\"http:\/\/www.apucarana.pr.gov.br\/site\/wp-content\/uploads\/2022\/07\/RECAPE-11-1024x683-140x80.jpg\" alt=\"RECAPE (11)\" \/>\n\t\t\t\t<\/div>\n\n\t\t\t<\/div>\n\t\t\t<!-- END MasterSlider Main -->\n\n\t\t\t \n\t\t<\/div>\n\t\t<!-- END MasterSlider -->\n\n\t\t<script>\n\t\t( window.MSReady = window.MSReady || [] ).push( function( $ ) {\n\n\t\t\t\"use strict\";\n\t\t\tvar masterslider_d559 = new MasterSlider();\n\n\t\t\t\/\/ slider controls\n\t\t\tmasterslider_d559.control('arrows'     ,{ autohide:true, overVideo:true  });\n\t\t\tmasterslider_d559.control('thumblist'  ,{ autohide:false, overVideo:true, dir:'h', speed:17, inset:false, arrows:false, hover:false, customClass:'', align:'bottom',type:'thumbs', margin:2, width:140, height:80, space:2, fillMode:'fill'  });\n\t\t\t\/\/ slider setup\n\t\t\tmasterslider_d559.setup(\"MS69ef8051bd559\", {\n\t\t\t\twidth           : 960,\n\t\t\t\theight          : 540,\n\t\t\t\tminHeight       : 0,\n\t\t\t\tspace           : 0,\n\t\t\t\tstart           : 1,\n\t\t\t\tgrabCursor      : true,\n\t\t\t\tswipe           : true,\n\t\t\t\tmouse           : true,\n\t\t\t\tkeyboard        : false,\n\t\t\t\tlayout          : \"fillwidth\",\n\t\t\t\twheel           : false,\n\t\t\t\tautoplay        : true,\n                instantStartLayers:false,\n\t\t\t\tmobileBGVideo:false,\n\t\t\t\tloop            : true,\n\t\t\t\tshuffle         : false,\n\t\t\t\tpreload         : 3,\n\t\t\t\theightLimit     : false,\n\t\t\t\tautoHeight      : false,\n\t\t\t\tsmoothHeight    : true,\n\t\t\t\tendPause        : false,\n\t\t\t\toverPause       : false,\n\t\t\t\tfillMode        : \"fill\",\n\t\t\t\tcenterControls  : true,\n\t\t\t\tstartOnAppear   : false,\n\t\t\t\tlayersMode      : \"center\",\n\t\t\t\tautofillTarget  : \"\",\n\t\t\t\thideLayers      : false,\n\t\t\t\tfullscreenMargin: 0,\n\t\t\t\tspeed           : 17,\n\t\t\t\tdir             : \"h\",\n\t\t\t\tresponsive      : true,\n\t\t\t\ttabletWidth     : 768,\n\t\t\t\ttabletHeight    : null,\n\t\t\t\tphoneWidth      : 480,\n\t\t\t\tphoneHeight    : null,\n\t\t\t\tsizingReference : window,\n\t\t\t\tparallaxMode    : 'swipe',\n\t\t\t\tview            : \"basic\"\n\t\t\t});\n\n\t\t\t\n\t\t\twindow.masterslider_instances = window.masterslider_instances || [];\n\t\t\twindow.masterslider_instances.push( masterslider_d559 );\n\t\t});\n\t\t<\/script>\n\n\n<p>A Prefeitura de Apucarana concluiu nesta ter\u00e7a-feira (26\/07) o rejuvenescimento do pavimento asf\u00e1ltico da Rua Zacarias de G\u00f3es Vasconcelos, no Jardim Catua\u00ed &#8211; pr\u00f3ximo ao N\u00facleo Habitacional Parigot de Souza -, numa das entradas da cidade, via contorno sul.<\/p>\n<p>O recape, em concreto betuminoso usinado a quente (CBUQ), foi executado por uma empreiteira licitada e contemplou \u00e1rea de 4.350 metros. \u201cEsta interven\u00e7\u00e3o favorece uma importante regi\u00e3o e tamb\u00e9m o acesso \u00e0 Unidade B\u00e1sica de Sa\u00fade Dr. Moacir Mascaro. Mais uma entrada da cidade que ganha em trafegabilidade\u201d, diz o prefeito J\u00fanior da Femac, que foi ao local conferir a qualidade do novo pavimento. \u201cSomente neste trecho, foram aplicadas 313 toneladas de massa asf\u00e1ltica, resultando em uma camada de tr\u00eas cent\u00edmetros, o que garante qualidade e durabilidade ao servi\u00e7o\u201d, explicou.<\/p>\n<p>O investimento faz parte de um pacote de recape e reperfilamento asf\u00e1ltico que teve in\u00edcio no m\u00eas passado e j\u00e1 atendeu a seis trechos de ruas, at\u00e9 ent\u00e3o em paralelep\u00edpedo, no bairro da Igrejinha. \u201cMais uma grande a\u00e7\u00e3o que faz parte de um amplo planejamento de recupera\u00e7\u00e3o de ruas e avenidas em diversos bairros de Apucarana\u201d, pontua o prefeito J\u00fanior da Femac. Segundo ele, o investimento global \u00e9 na ordem de R$4,3 milh\u00f5es. A vencedora da licita\u00e7\u00e3o e respons\u00e1vel pelos servi\u00e7os \u00e9 a empresa Romo Pavimenta\u00e7\u00f5es Ltda, de Apucarana.<\/p>\n","protected":false},"excerpt":{"rendered":"<p>A Prefeitura de Apucarana concluiu nesta ter&ccedil;a-feira (26\/07) o rejuvenescimento do pavimento asf&aacute;ltico da Rua Zacarias de G&oacute;es Vasconcelos, no Jardim Catua&iacute; &ndash; pr&oacute;ximo ao N&uacute;cleo Habitacional Parigot de Souza -, numa das entradas da cidade, via contorno sul. O recape, em concreto betuminoso usinado a quente (CBUQ), foi executado por uma empreiteira licitada e [&hellip;]<\/p>\n","protected":false},"author":7,"featured_media":69634,"comment_status":"closed","ping_status":"closed","sticky":false,"template":"","format":"standard","meta":{"footnotes":""},"categories":[24],"tags":[],"class_list":["post-69631","post","type-post","status-publish","format-standard","has-post-thumbnail","hentry","category-noticias"],"acf":[],"_links":{"self":[{"href":"http:\/\/www.apucarana.pr.gov.br\/site\/wp-json\/wp\/v2\/posts\/69631","targetHints":{"allow":["GET"]}}],"collection":[{"href":"http:\/\/www.apucarana.pr.gov.br\/site\/wp-json\/wp\/v2\/posts"}],"about":[{"href":"http:\/\/www.apucarana.pr.gov.br\/site\/wp-json\/wp\/v2\/types\/post"}],"author":[{"embeddable":true,"href":"http:\/\/www.apucarana.pr.gov.br\/site\/wp-json\/wp\/v2\/users\/7"}],"replies":[{"embeddable":true,"href":"http:\/\/www.apucarana.pr.gov.br\/site\/wp-json\/wp\/v2\/comments?post=69631"}],"version-history":[{"count":1,"href":"http:\/\/www.apucarana.pr.gov.br\/site\/wp-json\/wp\/v2\/posts\/69631\/revisions"}],"predecessor-version":[{"id":69641,"href":"http:\/\/www.apucarana.pr.gov.br\/site\/wp-json\/wp\/v2\/posts\/69631\/revisions\/69641"}],"wp:featuredmedia":[{"embeddable":true,"href":"http:\/\/www.apucarana.pr.gov.br\/site\/wp-json\/wp\/v2\/media\/69634"}],"wp:attachment":[{"href":"http:\/\/www.apucarana.pr.gov.br\/site\/wp-json\/wp\/v2\/media?parent=69631"}],"wp:term":[{"taxonomy":"category","embeddable":true,"href":"http:\/\/www.apucarana.pr.gov.br\/site\/wp-json\/wp\/v2\/categories?post=69631"},{"taxonomy":"post_tag","embeddable":true,"href":"http:\/\/www.apucarana.pr.gov.br\/site\/wp-json\/wp\/v2\/tags?post=69631"}],"curies":[{"name":"wp","href":"https:\/\/api.w.org\/{rel}","templated":true}]}}