{"id":67820,"date":"2022-06-30T16:32:20","date_gmt":"2022-06-30T19:32:20","guid":{"rendered":"http:\/\/www.apucarana.pr.gov.br\/site\/?p=67820"},"modified":"2024-10-08T09:27:28","modified_gmt":"2024-10-08T12:27:28","slug":"apucarana-realiza-o-1o-circuito-de-volei-de-praia-na-aabb","status":"publish","type":"post","link":"http:\/\/www.apucarana.pr.gov.br\/site\/apucarana-realiza-o-1o-circuito-de-volei-de-praia-na-aabb\/","title":{"rendered":"Apucarana realiza o 1\u00ba Circuito de V\u00f4lei de Praia na AABB"},"content":{"rendered":"\n\t\t<!-- MasterSlider -->\n\t\t<div id=\"P_MS69eff7e40777c\" class=\"master-slider-parent master-slider-gallery   ms-parent-id-0\" style=\"\" >\n\n\t\t\t\n\t\t\t<!-- MasterSlider Main -->\n\t\t\t<div id=\"MS69eff7e40777c\" class=\"master-slider ms-skin-default\" >\n\t\t\t\t \t\t\t\t \n\t\t\t<div  class=\"ms-slide\" data-delay=\"3\"    >\n\t\t\t\t\t<img decoding=\"async\" src=\"http:\/\/www.apucarana.pr.gov.br\/site\/wp-content\/plugins\/masterslider\/public\/assets\/css\/blank.gif\" alt=\"WhatsApp Image 2022-06-30 at 16.11.31\" title=\"WhatsApp Image 2022-06-30 at 16.11.31\" data-src=\"http:\/\/www.apucarana.pr.gov.br\/site\/wp-content\/uploads\/2022\/06\/WhatsApp-Image-2022-06-30-at-16.11.31-1.jpeg\" \/>\n\t<a href=\"http:\/\/www.apucarana.pr.gov.br\/site\/wp-content\/uploads\/2022\/06\/WhatsApp-Image-2022-06-30-at-16.11.31-1.jpeg\" target=\"_self\"    >WhatsApp Image 2022-06-30 at 16.11.31<\/a>\n\n\n\t<img decoding=\"async\" class=\"ms-thumb\" src=\"http:\/\/www.apucarana.pr.gov.br\/site\/wp-content\/uploads\/2022\/06\/WhatsApp-Image-2022-06-30-at-16.11.31-1-140x80.jpeg\" alt=\"WhatsApp Image 2022-06-30 at 16.11.31\" \/>\n\t\t\t\t<\/div>\n\t\t\t<div  class=\"ms-slide\" data-delay=\"3\"    >\n\t\t\t\t\t<img decoding=\"async\" src=\"http:\/\/www.apucarana.pr.gov.br\/site\/wp-content\/plugins\/masterslider\/public\/assets\/css\/blank.gif\" alt=\"WhatsApp Image 2022-06-30 at 16.11.41\" title=\"WhatsApp Image 2022-06-30 at 16.11.41\" data-src=\"http:\/\/www.apucarana.pr.gov.br\/site\/wp-content\/uploads\/2022\/06\/WhatsApp-Image-2022-06-30-at-16.11.41.jpeg\" \/>\n\t<a href=\"http:\/\/www.apucarana.pr.gov.br\/site\/wp-content\/uploads\/2022\/06\/WhatsApp-Image-2022-06-30-at-16.11.41.jpeg\" target=\"_self\"    >WhatsApp Image 2022-06-30 at 16.11.41<\/a>\n\n\n\t<img decoding=\"async\" class=\"ms-thumb\" src=\"http:\/\/www.apucarana.pr.gov.br\/site\/wp-content\/uploads\/2022\/06\/WhatsApp-Image-2022-06-30-at-16.11.41-140x80.jpeg\" alt=\"WhatsApp Image 2022-06-30 at 16.11.41\" \/>\n\t\t\t\t<\/div>\n\n\t\t\t<\/div>\n\t\t\t<!-- END MasterSlider Main -->\n\n\t\t\t \n\t\t<\/div>\n\t\t<!-- END MasterSlider -->\n\n\t\t<script>\n\t\t( window.MSReady = window.MSReady || [] ).push( function( $ ) {\n\n\t\t\t\"use strict\";\n\t\t\tvar masterslider_777c = new MasterSlider();\n\n\t\t\t\/\/ slider controls\n\t\t\tmasterslider_777c.control('arrows'     ,{ autohide:true, overVideo:true  });\n\t\t\tmasterslider_777c.control('thumblist'  ,{ autohide:false, overVideo:true, dir:'h', speed:17, inset:false, arrows:false, hover:false, customClass:'', align:'bottom',type:'thumbs', margin:2, width:140, height:80, space:2, fillMode:'fill'  });\n\t\t\t\/\/ slider setup\n\t\t\tmasterslider_777c.setup(\"MS69eff7e40777c\", {\n\t\t\t\twidth           : 960,\n\t\t\t\theight          : 540,\n\t\t\t\tminHeight       : 0,\n\t\t\t\tspace           : 0,\n\t\t\t\tstart           : 1,\n\t\t\t\tgrabCursor      : true,\n\t\t\t\tswipe           : true,\n\t\t\t\tmouse           : true,\n\t\t\t\tkeyboard        : false,\n\t\t\t\tlayout          : \"fillwidth\",\n\t\t\t\twheel           : false,\n\t\t\t\tautoplay        : true,\n                instantStartLayers:false,\n\t\t\t\tmobileBGVideo:false,\n\t\t\t\tloop            : true,\n\t\t\t\tshuffle         : false,\n\t\t\t\tpreload         : 3,\n\t\t\t\theightLimit     : false,\n\t\t\t\tautoHeight      : false,\n\t\t\t\tsmoothHeight    : true,\n\t\t\t\tendPause        : false,\n\t\t\t\toverPause       : false,\n\t\t\t\tfillMode        : \"fill\",\n\t\t\t\tcenterControls  : true,\n\t\t\t\tstartOnAppear   : false,\n\t\t\t\tlayersMode      : \"center\",\n\t\t\t\tautofillTarget  : \"\",\n\t\t\t\thideLayers      : false,\n\t\t\t\tfullscreenMargin: 0,\n\t\t\t\tspeed           : 17,\n\t\t\t\tdir             : \"h\",\n\t\t\t\tresponsive      : true,\n\t\t\t\ttabletWidth     : 768,\n\t\t\t\ttabletHeight    : null,\n\t\t\t\tphoneWidth      : 480,\n\t\t\t\tphoneHeight    : null,\n\t\t\t\tsizingReference : window,\n\t\t\t\tparallaxMode    : 'swipe',\n\t\t\t\tview            : \"basic\"\n\t\t\t});\n\n\t\t\t\n\t\t\twindow.masterslider_instances = window.masterslider_instances || [];\n\t\t\twindow.masterslider_instances.push( masterslider_777c );\n\t\t});\n\t\t<\/script>\n\n\n<p>Em evento que conta com apoio da Secretaria Municipal de Esportes da Prefeitura de Apucarana, ser\u00e1 realizado neste final de semana (01, 02 e 03\/07), na Associa\u00e7\u00e3o Atl\u00e9tica Banco do Brasil, o 1\u00ba Circuito de V\u00f4lei de Praia da AABB que ocorrer\u00e1 nos naipes masculino e feminino, com a participa\u00e7\u00e3o de atletas, a partir dos 16 anos de idade.<\/p>\n<p>O professor Adilson Franco de Souza, o Sass\u00e1, t\u00e9cnico da equipe feminina adulta da Associa\u00e7\u00e3o de Voleibol de Apucarana (Avoap) e que est\u00e1 ajudando na organiza\u00e7\u00e3o do circuito, disse que a competi\u00e7\u00e3o ter\u00e1 16 duplas masculinas e 16 duplas femininas. \u201cSer\u00e1 um final de semana com muitos jogos na quadra de areia da AABB, com atletas inscritos de Apucarana, Arapongas e Cambira, com os melhores colocados de cada categoria recebendo premia\u00e7\u00e3o\u201d, cita Sass\u00e1.<\/p>\n<p>Nesta sexta-feira o circuito iniciar\u00e1 \u00e0s 19 horas, no s\u00e1bado \u00e0s 13 horas e no domingo, a partir das 9 horas.<\/p>\n<p>O professor Jos\u00e9 Marcelino da Silva, o Grillo, Secret\u00e1rio Municipal de Esportes da Prefeitura, disse que a secretaria est\u00e1 ajudando na realiza\u00e7\u00e3o do Circuito. \u201c\u00c9 mais uma competi\u00e7\u00e3o no munic\u00edpio que estamos prestigiando e dando apoio, sempre com o respaldo do prefeito Junior da Femac\u201d.<\/p>\n<p>A competi\u00e7\u00e3o de v\u00f4lei de praia ter\u00e1 a coordena\u00e7\u00e3o da professora Nathalia Hauptmann, presidente da Avoap, e de Lincoln Gardina, gerente de rela\u00e7\u00f5es p\u00fablicas da AABB de Apucarana.<\/p>\n<p><strong>\u00a0<\/strong><\/p>\n","protected":false},"excerpt":{"rendered":"<p>Em evento que conta com apoio da Secretaria Municipal de Esportes da Prefeitura de Apucarana, ser&aacute; realizado neste final de semana (01, 02 e 03\/07), na Associa&ccedil;&atilde;o Atl&eacute;tica Banco do Brasil, o 1&ordm; Circuito de V&ocirc;lei de Praia da AABB que ocorrer&aacute; nos naipes masculino e feminino, com a participa&ccedil;&atilde;o de atletas, a partir dos [&hellip;]<\/p>\n","protected":false},"author":12,"featured_media":67825,"comment_status":"closed","ping_status":"closed","sticky":false,"template":"","format":"standard","meta":{"footnotes":""},"categories":[24],"tags":[],"class_list":["post-67820","post","type-post","status-publish","format-standard","has-post-thumbnail","hentry","category-noticias"],"acf":[],"_links":{"self":[{"href":"http:\/\/www.apucarana.pr.gov.br\/site\/wp-json\/wp\/v2\/posts\/67820","targetHints":{"allow":["GET"]}}],"collection":[{"href":"http:\/\/www.apucarana.pr.gov.br\/site\/wp-json\/wp\/v2\/posts"}],"about":[{"href":"http:\/\/www.apucarana.pr.gov.br\/site\/wp-json\/wp\/v2\/types\/post"}],"author":[{"embeddable":true,"href":"http:\/\/www.apucarana.pr.gov.br\/site\/wp-json\/wp\/v2\/users\/12"}],"replies":[{"embeddable":true,"href":"http:\/\/www.apucarana.pr.gov.br\/site\/wp-json\/wp\/v2\/comments?post=67820"}],"version-history":[{"count":1,"href":"http:\/\/www.apucarana.pr.gov.br\/site\/wp-json\/wp\/v2\/posts\/67820\/revisions"}],"predecessor-version":[{"id":67828,"href":"http:\/\/www.apucarana.pr.gov.br\/site\/wp-json\/wp\/v2\/posts\/67820\/revisions\/67828"}],"wp:featuredmedia":[{"embeddable":true,"href":"http:\/\/www.apucarana.pr.gov.br\/site\/wp-json\/wp\/v2\/media\/67825"}],"wp:attachment":[{"href":"http:\/\/www.apucarana.pr.gov.br\/site\/wp-json\/wp\/v2\/media?parent=67820"}],"wp:term":[{"taxonomy":"category","embeddable":true,"href":"http:\/\/www.apucarana.pr.gov.br\/site\/wp-json\/wp\/v2\/categories?post=67820"},{"taxonomy":"post_tag","embeddable":true,"href":"http:\/\/www.apucarana.pr.gov.br\/site\/wp-json\/wp\/v2\/tags?post=67820"}],"curies":[{"name":"wp","href":"https:\/\/api.w.org\/{rel}","templated":true}]}}