{"id":67424,"date":"2022-06-22T17:21:12","date_gmt":"2022-06-22T20:21:12","guid":{"rendered":"http:\/\/www.apucarana.pr.gov.br\/site\/?p=67424"},"modified":"2024-10-08T09:26:25","modified_gmt":"2024-10-08T12:26:25","slug":"prefeitura-investe-r-1-milhao-para-levar-iluminacao-led-ao-joao-paulo","status":"publish","type":"post","link":"http:\/\/www.apucarana.pr.gov.br\/site\/prefeitura-investe-r-1-milhao-para-levar-iluminacao-led-ao-joao-paulo\/","title":{"rendered":"Prefeitura investe R$ 1 milh\u00e3o para levar ilumina\u00e7\u00e3o LED ao \u201cJo\u00e3o Paulo\u201d"},"content":{"rendered":"\n\t\t<!-- MasterSlider -->\n\t\t<div id=\"P_MS69f100c3ec4ed\" class=\"master-slider-parent master-slider-gallery   ms-parent-id-0\" style=\"\" >\n\n\t\t\t\n\t\t\t<!-- MasterSlider Main -->\n\t\t\t<div id=\"MS69f100c3ec4ed\" class=\"master-slider ms-skin-default\" >\n\t\t\t\t \t\t\t\t \n\t\t\t<div  class=\"ms-slide\" data-delay=\"3\"    >\n\t\t\t\t\t<img decoding=\"async\" src=\"http:\/\/www.apucarana.pr.gov.br\/site\/wp-content\/plugins\/masterslider\/public\/assets\/css\/blank.gif\" alt=\"ILUMINA\u00c7\u00c3O (11)\" title=\"ILUMINA\u00c7\u00c3O (11)\" data-src=\"http:\/\/www.apucarana.pr.gov.br\/site\/wp-content\/uploads\/2022\/06\/ILUMINACAO-11-902x1024.jpg\" \/>\n\t<a href=\"http:\/\/www.apucarana.pr.gov.br\/site\/wp-content\/uploads\/2022\/06\/ILUMINACAO-11-902x1024.jpg\" target=\"_self\"    >ILUMINA\u00c7\u00c3O (11)<\/a>\n\n\n\t<img decoding=\"async\" class=\"ms-thumb\" src=\"http:\/\/www.apucarana.pr.gov.br\/site\/wp-content\/uploads\/2022\/06\/ILUMINACAO-11-902x1024-140x80.jpg\" alt=\"ILUMINA\u00c7\u00c3O (11)\" \/>\n\t\t\t\t<\/div>\n\t\t\t<div  class=\"ms-slide\" data-delay=\"3\"    >\n\t\t\t\t\t<img decoding=\"async\" src=\"http:\/\/www.apucarana.pr.gov.br\/site\/wp-content\/plugins\/masterslider\/public\/assets\/css\/blank.gif\" alt=\"ILUMINA\u00c7\u00c3O 15\" title=\"ILUMINA\u00c7\u00c3O 15\" data-src=\"http:\/\/www.apucarana.pr.gov.br\/site\/wp-content\/uploads\/2022\/06\/ILUMINACAO-15-1024x615.jpg\" \/>\n\t<a href=\"http:\/\/www.apucarana.pr.gov.br\/site\/wp-content\/uploads\/2022\/06\/ILUMINACAO-15-1024x615.jpg\" target=\"_self\"    >ILUMINA\u00c7\u00c3O 15<\/a>\n\n\n\t<img decoding=\"async\" class=\"ms-thumb\" src=\"http:\/\/www.apucarana.pr.gov.br\/site\/wp-content\/uploads\/2022\/06\/ILUMINACAO-15-1024x615-140x80.jpg\" alt=\"ILUMINA\u00c7\u00c3O 15\" \/>\n\t\t\t\t<\/div>\n\t\t\t<div  class=\"ms-slide\" data-delay=\"3\"    >\n\t\t\t\t\t<img decoding=\"async\" src=\"http:\/\/www.apucarana.pr.gov.br\/site\/wp-content\/plugins\/masterslider\/public\/assets\/css\/blank.gif\" alt=\"ILUMINA\u00c7\u00c3O (2)\" title=\"ILUMINA\u00c7\u00c3O (2)\" data-src=\"http:\/\/www.apucarana.pr.gov.br\/site\/wp-content\/uploads\/2022\/06\/ILUMINACAO-2-1-1024x666.jpg\" \/>\n\t<a href=\"http:\/\/www.apucarana.pr.gov.br\/site\/wp-content\/uploads\/2022\/06\/ILUMINACAO-2-1-1024x666.jpg\" target=\"_self\"    >ILUMINA\u00c7\u00c3O (2)<\/a>\n\n\n\t<img decoding=\"async\" class=\"ms-thumb\" src=\"http:\/\/www.apucarana.pr.gov.br\/site\/wp-content\/uploads\/2022\/06\/ILUMINACAO-2-1-1024x666-140x80.jpg\" alt=\"ILUMINA\u00c7\u00c3O (2)\" \/>\n\t\t\t\t<\/div>\n\t\t\t<div  class=\"ms-slide\" data-delay=\"3\"    >\n\t\t\t\t\t<img decoding=\"async\" src=\"http:\/\/www.apucarana.pr.gov.br\/site\/wp-content\/plugins\/masterslider\/public\/assets\/css\/blank.gif\" alt=\"ILUMINA\u00c7\u00c3O (1)\" title=\"ILUMINA\u00c7\u00c3O (1)\" data-src=\"http:\/\/www.apucarana.pr.gov.br\/site\/wp-content\/uploads\/2022\/06\/ILUMINACAO-1-1024x683.jpg\" \/>\n\t<a href=\"http:\/\/www.apucarana.pr.gov.br\/site\/wp-content\/uploads\/2022\/06\/ILUMINACAO-1-1024x683.jpg\" target=\"_self\"    >ILUMINA\u00c7\u00c3O (1)<\/a>\n\n\n\t<img decoding=\"async\" class=\"ms-thumb\" src=\"http:\/\/www.apucarana.pr.gov.br\/site\/wp-content\/uploads\/2022\/06\/ILUMINACAO-1-1024x683-140x80.jpg\" alt=\"ILUMINA\u00c7\u00c3O (1)\" \/>\n\t\t\t\t<\/div>\n\t\t\t<div  class=\"ms-slide\" data-delay=\"3\"    >\n\t\t\t\t\t<img decoding=\"async\" src=\"http:\/\/www.apucarana.pr.gov.br\/site\/wp-content\/plugins\/masterslider\/public\/assets\/css\/blank.gif\" alt=\"ILUMINA\u00c7\u00c3O (9)\" title=\"ILUMINA\u00c7\u00c3O (9)\" data-src=\"http:\/\/www.apucarana.pr.gov.br\/site\/wp-content\/uploads\/2022\/06\/ILUMINACAO-9-1024x683.jpg\" \/>\n\t<a href=\"http:\/\/www.apucarana.pr.gov.br\/site\/wp-content\/uploads\/2022\/06\/ILUMINACAO-9-1024x683.jpg\" target=\"_self\"    >ILUMINA\u00c7\u00c3O (9)<\/a>\n\n\n\t<img decoding=\"async\" class=\"ms-thumb\" src=\"http:\/\/www.apucarana.pr.gov.br\/site\/wp-content\/uploads\/2022\/06\/ILUMINACAO-9-1024x683-140x80.jpg\" alt=\"ILUMINA\u00c7\u00c3O (9)\" \/>\n\t\t\t\t<\/div>\n\n\t\t\t<\/div>\n\t\t\t<!-- END MasterSlider Main -->\n\n\t\t\t \n\t\t<\/div>\n\t\t<!-- END MasterSlider -->\n\n\t\t<script>\n\t\t( window.MSReady = window.MSReady || [] ).push( function( $ ) {\n\n\t\t\t\"use strict\";\n\t\t\tvar masterslider_c4ed = new MasterSlider();\n\n\t\t\t\/\/ slider controls\n\t\t\tmasterslider_c4ed.control('arrows'     ,{ autohide:true, overVideo:true  });\n\t\t\tmasterslider_c4ed.control('thumblist'  ,{ autohide:false, overVideo:true, dir:'h', speed:17, inset:false, arrows:false, hover:false, customClass:'', align:'bottom',type:'thumbs', margin:2, width:140, height:80, space:2, fillMode:'fill'  });\n\t\t\t\/\/ slider setup\n\t\t\tmasterslider_c4ed.setup(\"MS69f100c3ec4ed\", {\n\t\t\t\twidth           : 960,\n\t\t\t\theight          : 540,\n\t\t\t\tminHeight       : 0,\n\t\t\t\tspace           : 0,\n\t\t\t\tstart           : 1,\n\t\t\t\tgrabCursor      : true,\n\t\t\t\tswipe           : true,\n\t\t\t\tmouse           : true,\n\t\t\t\tkeyboard        : false,\n\t\t\t\tlayout          : \"fillwidth\",\n\t\t\t\twheel           : false,\n\t\t\t\tautoplay        : true,\n                instantStartLayers:false,\n\t\t\t\tmobileBGVideo:false,\n\t\t\t\tloop            : true,\n\t\t\t\tshuffle         : false,\n\t\t\t\tpreload         : 3,\n\t\t\t\theightLimit     : false,\n\t\t\t\tautoHeight      : false,\n\t\t\t\tsmoothHeight    : true,\n\t\t\t\tendPause        : false,\n\t\t\t\toverPause       : false,\n\t\t\t\tfillMode        : \"fill\",\n\t\t\t\tcenterControls  : true,\n\t\t\t\tstartOnAppear   : false,\n\t\t\t\tlayersMode      : \"center\",\n\t\t\t\tautofillTarget  : \"\",\n\t\t\t\thideLayers      : false,\n\t\t\t\tfullscreenMargin: 0,\n\t\t\t\tspeed           : 17,\n\t\t\t\tdir             : \"h\",\n\t\t\t\tresponsive      : true,\n\t\t\t\ttabletWidth     : 768,\n\t\t\t\ttabletHeight    : null,\n\t\t\t\tphoneWidth      : 480,\n\t\t\t\tphoneHeight    : null,\n\t\t\t\tsizingReference : window,\n\t\t\t\tparallaxMode    : 'swipe',\n\t\t\t\tview            : \"basic\"\n\t\t\t});\n\n\t\t\t\n\t\t\twindow.masterslider_instances = window.masterslider_instances || [];\n\t\t\twindow.masterslider_instances.push( masterslider_c4ed );\n\t\t});\n\t\t<\/script>\n\n\n<p>O bairro Jo\u00e3o Paulo I e outros tr\u00eas bairros pr\u00f3ximos est\u00e3o ganhando ilumina\u00e7\u00e3o de LED. Ao todo, a Prefeitura de Apucarana investir\u00e1 cerca de R$ 1 milh\u00e3o na substitui\u00e7\u00e3o de 810 lumin\u00e1rias. Al\u00e9m do \u201cJo\u00e3o Paulo\u201d, a moderniza\u00e7\u00e3o tamb\u00e9m atender\u00e1 o Residencial Miriam, Loteamento Sol Nascente e Jardim Primavera.<\/p>\n<p>O prefeito Junior da Femac frisa que a moderniza\u00e7\u00e3o integra um pacote no valor total de R$ 6,7 milh\u00f5es, que est\u00e1 atendendo diversos bairros. \u201cA moderniza\u00e7\u00e3o da ilumina\u00e7\u00e3o p\u00fablica de Apucarana chegou ao bairro Jo\u00e3o Paulo e regi\u00e3o. Nesta semana a empresa contratada iniciou a substitui\u00e7\u00e3o das antigas lumin\u00e1rias por novas com tecnologia em LED, mais eficientes e econ\u00f4micas\u201d, informa Junior da Femac.<\/p>\n<p>O prefeito afirma que as novas lumin\u00e1rias proporcionam uma luminosidade cinco vezes maior. \u201cTraz mais visibilidade e seguran\u00e7a para quem passa pelo local de carro, moto, bicicleta ou a p\u00e9. Estamos avan\u00e7ando com a moderniza\u00e7\u00e3o da ilumina\u00e7\u00e3o por toda a cidade\u201d, reitera Junior da Femac, citando trabalhos recentes no Adriano Correia, na Avenida Seixas Amaral e na Ciclovia Irmo Celso Vidor.<\/p>\n<p>De acordo com o engenheiro eletricista Lafayete Luz, coordenador municipal de ilumina\u00e7\u00e3o p\u00fablica, o trabalho come\u00e7ou pelas ruas Rio Igua\u00e7u, Rio do Peixe, Rio Piquiri, Rio Iva\u00ed e Rio Corumbata\u00ed. \u201cAo todo, a moderniza\u00e7\u00e3o abranger\u00e1 51 ruas. A empresa contratada iniciou a substitui\u00e7\u00e3o nesta semana e os trabalhos devem ser conclu\u00eddos dentro de 30 dias\u201d, projeta Lafayete.<\/p>\n<p>A maior parte das l\u00e2mpadas nesta regi\u00e3o da cidade era de vapor de s\u00f3dio de 70 watts. \u201cVamos trocar 100% das lumin\u00e1rias nestes quatro bairros. Vamos fazer a substitui\u00e7\u00e3o em 810 pontos, colocando no lugar 719 lumin\u00e1rias de LED de 120 watts e outras 91 de 180 watts\u201d, detalha Lafayete.<\/p>\n<p>As lumin\u00e1rias de LED de maior pot\u00eancia ser\u00e3o instaladas nas tr\u00eas principais vias de acesso ao Jo\u00e3o Paulo. \u201cNas duas passagens de n\u00edvel do trem, na Rua 28 de Janeiro e na Rua Rio Bom, e na Rua Rio Jacar\u00e9 onde fica o viaduto. Tamb\u00e9m colocaremos l\u00e2mpadas mais potentes na pista dupla, na Rua Rio das Cinzas\u201d, informa o engenheiro eletricista.<\/p>\n","protected":false},"excerpt":{"rendered":"<p>O bairro Jo&atilde;o Paulo I e outros tr&ecirc;s bairros pr&oacute;ximos est&atilde;o ganhando ilumina&ccedil;&atilde;o de LED. Ao todo, a Prefeitura de Apucarana investir&aacute; cerca de R$ 1 milh&atilde;o na substitui&ccedil;&atilde;o de 810 lumin&aacute;rias. Al&eacute;m do &ldquo;Jo&atilde;o Paulo&rdquo;, a moderniza&ccedil;&atilde;o tamb&eacute;m atender&aacute; o Residencial Miriam, Loteamento Sol Nascente e Jardim Primavera. O prefeito Junior da Femac frisa [&hellip;]<\/p>\n","protected":false},"author":10,"featured_media":67425,"comment_status":"closed","ping_status":"closed","sticky":false,"template":"","format":"standard","meta":{"footnotes":""},"categories":[24],"tags":[],"class_list":["post-67424","post","type-post","status-publish","format-standard","has-post-thumbnail","hentry","category-noticias"],"acf":[],"_links":{"self":[{"href":"http:\/\/www.apucarana.pr.gov.br\/site\/wp-json\/wp\/v2\/posts\/67424","targetHints":{"allow":["GET"]}}],"collection":[{"href":"http:\/\/www.apucarana.pr.gov.br\/site\/wp-json\/wp\/v2\/posts"}],"about":[{"href":"http:\/\/www.apucarana.pr.gov.br\/site\/wp-json\/wp\/v2\/types\/post"}],"author":[{"embeddable":true,"href":"http:\/\/www.apucarana.pr.gov.br\/site\/wp-json\/wp\/v2\/users\/10"}],"replies":[{"embeddable":true,"href":"http:\/\/www.apucarana.pr.gov.br\/site\/wp-json\/wp\/v2\/comments?post=67424"}],"version-history":[{"count":1,"href":"http:\/\/www.apucarana.pr.gov.br\/site\/wp-json\/wp\/v2\/posts\/67424\/revisions"}],"predecessor-version":[{"id":67430,"href":"http:\/\/www.apucarana.pr.gov.br\/site\/wp-json\/wp\/v2\/posts\/67424\/revisions\/67430"}],"wp:featuredmedia":[{"embeddable":true,"href":"http:\/\/www.apucarana.pr.gov.br\/site\/wp-json\/wp\/v2\/media\/67425"}],"wp:attachment":[{"href":"http:\/\/www.apucarana.pr.gov.br\/site\/wp-json\/wp\/v2\/media?parent=67424"}],"wp:term":[{"taxonomy":"category","embeddable":true,"href":"http:\/\/www.apucarana.pr.gov.br\/site\/wp-json\/wp\/v2\/categories?post=67424"},{"taxonomy":"post_tag","embeddable":true,"href":"http:\/\/www.apucarana.pr.gov.br\/site\/wp-json\/wp\/v2\/tags?post=67424"}],"curies":[{"name":"wp","href":"https:\/\/api.w.org\/{rel}","templated":true}]}}