{"id":67402,"date":"2022-06-22T16:21:43","date_gmt":"2022-06-22T19:21:43","guid":{"rendered":"http:\/\/www.apucarana.pr.gov.br\/site\/?p=67402"},"modified":"2024-10-08T09:26:25","modified_gmt":"2024-10-08T12:26:25","slug":"autarquia-de-educacao-convoca-120-candidatos-aprovados-em-concurso-publico","status":"publish","type":"post","link":"http:\/\/www.apucarana.pr.gov.br\/site\/autarquia-de-educacao-convoca-120-candidatos-aprovados-em-concurso-publico\/","title":{"rendered":"Autarquia de Educa\u00e7\u00e3o convoca 120 candidatos aprovados em concurso p\u00fablico"},"content":{"rendered":"\n\t\t<!-- MasterSlider -->\n\t\t<div id=\"P_MS69f7173dbadb3\" class=\"master-slider-parent master-slider-gallery   ms-parent-id-0\" style=\"\" >\n\n\t\t\t\n\t\t\t<!-- MasterSlider Main -->\n\t\t\t<div id=\"MS69f7173dbadb3\" class=\"master-slider ms-skin-default\" >\n\t\t\t\t \t\t\t\t \n\t\t\t<div  class=\"ms-slide\" data-delay=\"3\"    >\n\t\t\t\t\t<img decoding=\"async\" src=\"http:\/\/www.apucarana.pr.gov.br\/site\/wp-content\/plugins\/masterslider\/public\/assets\/css\/blank.gif\" alt=\"IMG_5989\" title=\"IMG_5989\" data-src=\"http:\/\/www.apucarana.pr.gov.br\/site\/wp-content\/uploads\/2022\/06\/IMG_5989-1024x683.jpg\" \/>\n\t<a href=\"http:\/\/www.apucarana.pr.gov.br\/site\/wp-content\/uploads\/2022\/06\/IMG_5989-1024x683.jpg\" target=\"_self\"    >IMG_5989<\/a>\n\n\n\t\t\t\t<\/div>\n\n\t\t\t<\/div>\n\t\t\t<!-- END MasterSlider Main -->\n\n\t\t\t \n\t\t<\/div>\n\t\t<!-- END MasterSlider -->\n\n\t\t<script>\n\t\t( window.MSReady = window.MSReady || [] ).push( function( $ ) {\n\n\t\t\t\"use strict\";\n\t\t\tvar masterslider_adb3 = new MasterSlider();\n\n\t\t\t\/\/ slider controls\n\t\t\tmasterslider_adb3.control('arrows'     ,{ autohide:true, overVideo:true  });\n\t\t\t\/\/ slider setup\n\t\t\tmasterslider_adb3.setup(\"MS69f7173dbadb3\", {\n\t\t\t\twidth           : 960,\n\t\t\t\theight          : 540,\n\t\t\t\tminHeight       : 0,\n\t\t\t\tspace           : 0,\n\t\t\t\tstart           : 1,\n\t\t\t\tgrabCursor      : true,\n\t\t\t\tswipe           : true,\n\t\t\t\tmouse           : true,\n\t\t\t\tkeyboard        : false,\n\t\t\t\tlayout          : \"fillwidth\",\n\t\t\t\twheel           : false,\n\t\t\t\tautoplay        : true,\n                instantStartLayers:false,\n\t\t\t\tmobileBGVideo:false,\n\t\t\t\tloop            : true,\n\t\t\t\tshuffle         : false,\n\t\t\t\tpreload         : 3,\n\t\t\t\theightLimit     : false,\n\t\t\t\tautoHeight      : false,\n\t\t\t\tsmoothHeight    : true,\n\t\t\t\tendPause        : false,\n\t\t\t\toverPause       : false,\n\t\t\t\tfillMode        : \"fill\",\n\t\t\t\tcenterControls  : true,\n\t\t\t\tstartOnAppear   : false,\n\t\t\t\tlayersMode      : \"center\",\n\t\t\t\tautofillTarget  : \"\",\n\t\t\t\thideLayers      : false,\n\t\t\t\tfullscreenMargin: 0,\n\t\t\t\tspeed           : 17,\n\t\t\t\tdir             : \"h\",\n\t\t\t\tresponsive      : true,\n\t\t\t\ttabletWidth     : 768,\n\t\t\t\ttabletHeight    : null,\n\t\t\t\tphoneWidth      : 480,\n\t\t\t\tphoneHeight    : null,\n\t\t\t\tsizingReference : window,\n\t\t\t\tparallaxMode    : 'swipe',\n\t\t\t\tview            : \"basic\"\n\t\t\t});\n\n\t\t\t\n\t\t\twindow.masterslider_instances = window.masterslider_instances || [];\n\t\t\twindow.masterslider_instances.push( masterslider_adb3 );\n\t\t});\n\t\t<\/script>\n\n\n<p>A Autarquia Municipal de Educa\u00e7\u00e3o est\u00e1 convocando aproximadamente 120 candidatos aprovados em concurso p\u00fablico para refor\u00e7ar o quadro de funcion\u00e1rios dos 23 centros infantis (CMEIs) e 35 escolas da sua rede. Os editais 041, 042, 043, 044, 045 e 046\/2022 foram publicados hoje (22\/6) no Di\u00e1rio Oficial da Prefeitura de Apucarana.<\/p>\n<p>De acordo com a secret\u00e1ria de educa\u00e7\u00e3o Marli Fernandes, 100 auxiliares de servi\u00e7os gerais, dez professores, oito assistentes infantis e tr\u00eas assistentes administrativos est\u00e3o sendo chamados neste momento. \u201cComo a lei complementar federal n\u00ba 173\/2020 proibiu que os \u00f3rg\u00e3os p\u00fablicos aumentassem suas despesas durante a pandemia, n\u00f3s fizemos apenas contrata\u00e7\u00f5es pontuais nos \u00faltimos dois anos e as equipes das unidades de ensino ficaram bastante desfalcadas. A vig\u00eancia da lei, entretanto, expirou em 31 de dezembro de 2021. Desde ent\u00e3o, n\u00f3s retomamos a convoca\u00e7\u00e3o dos aprovados em concurso p\u00fablico,\u201d explicou.<\/p>\n<p>O prefeito Junior da Femac frisou que a educa\u00e7\u00e3o \u00e9 uma pasta priorit\u00e1ria na sua gest\u00e3o. \u201cDesde 2013, n\u00f3s temos investido pesado na reforma e amplia\u00e7\u00e3o dos pr\u00e9dios escolares, na compra de produtos saud\u00e1veis e nutritivos para a merenda, na introdu\u00e7\u00e3o das disciplinas de Ingl\u00eas e Espanhol no curr\u00edculo, na implanta\u00e7\u00e3o do Sistema Maxi de Ensino, na realiza\u00e7\u00e3o de concursos p\u00fablicos para a contrata\u00e7\u00e3o de novos profissionais e na forma\u00e7\u00e3o continuada dos servidores que j\u00e1 atuam na rede. Gra\u00e7as a tudo isso, Apucarana foi eleita, no final do ano passado, em estudo realizado pelo Grupo Bandeirantes de Comunica\u00e7\u00e3o e o Instituto \u00c1quila, como a cidade brasileira que oferece a melhor educa\u00e7\u00e3o b\u00e1sica \u00e0s suas crian\u00e7as,\u201d disse.<\/p>\n<p>Os convocados para os cargos de assistente infantil, professor e assistente administrativo dever\u00e3o comparecer ao sal\u00e3o nobre da Prefeitura de Apucarana na pr\u00f3xima sexta-feira (24\/6), \u00e0s 9h 30min. J\u00e1 os convocados para o cargo de auxiliar de servi\u00e7os gerais dever\u00e3o se apresentar na segunda-feira (27\/6), \u00e0s 9 horas, tamb\u00e9m no sal\u00e3o nobre da Prefeitura de Apucarana.<\/p>\n<p>Os editais 041, 042, 043, 044, 045 e 046\/2022 est\u00e3o dispon\u00edveis no seguinte endere\u00e7o eletr\u00f4nico: <a href=\"http:\/\/sys.apucarana.pr.gov.br\/apucarana-pr\/FWLocal\/editais_concursos\/?concurso=2ame\">http:\/\/sys.apucarana.pr.gov.br\/apucarana-pr\/FWLocal\/editais_concursos\/?concurso=2ame<\/a><\/p>\n","protected":false},"excerpt":{"rendered":"<p>A Autarquia Municipal de Educa&ccedil;&atilde;o est&aacute; convocando aproximadamente 120 candidatos aprovados em concurso p&uacute;blico para refor&ccedil;ar o quadro de funcion&aacute;rios dos 23 centros infantis (CMEIs) e 35 escolas da sua rede. Os editais 041, 042, 043, 044, 045 e 046\/2022 foram publicados hoje (22\/6) no Di&aacute;rio Oficial da Prefeitura de Apucarana. De acordo com a [&hellip;]<\/p>\n","protected":false},"author":8,"featured_media":67403,"comment_status":"closed","ping_status":"closed","sticky":false,"template":"","format":"standard","meta":{"footnotes":""},"categories":[24],"tags":[],"class_list":["post-67402","post","type-post","status-publish","format-standard","has-post-thumbnail","hentry","category-noticias"],"acf":[],"_links":{"self":[{"href":"http:\/\/www.apucarana.pr.gov.br\/site\/wp-json\/wp\/v2\/posts\/67402","targetHints":{"allow":["GET"]}}],"collection":[{"href":"http:\/\/www.apucarana.pr.gov.br\/site\/wp-json\/wp\/v2\/posts"}],"about":[{"href":"http:\/\/www.apucarana.pr.gov.br\/site\/wp-json\/wp\/v2\/types\/post"}],"author":[{"embeddable":true,"href":"http:\/\/www.apucarana.pr.gov.br\/site\/wp-json\/wp\/v2\/users\/8"}],"replies":[{"embeddable":true,"href":"http:\/\/www.apucarana.pr.gov.br\/site\/wp-json\/wp\/v2\/comments?post=67402"}],"version-history":[{"count":1,"href":"http:\/\/www.apucarana.pr.gov.br\/site\/wp-json\/wp\/v2\/posts\/67402\/revisions"}],"predecessor-version":[{"id":67404,"href":"http:\/\/www.apucarana.pr.gov.br\/site\/wp-json\/wp\/v2\/posts\/67402\/revisions\/67404"}],"wp:featuredmedia":[{"embeddable":true,"href":"http:\/\/www.apucarana.pr.gov.br\/site\/wp-json\/wp\/v2\/media\/67403"}],"wp:attachment":[{"href":"http:\/\/www.apucarana.pr.gov.br\/site\/wp-json\/wp\/v2\/media?parent=67402"}],"wp:term":[{"taxonomy":"category","embeddable":true,"href":"http:\/\/www.apucarana.pr.gov.br\/site\/wp-json\/wp\/v2\/categories?post=67402"},{"taxonomy":"post_tag","embeddable":true,"href":"http:\/\/www.apucarana.pr.gov.br\/site\/wp-json\/wp\/v2\/tags?post=67402"}],"curies":[{"name":"wp","href":"https:\/\/api.w.org\/{rel}","templated":true}]}}