{"id":67352,"date":"2022-06-21T16:17:06","date_gmt":"2022-06-21T19:17:06","guid":{"rendered":"http:\/\/www.apucarana.pr.gov.br\/site\/?p=67352"},"modified":"2024-10-08T09:26:26","modified_gmt":"2024-10-08T12:26:26","slug":"feira-verde-distribui-680-quilos-de-alimentos-nesta-terca-feira","status":"publish","type":"post","link":"http:\/\/www.apucarana.pr.gov.br\/site\/feira-verde-distribui-680-quilos-de-alimentos-nesta-terca-feira\/","title":{"rendered":"Feira Verde distribui 680 quilos de alimentos nesta ter\u00e7a-feira"},"content":{"rendered":"\n\t\t<!-- MasterSlider -->\n\t\t<div id=\"P_MS69f720185d95d\" class=\"master-slider-parent master-slider-gallery   ms-parent-id-0\" style=\"\" >\n\n\t\t\t\n\t\t\t<!-- MasterSlider Main -->\n\t\t\t<div id=\"MS69f720185d95d\" class=\"master-slider ms-skin-default\" >\n\t\t\t\t \t\t\t\t \n\t\t\t<div  class=\"ms-slide\" data-delay=\"3\"    >\n\t\t\t\t\t<img decoding=\"async\" src=\"http:\/\/www.apucarana.pr.gov.br\/site\/wp-content\/plugins\/masterslider\/public\/assets\/css\/blank.gif\" alt=\"FEIRA VERDE (4)\" title=\"FEIRA VERDE (4)\" data-src=\"http:\/\/www.apucarana.pr.gov.br\/site\/wp-content\/uploads\/2022\/06\/FEIRA-VERDE-4-1024x675.jpg\" \/>\n\t<a href=\"http:\/\/www.apucarana.pr.gov.br\/site\/wp-content\/uploads\/2022\/06\/FEIRA-VERDE-4-1024x675.jpg\" target=\"_self\"    >FEIRA VERDE (4)<\/a>\n\n\n\t<img decoding=\"async\" class=\"ms-thumb\" src=\"http:\/\/www.apucarana.pr.gov.br\/site\/wp-content\/uploads\/2022\/06\/FEIRA-VERDE-4-1024x675-140x80.jpg\" alt=\"FEIRA VERDE (4)\" \/>\n\t\t\t\t<\/div>\n\t\t\t<div  class=\"ms-slide\" data-delay=\"3\"    >\n\t\t\t\t\t<img decoding=\"async\" src=\"http:\/\/www.apucarana.pr.gov.br\/site\/wp-content\/plugins\/masterslider\/public\/assets\/css\/blank.gif\" alt=\"FEIRA VERDE (3)\" title=\"FEIRA VERDE (3)\" data-src=\"http:\/\/www.apucarana.pr.gov.br\/site\/wp-content\/uploads\/2022\/06\/FEIRA-VERDE-3-1-1024x683.jpg\" \/>\n\t<a href=\"http:\/\/www.apucarana.pr.gov.br\/site\/wp-content\/uploads\/2022\/06\/FEIRA-VERDE-3-1-1024x683.jpg\" target=\"_self\"    >FEIRA VERDE (3)<\/a>\n\n\n\t<img decoding=\"async\" class=\"ms-thumb\" src=\"http:\/\/www.apucarana.pr.gov.br\/site\/wp-content\/uploads\/2022\/06\/FEIRA-VERDE-3-1-1024x683-140x80.jpg\" alt=\"FEIRA VERDE (3)\" \/>\n\t\t\t\t<\/div>\n\t\t\t<div  class=\"ms-slide\" data-delay=\"3\"    >\n\t\t\t\t\t<img decoding=\"async\" src=\"http:\/\/www.apucarana.pr.gov.br\/site\/wp-content\/plugins\/masterslider\/public\/assets\/css\/blank.gif\" alt=\"FEIRA VERDE (6)\" title=\"FEIRA VERDE (6)\" data-src=\"http:\/\/www.apucarana.pr.gov.br\/site\/wp-content\/uploads\/2022\/06\/FEIRA-VERDE-6-1-1024x683.jpg\" \/>\n\t<a href=\"http:\/\/www.apucarana.pr.gov.br\/site\/wp-content\/uploads\/2022\/06\/FEIRA-VERDE-6-1-1024x683.jpg\" target=\"_self\"    >FEIRA VERDE (6)<\/a>\n\n\n\t<img decoding=\"async\" class=\"ms-thumb\" src=\"http:\/\/www.apucarana.pr.gov.br\/site\/wp-content\/uploads\/2022\/06\/FEIRA-VERDE-6-1-1024x683-140x80.jpg\" alt=\"FEIRA VERDE (6)\" \/>\n\t\t\t\t<\/div>\n\t\t\t<div  class=\"ms-slide\" data-delay=\"3\"    >\n\t\t\t\t\t<img decoding=\"async\" src=\"http:\/\/www.apucarana.pr.gov.br\/site\/wp-content\/plugins\/masterslider\/public\/assets\/css\/blank.gif\" alt=\"FEIRA VERDE (8)\" title=\"FEIRA VERDE (8)\" data-src=\"http:\/\/www.apucarana.pr.gov.br\/site\/wp-content\/uploads\/2022\/06\/FEIRA-VERDE-8-1-1024x698.jpg\" \/>\n\t<a href=\"http:\/\/www.apucarana.pr.gov.br\/site\/wp-content\/uploads\/2022\/06\/FEIRA-VERDE-8-1-1024x698.jpg\" target=\"_self\"    >FEIRA VERDE (8)<\/a>\n\n\n\t<img decoding=\"async\" class=\"ms-thumb\" src=\"http:\/\/www.apucarana.pr.gov.br\/site\/wp-content\/uploads\/2022\/06\/FEIRA-VERDE-8-1-1024x698-140x80.jpg\" alt=\"FEIRA VERDE (8)\" \/>\n\t\t\t\t<\/div>\n\t\t\t<div  class=\"ms-slide\" data-delay=\"3\"    >\n\t\t\t\t\t<img decoding=\"async\" src=\"http:\/\/www.apucarana.pr.gov.br\/site\/wp-content\/plugins\/masterslider\/public\/assets\/css\/blank.gif\" alt=\"FEIRA VERDE (9)\" title=\"FEIRA VERDE (9)\" data-src=\"http:\/\/www.apucarana.pr.gov.br\/site\/wp-content\/uploads\/2022\/06\/FEIRA-VERDE-9-1-1024x643.jpg\" \/>\n\t<a href=\"http:\/\/www.apucarana.pr.gov.br\/site\/wp-content\/uploads\/2022\/06\/FEIRA-VERDE-9-1-1024x643.jpg\" target=\"_self\"    >FEIRA VERDE (9)<\/a>\n\n\n\t<img decoding=\"async\" class=\"ms-thumb\" src=\"http:\/\/www.apucarana.pr.gov.br\/site\/wp-content\/uploads\/2022\/06\/FEIRA-VERDE-9-1-1024x643-140x80.jpg\" alt=\"FEIRA VERDE (9)\" \/>\n\t\t\t\t<\/div>\n\n\t\t\t<\/div>\n\t\t\t<!-- END MasterSlider Main -->\n\n\t\t\t \n\t\t<\/div>\n\t\t<!-- END MasterSlider -->\n\n\t\t<script>\n\t\t( window.MSReady = window.MSReady || [] ).push( function( $ ) {\n\n\t\t\t\"use strict\";\n\t\t\tvar masterslider_d95d = new MasterSlider();\n\n\t\t\t\/\/ slider controls\n\t\t\tmasterslider_d95d.control('arrows'     ,{ autohide:true, overVideo:true  });\n\t\t\tmasterslider_d95d.control('thumblist'  ,{ autohide:false, overVideo:true, dir:'h', speed:17, inset:false, arrows:false, hover:false, customClass:'', align:'bottom',type:'thumbs', margin:2, width:140, height:80, space:2, fillMode:'fill'  });\n\t\t\t\/\/ slider setup\n\t\t\tmasterslider_d95d.setup(\"MS69f720185d95d\", {\n\t\t\t\twidth           : 960,\n\t\t\t\theight          : 540,\n\t\t\t\tminHeight       : 0,\n\t\t\t\tspace           : 0,\n\t\t\t\tstart           : 1,\n\t\t\t\tgrabCursor      : true,\n\t\t\t\tswipe           : true,\n\t\t\t\tmouse           : true,\n\t\t\t\tkeyboard        : false,\n\t\t\t\tlayout          : \"fillwidth\",\n\t\t\t\twheel           : false,\n\t\t\t\tautoplay        : true,\n                instantStartLayers:false,\n\t\t\t\tmobileBGVideo:false,\n\t\t\t\tloop            : true,\n\t\t\t\tshuffle         : false,\n\t\t\t\tpreload         : 3,\n\t\t\t\theightLimit     : false,\n\t\t\t\tautoHeight      : false,\n\t\t\t\tsmoothHeight    : true,\n\t\t\t\tendPause        : false,\n\t\t\t\toverPause       : false,\n\t\t\t\tfillMode        : \"fill\",\n\t\t\t\tcenterControls  : true,\n\t\t\t\tstartOnAppear   : false,\n\t\t\t\tlayersMode      : \"center\",\n\t\t\t\tautofillTarget  : \"\",\n\t\t\t\thideLayers      : false,\n\t\t\t\tfullscreenMargin: 0,\n\t\t\t\tspeed           : 17,\n\t\t\t\tdir             : \"h\",\n\t\t\t\tresponsive      : true,\n\t\t\t\ttabletWidth     : 768,\n\t\t\t\ttabletHeight    : null,\n\t\t\t\tphoneWidth      : 480,\n\t\t\t\tphoneHeight    : null,\n\t\t\t\tsizingReference : window,\n\t\t\t\tparallaxMode    : 'swipe',\n\t\t\t\tview            : \"basic\"\n\t\t\t});\n\n\t\t\t\n\t\t\twindow.masterslider_instances = window.masterslider_instances || [];\n\t\t\twindow.masterslider_instances.push( masterslider_d95d );\n\t\t});\n\t\t<\/script>\n\n\n<p>J\u00e1 na fase de retornos, o Programa Municipal Feira Verde foi realizado hoje (21) pela segunda vez no N\u00facleo Habitacional Adriano Correia e no Recanto do Lago. No primeiro local o atendimento foi pela manh\u00e3 e no segundo \u00e0 tarde, onde foram distribu\u00eddos 680 quilos alimentos.<\/p>\n<p>Moradores como Maria Aparecida Souza, do N\u00facleo Adriano Correia, demonstram a aprova\u00e7\u00e3o da iniciativa da prefeitura voltada \u00e0 preserva\u00e7\u00e3o do meio ambiente e levar produtos hortifrutis para popula\u00e7\u00e3o. \u201cParticipei da primeira vez que vieram aqui e fiz quest\u00e3o de voltar hoje. Vale muito \u00e0 pena. Novamente estou levando frutas e verduras fresquinhas para casa. \u00c9 bom para sa\u00fade e para o bolso da gente\u201d, avalia.<\/p>\n<p>Moradora do mesmo bairro, Jovita Costa, participou pela primeira vez e aprovou o que recebeu em troca do recicl\u00e1vel. \u201cEstou levando v\u00e1rios produtos como br\u00f3colis, tomate e beterraba. N\u00e3o vou perder mais essa oportunidade. A pr\u00f3xima vez que voltarem estarei aqui, com certeza\u201d, afirma.<\/p>\n<p>Criado pela administra\u00e7\u00e3o municipal h\u00e1 pouco mais de um m\u00eas, dia 15 de maio, o Programa Feira Verde, que integra as a\u00e7\u00f5es na \u00e1rea de seguran\u00e7a alimentar e nutricional, \u00a0j\u00e1 atendeu 11 bairros, e retornou a tr\u00eas deles, os dois de hoje e no Solo Sagrado.<\/p>\n<p>Sem computar os n\u00fameros desta ter\u00e7a-feira, um balan\u00e7o do primeiro m\u00eas do programa, no dia 15 de junho, somava 854 fam\u00edlias atendidas, 3.635 quilos de alimentos entregues. Neste per\u00edodo foram 25 tipos diferentes de hortifrutigranjeiros, como abacate, alface, almeir\u00e3o, beterraba, berinjela, laranja, cebolinha, salsinha, couve-flor, goiaba, mandioca, milho verde, abobrinha, chuchu, repolho, tomate, br\u00f3colis, banana e piment\u00e3o, e ainda \u00a0p\u00e3o, geleia de ab\u00f3bora e de banana, pitaia, uva e \u00a0bolacha caseira.<\/p>\n<p>\u201cHoje atendemos 121 fam\u00edlias e distribu\u00edmos 430 quilos de alimentos no N\u00facleo Adriano Correia. J\u00e1 no Recanto do Lago foram 64 fam\u00edlias que levaram para casa 250 quilos de alimentos\u201d, informa Edeson Luiz Martins, que trabalha na separa\u00e7\u00e3o e na entrega das sacolas.<\/p>\n<p>O pr\u00f3ximo bairro atendido, nesta quinta-feira (23), ser\u00e1 na regi\u00e3o do N\u00facleo Dom Romeu e Residencial Djalma Mendes. O atendimento acontece de 9 as 11 horas, pr\u00f3xima da Escola Municipal Juiz Luiz Fernando de Ara\u00fajo Pereira.<\/p>\n<p>\u201cO Feira Verde com pouco mais de um m\u00eas de atividade j\u00e1 est\u00e1 consolidado. \u00c9 uma a\u00e7\u00e3o em que todos ganham. Gera um retorno muito positivo ao meio ambiente, \u00e0 sa\u00fade da popula\u00e7\u00e3o, \u00e0s fam\u00edlias rurais, ao poder p\u00fablico e \u00e0 cooperativa de reciclagem, para onde encaminhamos os materiais angariados junto ao programa\u201d, detalha o prefeito J\u00fanior da Femac.<\/p>\n<p>Gerenciado pela Secretaria Municipal da Agricultura, Programa Feira Verde possibilita \u00e0 popula\u00e7\u00e3o promover a troca de papel, pl\u00e1stico e papel\u00e3o por hortali\u00e7as \u2013 legumes e verduras \u2013 e frutas adquiridas pelo munic\u00edpio junto a produtores agrofamiliares.<\/p>\n","protected":false},"excerpt":{"rendered":"<p>J&aacute; na fase de retornos, o Programa Municipal Feira Verde foi realizado hoje (21) pela segunda vez no N&uacute;cleo Habitacional Adriano Correia e no Recanto do Lago. No primeiro local o atendimento foi pela manh&atilde; e no segundo &agrave; tarde, onde foram distribu&iacute;dos 680 quilos alimentos. Moradores como Maria Aparecida Souza, do N&uacute;cleo Adriano Correia, [&hellip;]<\/p>\n","protected":false},"author":10,"featured_media":67353,"comment_status":"closed","ping_status":"closed","sticky":false,"template":"","format":"standard","meta":{"footnotes":""},"categories":[24],"tags":[],"class_list":["post-67352","post","type-post","status-publish","format-standard","has-post-thumbnail","hentry","category-noticias"],"acf":[],"_links":{"self":[{"href":"http:\/\/www.apucarana.pr.gov.br\/site\/wp-json\/wp\/v2\/posts\/67352","targetHints":{"allow":["GET"]}}],"collection":[{"href":"http:\/\/www.apucarana.pr.gov.br\/site\/wp-json\/wp\/v2\/posts"}],"about":[{"href":"http:\/\/www.apucarana.pr.gov.br\/site\/wp-json\/wp\/v2\/types\/post"}],"author":[{"embeddable":true,"href":"http:\/\/www.apucarana.pr.gov.br\/site\/wp-json\/wp\/v2\/users\/10"}],"replies":[{"embeddable":true,"href":"http:\/\/www.apucarana.pr.gov.br\/site\/wp-json\/wp\/v2\/comments?post=67352"}],"version-history":[{"count":2,"href":"http:\/\/www.apucarana.pr.gov.br\/site\/wp-json\/wp\/v2\/posts\/67352\/revisions"}],"predecessor-version":[{"id":67441,"href":"http:\/\/www.apucarana.pr.gov.br\/site\/wp-json\/wp\/v2\/posts\/67352\/revisions\/67441"}],"wp:featuredmedia":[{"embeddable":true,"href":"http:\/\/www.apucarana.pr.gov.br\/site\/wp-json\/wp\/v2\/media\/67353"}],"wp:attachment":[{"href":"http:\/\/www.apucarana.pr.gov.br\/site\/wp-json\/wp\/v2\/media?parent=67352"}],"wp:term":[{"taxonomy":"category","embeddable":true,"href":"http:\/\/www.apucarana.pr.gov.br\/site\/wp-json\/wp\/v2\/categories?post=67352"},{"taxonomy":"post_tag","embeddable":true,"href":"http:\/\/www.apucarana.pr.gov.br\/site\/wp-json\/wp\/v2\/tags?post=67352"}],"curies":[{"name":"wp","href":"https:\/\/api.w.org\/{rel}","templated":true}]}}