{"id":67298,"date":"2022-06-21T11:33:47","date_gmt":"2022-06-21T14:33:47","guid":{"rendered":"http:\/\/www.apucarana.pr.gov.br\/site\/?p=67298"},"modified":"2024-10-08T09:26:26","modified_gmt":"2024-10-08T12:26:26","slug":"prefeitura-corrige-numeracao-predial-em-9-bairros-da-regiao-oeste","status":"publish","type":"post","link":"http:\/\/www.apucarana.pr.gov.br\/site\/prefeitura-corrige-numeracao-predial-em-9-bairros-da-regiao-oeste\/","title":{"rendered":"Prefeitura corrige numera\u00e7\u00e3o predial em 9 bairros da regi\u00e3o oeste"},"content":{"rendered":"\n\t\t<!-- MasterSlider -->\n\t\t<div id=\"P_MS69f5f3ee631b6\" class=\"master-slider-parent master-slider-gallery   ms-parent-id-0\" style=\"\" >\n\n\t\t\t\n\t\t\t<!-- MasterSlider Main -->\n\t\t\t<div id=\"MS69f5f3ee631b6\" class=\"master-slider ms-skin-default\" >\n\t\t\t\t \t\t\t\t \n\t\t\t<div  class=\"ms-slide\" data-delay=\"3\"    >\n\t\t\t\t\t<img decoding=\"async\" src=\"http:\/\/www.apucarana.pr.gov.br\/site\/wp-content\/plugins\/masterslider\/public\/assets\/css\/blank.gif\" alt=\"NUMERA\u00c7\u00c3O(EDSON DENOBI) (1)\" title=\"NUMERA\u00c7\u00c3O(EDSON DENOBI) (1)\" data-src=\"http:\/\/www.apucarana.pr.gov.br\/site\/wp-content\/uploads\/2022\/06\/NUMERACAOEDSON-DENOBI-1-1024x720.jpg\" \/>\n\t<a href=\"http:\/\/www.apucarana.pr.gov.br\/site\/wp-content\/uploads\/2022\/06\/NUMERACAOEDSON-DENOBI-1-1024x720.jpg\" target=\"_self\"    >NUMERA\u00c7\u00c3O(EDSON DENOBI) (1)<\/a>\n\n\n\t<img decoding=\"async\" class=\"ms-thumb\" src=\"http:\/\/www.apucarana.pr.gov.br\/site\/wp-content\/uploads\/2022\/06\/NUMERACAOEDSON-DENOBI-1-1024x720-140x80.jpg\" alt=\"NUMERA\u00c7\u00c3O(EDSON DENOBI) (1)\" \/>\n\t\t\t\t<\/div>\n\t\t\t<div  class=\"ms-slide\" data-delay=\"3\"    >\n\t\t\t\t\t<img decoding=\"async\" src=\"http:\/\/www.apucarana.pr.gov.br\/site\/wp-content\/plugins\/masterslider\/public\/assets\/css\/blank.gif\" alt=\"NUMERA\u00c7\u00c3O(EDSON DENOBI) (2)\" title=\"NUMERA\u00c7\u00c3O(EDSON DENOBI) (2)\" data-src=\"http:\/\/www.apucarana.pr.gov.br\/site\/wp-content\/uploads\/2022\/06\/NUMERACAOEDSON-DENOBI-2-1024x694.jpg\" \/>\n\t<a href=\"http:\/\/www.apucarana.pr.gov.br\/site\/wp-content\/uploads\/2022\/06\/NUMERACAOEDSON-DENOBI-2-1024x694.jpg\" target=\"_self\"    >NUMERA\u00c7\u00c3O(EDSON DENOBI) (2)<\/a>\n\n\n\t<img decoding=\"async\" class=\"ms-thumb\" src=\"http:\/\/www.apucarana.pr.gov.br\/site\/wp-content\/uploads\/2022\/06\/NUMERACAOEDSON-DENOBI-2-1024x694-140x80.jpg\" alt=\"NUMERA\u00c7\u00c3O(EDSON DENOBI) (2)\" \/>\n\t\t\t\t<\/div>\n\t\t\t<div  class=\"ms-slide\" data-delay=\"3\"    >\n\t\t\t\t\t<img decoding=\"async\" src=\"http:\/\/www.apucarana.pr.gov.br\/site\/wp-content\/plugins\/masterslider\/public\/assets\/css\/blank.gif\" alt=\"NUMERA\u00c7\u00c3O(EDSON DENOBI) (4)\" title=\"NUMERA\u00c7\u00c3O(EDSON DENOBI) (4)\" data-src=\"http:\/\/www.apucarana.pr.gov.br\/site\/wp-content\/uploads\/2022\/06\/NUMERACAOEDSON-DENOBI-4-1024x720.jpg\" \/>\n\t<a href=\"http:\/\/www.apucarana.pr.gov.br\/site\/wp-content\/uploads\/2022\/06\/NUMERACAOEDSON-DENOBI-4-1024x720.jpg\" target=\"_self\"    >NUMERA\u00c7\u00c3O(EDSON DENOBI) (4)<\/a>\n\n\n\t<img decoding=\"async\" class=\"ms-thumb\" src=\"http:\/\/www.apucarana.pr.gov.br\/site\/wp-content\/uploads\/2022\/06\/NUMERACAOEDSON-DENOBI-4-1024x720-140x80.jpg\" alt=\"NUMERA\u00c7\u00c3O(EDSON DENOBI) (4)\" \/>\n\t\t\t\t<\/div>\n\t\t\t<div  class=\"ms-slide\" data-delay=\"3\"    >\n\t\t\t\t\t<img decoding=\"async\" src=\"http:\/\/www.apucarana.pr.gov.br\/site\/wp-content\/plugins\/masterslider\/public\/assets\/css\/blank.gif\" alt=\"NUMERA\u00c7\u00c3O(EDSON DENOBI) (9)\" title=\"NUMERA\u00c7\u00c3O(EDSON DENOBI) (9)\" data-src=\"http:\/\/www.apucarana.pr.gov.br\/site\/wp-content\/uploads\/2022\/06\/NUMERACAOEDSON-DENOBI-9-1024x668.jpg\" \/>\n\t<a href=\"http:\/\/www.apucarana.pr.gov.br\/site\/wp-content\/uploads\/2022\/06\/NUMERACAOEDSON-DENOBI-9-1024x668.jpg\" target=\"_self\"    >NUMERA\u00c7\u00c3O(EDSON DENOBI) (9)<\/a>\n\n\n\t<img decoding=\"async\" class=\"ms-thumb\" src=\"http:\/\/www.apucarana.pr.gov.br\/site\/wp-content\/uploads\/2022\/06\/NUMERACAOEDSON-DENOBI-9-1024x668-140x80.jpg\" alt=\"NUMERA\u00c7\u00c3O(EDSON DENOBI) (9)\" \/>\n\t\t\t\t<\/div>\n\t\t\t<div  class=\"ms-slide\" data-delay=\"3\"    >\n\t\t\t\t\t<img decoding=\"async\" src=\"http:\/\/www.apucarana.pr.gov.br\/site\/wp-content\/plugins\/masterslider\/public\/assets\/css\/blank.gif\" alt=\"NUMERA\u00c7\u00c3O(EDSON DENOBI) (10)\" title=\"NUMERA\u00c7\u00c3O(EDSON DENOBI) (10)\" data-src=\"http:\/\/www.apucarana.pr.gov.br\/site\/wp-content\/uploads\/2022\/06\/NUMERACAOEDSON-DENOBI-10-1024x755.jpg\" \/>\n\t<a href=\"http:\/\/www.apucarana.pr.gov.br\/site\/wp-content\/uploads\/2022\/06\/NUMERACAOEDSON-DENOBI-10-1024x755.jpg\" target=\"_self\"    >NUMERA\u00c7\u00c3O(EDSON DENOBI) (10)<\/a>\n\n\n\t<img decoding=\"async\" class=\"ms-thumb\" src=\"http:\/\/www.apucarana.pr.gov.br\/site\/wp-content\/uploads\/2022\/06\/NUMERACAOEDSON-DENOBI-10-1024x755-140x80.jpg\" alt=\"NUMERA\u00c7\u00c3O(EDSON DENOBI) (10)\" \/>\n\t\t\t\t<\/div>\n\t\t\t<div  class=\"ms-slide\" data-delay=\"3\"    >\n\t\t\t\t\t<img decoding=\"async\" src=\"http:\/\/www.apucarana.pr.gov.br\/site\/wp-content\/plugins\/masterslider\/public\/assets\/css\/blank.gif\" alt=\"NUMERA\u00c7\u00c3O(EDSON DENOBI) (12)\" title=\"NUMERA\u00c7\u00c3O(EDSON DENOBI) (12)\" data-src=\"http:\/\/www.apucarana.pr.gov.br\/site\/wp-content\/uploads\/2022\/06\/NUMERACAOEDSON-DENOBI-12-1024x719.jpg\" \/>\n\t<a href=\"http:\/\/www.apucarana.pr.gov.br\/site\/wp-content\/uploads\/2022\/06\/NUMERACAOEDSON-DENOBI-12-1024x719.jpg\" target=\"_self\"    >NUMERA\u00c7\u00c3O(EDSON DENOBI) (12)<\/a>\n\n\n\t<img decoding=\"async\" class=\"ms-thumb\" src=\"http:\/\/www.apucarana.pr.gov.br\/site\/wp-content\/uploads\/2022\/06\/NUMERACAOEDSON-DENOBI-12-1024x719-140x80.jpg\" alt=\"NUMERA\u00c7\u00c3O(EDSON DENOBI) (12)\" \/>\n\t\t\t\t<\/div>\n\t\t\t<div  class=\"ms-slide\" data-delay=\"3\"    >\n\t\t\t\t\t<img decoding=\"async\" src=\"http:\/\/www.apucarana.pr.gov.br\/site\/wp-content\/plugins\/masterslider\/public\/assets\/css\/blank.gif\" alt=\"NUMERA\u00c7\u00c3O(EDSON DENOBI) (13)\" title=\"NUMERA\u00c7\u00c3O(EDSON DENOBI) (13)\" data-src=\"http:\/\/www.apucarana.pr.gov.br\/site\/wp-content\/uploads\/2022\/06\/NUMERACAOEDSON-DENOBI-13-1024x705.jpg\" \/>\n\t<a href=\"http:\/\/www.apucarana.pr.gov.br\/site\/wp-content\/uploads\/2022\/06\/NUMERACAOEDSON-DENOBI-13-1024x705.jpg\" target=\"_self\"    >NUMERA\u00c7\u00c3O(EDSON DENOBI) (13)<\/a>\n\n\n\t<img decoding=\"async\" class=\"ms-thumb\" src=\"http:\/\/www.apucarana.pr.gov.br\/site\/wp-content\/uploads\/2022\/06\/NUMERACAOEDSON-DENOBI-13-1024x705-140x80.jpg\" alt=\"NUMERA\u00c7\u00c3O(EDSON DENOBI) (13)\" \/>\n\t\t\t\t<\/div>\n\t\t\t<div  class=\"ms-slide\" data-delay=\"3\"    >\n\t\t\t\t\t<img decoding=\"async\" src=\"http:\/\/www.apucarana.pr.gov.br\/site\/wp-content\/plugins\/masterslider\/public\/assets\/css\/blank.gif\" alt=\"NUMERA\u00c7\u00c3O(EDSON DENOBI) (14)\" title=\"NUMERA\u00c7\u00c3O(EDSON DENOBI) (14)\" data-src=\"http:\/\/www.apucarana.pr.gov.br\/site\/wp-content\/uploads\/2022\/06\/NUMERACAOEDSON-DENOBI-14-1024x719.jpg\" \/>\n\t<a href=\"http:\/\/www.apucarana.pr.gov.br\/site\/wp-content\/uploads\/2022\/06\/NUMERACAOEDSON-DENOBI-14-1024x719.jpg\" target=\"_self\"    >NUMERA\u00c7\u00c3O(EDSON DENOBI) (14)<\/a>\n\n\n\t<img decoding=\"async\" class=\"ms-thumb\" src=\"http:\/\/www.apucarana.pr.gov.br\/site\/wp-content\/uploads\/2022\/06\/NUMERACAOEDSON-DENOBI-14-1024x719-140x80.jpg\" alt=\"NUMERA\u00c7\u00c3O(EDSON DENOBI) (14)\" \/>\n\t\t\t\t<\/div>\n\n\t\t\t<\/div>\n\t\t\t<!-- END MasterSlider Main -->\n\n\t\t\t \n\t\t<\/div>\n\t\t<!-- END MasterSlider -->\n\n\t\t<script>\n\t\t( window.MSReady = window.MSReady || [] ).push( function( $ ) {\n\n\t\t\t\"use strict\";\n\t\t\tvar masterslider_31b6 = new MasterSlider();\n\n\t\t\t\/\/ slider controls\n\t\t\tmasterslider_31b6.control('arrows'     ,{ autohide:true, overVideo:true  });\n\t\t\tmasterslider_31b6.control('thumblist'  ,{ autohide:false, overVideo:true, dir:'h', speed:17, inset:false, arrows:false, hover:false, customClass:'', align:'bottom',type:'thumbs', margin:2, width:140, height:80, space:2, fillMode:'fill'  });\n\t\t\t\/\/ slider setup\n\t\t\tmasterslider_31b6.setup(\"MS69f5f3ee631b6\", {\n\t\t\t\twidth           : 960,\n\t\t\t\theight          : 540,\n\t\t\t\tminHeight       : 0,\n\t\t\t\tspace           : 0,\n\t\t\t\tstart           : 1,\n\t\t\t\tgrabCursor      : true,\n\t\t\t\tswipe           : true,\n\t\t\t\tmouse           : true,\n\t\t\t\tkeyboard        : false,\n\t\t\t\tlayout          : \"fillwidth\",\n\t\t\t\twheel           : false,\n\t\t\t\tautoplay        : true,\n                instantStartLayers:false,\n\t\t\t\tmobileBGVideo:false,\n\t\t\t\tloop            : true,\n\t\t\t\tshuffle         : false,\n\t\t\t\tpreload         : 3,\n\t\t\t\theightLimit     : false,\n\t\t\t\tautoHeight      : false,\n\t\t\t\tsmoothHeight    : true,\n\t\t\t\tendPause        : false,\n\t\t\t\toverPause       : false,\n\t\t\t\tfillMode        : \"fill\",\n\t\t\t\tcenterControls  : true,\n\t\t\t\tstartOnAppear   : false,\n\t\t\t\tlayersMode      : \"center\",\n\t\t\t\tautofillTarget  : \"\",\n\t\t\t\thideLayers      : false,\n\t\t\t\tfullscreenMargin: 0,\n\t\t\t\tspeed           : 17,\n\t\t\t\tdir             : \"h\",\n\t\t\t\tresponsive      : true,\n\t\t\t\ttabletWidth     : 768,\n\t\t\t\ttabletHeight    : null,\n\t\t\t\tphoneWidth      : 480,\n\t\t\t\tphoneHeight    : null,\n\t\t\t\tsizingReference : window,\n\t\t\t\tparallaxMode    : 'swipe',\n\t\t\t\tview            : \"basic\"\n\t\t\t});\n\n\t\t\t\n\t\t\twindow.masterslider_instances = window.masterslider_instances || [];\n\t\t\twindow.masterslider_instances.push( masterslider_31b6 );\n\t\t});\n\t\t<\/script>\n\n\n<p>A Prefeitura de Apucarana, atrav\u00e9s da empresa Tributech, dever\u00e1 concluir no come\u00e7o de julho o processo de corre\u00e7\u00e3o da numera\u00e7\u00e3o predial em nove bairros da regi\u00e3o oeste da cidade. Ao todo, foram revisados 4.695 im\u00f3veis e destes est\u00e3o sendo substitu\u00eddos cerca de 20% dos n\u00fameros, o que corresponde a quase mil im\u00f3veis.<\/p>\n<p>Conforme Carlos Mendes, diretor-presidente do Instituto de Desenvolvimento, Pesquisa e Planejamento (Idepplan), nesta etapa o trabalho da empresa contratada pelo Munic\u00edpio abrange os jardins Europa, Espanha, Portal do Lago, Paineiras, Veneza e Menegazzo, al\u00e9m dos residenciais Interlagos e Casarin e do Bairro da Igrejinha.<\/p>\n<p>Conforme Gustavo Arguelho, propriet\u00e1rio da Tributech, o trabalho envolve o mapeamento dos im\u00f3veis, o cruzamento de dados com o cadastro imobili\u00e1rio do Munic\u00edpio e a defini\u00e7\u00e3o dos n\u00fameros que precisam ser substitu\u00eddos. \u201cTrata-se de um trabalho demorado e criterioso. Nesta regi\u00e3o da cidade, a nossa equipe percorreu casa por casa, fez a coleta dos n\u00fameros, o cruzamento das informa\u00e7\u00f5es e a notifica\u00e7\u00e3o dos propriet\u00e1rios. Somente depois disso, \u00e9 que entramos na fase da troca da numera\u00e7\u00e3o\u201d, explica Arguelho.<\/p>\n<p>No Residencial Interlagos, a equipe verificou a exist\u00eancia de 1.811 im\u00f3veis, dos quais 621 est\u00e3o sem constru\u00e7\u00e3o e 1.190 s\u00e3o edificados. \u201cAp\u00f3s o trabalho de campo, verificamos a necessidade de substitui\u00e7\u00e3o da numera\u00e7\u00e3o em 391 im\u00f3veis\u201d, exemplifica.<\/p>\n<p>O prefeito Junior da Femac reitera que a desordem na numera\u00e7\u00e3o predial \u00e9 um problema antigo, complexo e que agora est\u00e1 come\u00e7ando a ser resolvido. Junior da Femac lembra que a situa\u00e7\u00e3o resultou numa a\u00e7\u00e3o civil p\u00fablica impetrada na justi\u00e7a pelo Minist\u00e9rio P\u00fablico Federal. Como desdobramento, foi assinado um Termo de Ajuste de Conduta (TAC) entre a Empresa Brasileira de Correios (ETC) e a Prefeitura de Apucarana.<\/p>\n<p>Junior da Femac esclarece ainda que foi criada a Lei 013\/2017 para regulamentar o processo de corre\u00e7\u00e3o da numera\u00e7\u00e3o predial, determinando que o trabalho siga uma sequ\u00eancia l\u00f3gica. \u201cH\u00e1 ruas em que existe esta sequ\u00eancia l\u00f3gica e crescente, mas em outras a numera\u00e7\u00e3o est\u00e1 em total desordem. Estamos come\u00e7ando a resolver esse problema, que \u00e9 antigo e muito complexo. Pedimos a paci\u00eancia da popula\u00e7\u00e3o, pois \u00e9 um trabalho de casa a casa, rua a rua e complexidade varia muito de bairro para bairro\u201d, observa Junior da Femac.<\/p>\n<p>Nos endere\u00e7os em que dever\u00e1 ser feita a mudan\u00e7a, o Munic\u00edpio fornece gratuitamente uma placa padr\u00e3o, na cor verde. \u201cO propriet\u00e1rio do im\u00f3vel, ent\u00e3o, ter\u00e1 seis meses para fazer a atualiza\u00e7\u00e3o nos locais onde possui cadastro, como institui\u00e7\u00f5es governamentais, financeiras e comerciais. No caso de empresa, esse tamb\u00e9m ser\u00e1 o prazo para fazer a altera\u00e7\u00e3o no contrato social. Neste per\u00edodo, o morador ir\u00e1 conviver com dois n\u00fameros, para que n\u00e3o haja preju\u00edzo no recebimento de correspond\u00eancias e encomendas. Depois, o n\u00famero antigo ser\u00e1 cancelado \u201d, esclarece o diretor-presidente do Idepplan.<\/p>\n","protected":false},"excerpt":{"rendered":"<p>A Prefeitura de Apucarana, atrav&eacute;s da empresa Tributech, dever&aacute; concluir no come&ccedil;o de julho o processo de corre&ccedil;&atilde;o da numera&ccedil;&atilde;o predial em nove bairros da regi&atilde;o oeste da cidade. Ao todo, foram revisados 4.695 im&oacute;veis e destes est&atilde;o sendo substitu&iacute;dos cerca de 20% dos n&uacute;meros, o que corresponde a quase mil im&oacute;veis. Conforme Carlos Mendes, [&hellip;]<\/p>\n","protected":false},"author":6,"featured_media":67302,"comment_status":"closed","ping_status":"closed","sticky":false,"template":"","format":"standard","meta":{"footnotes":""},"categories":[24],"tags":[],"class_list":["post-67298","post","type-post","status-publish","format-standard","has-post-thumbnail","hentry","category-noticias"],"acf":[],"_links":{"self":[{"href":"http:\/\/www.apucarana.pr.gov.br\/site\/wp-json\/wp\/v2\/posts\/67298","targetHints":{"allow":["GET"]}}],"collection":[{"href":"http:\/\/www.apucarana.pr.gov.br\/site\/wp-json\/wp\/v2\/posts"}],"about":[{"href":"http:\/\/www.apucarana.pr.gov.br\/site\/wp-json\/wp\/v2\/types\/post"}],"author":[{"embeddable":true,"href":"http:\/\/www.apucarana.pr.gov.br\/site\/wp-json\/wp\/v2\/users\/6"}],"replies":[{"embeddable":true,"href":"http:\/\/www.apucarana.pr.gov.br\/site\/wp-json\/wp\/v2\/comments?post=67298"}],"version-history":[{"count":2,"href":"http:\/\/www.apucarana.pr.gov.br\/site\/wp-json\/wp\/v2\/posts\/67298\/revisions"}],"predecessor-version":[{"id":67444,"href":"http:\/\/www.apucarana.pr.gov.br\/site\/wp-json\/wp\/v2\/posts\/67298\/revisions\/67444"}],"wp:featuredmedia":[{"embeddable":true,"href":"http:\/\/www.apucarana.pr.gov.br\/site\/wp-json\/wp\/v2\/media\/67302"}],"wp:attachment":[{"href":"http:\/\/www.apucarana.pr.gov.br\/site\/wp-json\/wp\/v2\/media?parent=67298"}],"wp:term":[{"taxonomy":"category","embeddable":true,"href":"http:\/\/www.apucarana.pr.gov.br\/site\/wp-json\/wp\/v2\/categories?post=67298"},{"taxonomy":"post_tag","embeddable":true,"href":"http:\/\/www.apucarana.pr.gov.br\/site\/wp-json\/wp\/v2\/tags?post=67298"}],"curies":[{"name":"wp","href":"https:\/\/api.w.org\/{rel}","templated":true}]}}