{"id":66101,"date":"2022-05-23T17:25:58","date_gmt":"2022-05-23T20:25:58","guid":{"rendered":"http:\/\/www.apucarana.pr.gov.br\/site\/?p=66101"},"modified":"2024-10-08T09:26:36","modified_gmt":"2024-10-08T12:26:36","slug":"ugandes-quebra-recorde-de-40-anos-e-vence-a-prova-28-de-janeiro","status":"publish","type":"post","link":"http:\/\/www.apucarana.pr.gov.br\/site\/ugandes-quebra-recorde-de-40-anos-e-vence-a-prova-28-de-janeiro\/","title":{"rendered":"Ugand\u00eas quebra recorde de 40 anos e vence a Prova 28 de Janeiro"},"content":{"rendered":"\n\t\t<!-- MasterSlider -->\n\t\t<div id=\"P_MS69f29372cc7a3\" class=\"master-slider-parent master-slider-gallery   ms-parent-id-0\" style=\"\" >\n\n\t\t\t\n\t\t\t<!-- MasterSlider Main -->\n\t\t\t<div id=\"MS69f29372cc7a3\" class=\"master-slider ms-skin-default\" >\n\t\t\t\t \t\t\t\t \n\t\t\t<div  class=\"ms-slide\" data-delay=\"3\"    >\n\t\t\t\t\t<img decoding=\"async\" src=\"http:\/\/www.apucarana.pr.gov.br\/site\/wp-content\/plugins\/masterslider\/public\/assets\/css\/blank.gif\" alt=\"WhatsApp Image 2022-05-23 at 17.12.29\" title=\"WhatsApp Image 2022-05-23 at 17.12.29\" data-src=\"http:\/\/www.apucarana.pr.gov.br\/site\/wp-content\/uploads\/2022\/05\/WhatsApp-Image-2022-05-23-at-17.12.29-1024x472.jpeg\" \/>\n\t<a href=\"http:\/\/www.apucarana.pr.gov.br\/site\/wp-content\/uploads\/2022\/05\/WhatsApp-Image-2022-05-23-at-17.12.29-1024x472.jpeg\" target=\"_self\"    >WhatsApp Image 2022-05-23 at 17.12.29<\/a>\n\n\n\t<img decoding=\"async\" class=\"ms-thumb\" src=\"http:\/\/www.apucarana.pr.gov.br\/site\/wp-content\/uploads\/2022\/05\/WhatsApp-Image-2022-05-23-at-17.12.29-1024x472-140x80.jpeg\" alt=\"WhatsApp Image 2022-05-23 at 17.12.29\" \/>\n\t\t\t\t<\/div>\n\t\t\t<div  class=\"ms-slide\" data-delay=\"3\"    >\n\t\t\t\t\t<img decoding=\"async\" src=\"http:\/\/www.apucarana.pr.gov.br\/site\/wp-content\/plugins\/masterslider\/public\/assets\/css\/blank.gif\" alt=\"WhatsApp Image 2022-05-23 at 17.12.30\" title=\"WhatsApp Image 2022-05-23 at 17.12.30\" data-src=\"http:\/\/www.apucarana.pr.gov.br\/site\/wp-content\/uploads\/2022\/05\/WhatsApp-Image-2022-05-23-at-17.12.30-1-1024x472.jpeg\" \/>\n\t<a href=\"http:\/\/www.apucarana.pr.gov.br\/site\/wp-content\/uploads\/2022\/05\/WhatsApp-Image-2022-05-23-at-17.12.30-1-1024x472.jpeg\" target=\"_self\"    >WhatsApp Image 2022-05-23 at 17.12.30<\/a>\n\n\n\t<img decoding=\"async\" class=\"ms-thumb\" src=\"http:\/\/www.apucarana.pr.gov.br\/site\/wp-content\/uploads\/2022\/05\/WhatsApp-Image-2022-05-23-at-17.12.30-1-1024x472-140x80.jpeg\" alt=\"WhatsApp Image 2022-05-23 at 17.12.30\" \/>\n\t\t\t\t<\/div>\n\t\t\t<div  class=\"ms-slide\" data-delay=\"3\"    >\n\t\t\t\t\t<img decoding=\"async\" src=\"http:\/\/www.apucarana.pr.gov.br\/site\/wp-content\/plugins\/masterslider\/public\/assets\/css\/blank.gif\" alt=\"WhatsApp Image 2022-05-23 at 17.12.31\" title=\"WhatsApp Image 2022-05-23 at 17.12.31\" data-src=\"http:\/\/www.apucarana.pr.gov.br\/site\/wp-content\/uploads\/2022\/05\/WhatsApp-Image-2022-05-23-at-17.12.31-1024x472.jpeg\" \/>\n\t<a href=\"http:\/\/www.apucarana.pr.gov.br\/site\/wp-content\/uploads\/2022\/05\/WhatsApp-Image-2022-05-23-at-17.12.31-1024x472.jpeg\" target=\"_self\"    >WhatsApp Image 2022-05-23 at 17.12.31<\/a>\n\n\n\t<img decoding=\"async\" class=\"ms-thumb\" src=\"http:\/\/www.apucarana.pr.gov.br\/site\/wp-content\/uploads\/2022\/05\/WhatsApp-Image-2022-05-23-at-17.12.31-1024x472-140x80.jpeg\" alt=\"WhatsApp Image 2022-05-23 at 17.12.31\" \/>\n\t\t\t\t<\/div>\n\t\t\t<div  class=\"ms-slide\" data-delay=\"3\"    >\n\t\t\t\t\t<img decoding=\"async\" src=\"http:\/\/www.apucarana.pr.gov.br\/site\/wp-content\/plugins\/masterslider\/public\/assets\/css\/blank.gif\" alt=\"CORRIDA (4)\" title=\"CORRIDA (4)\" data-src=\"http:\/\/www.apucarana.pr.gov.br\/site\/wp-content\/uploads\/2022\/05\/CORRIDA-4-878x1024.jpg\" \/>\n\t<a href=\"http:\/\/www.apucarana.pr.gov.br\/site\/wp-content\/uploads\/2022\/05\/CORRIDA-4-878x1024.jpg\" target=\"_self\"    >CORRIDA (4)<\/a>\n\n\n\t<img decoding=\"async\" class=\"ms-thumb\" src=\"http:\/\/www.apucarana.pr.gov.br\/site\/wp-content\/uploads\/2022\/05\/CORRIDA-4-878x1024-140x80.jpg\" alt=\"CORRIDA (4)\" \/>\n\t\t\t\t<\/div>\n\n\t\t\t<\/div>\n\t\t\t<!-- END MasterSlider Main -->\n\n\t\t\t \n\t\t<\/div>\n\t\t<!-- END MasterSlider -->\n\n\t\t<script>\n\t\t( window.MSReady = window.MSReady || [] ).push( function( $ ) {\n\n\t\t\t\"use strict\";\n\t\t\tvar masterslider_c7a3 = new MasterSlider();\n\n\t\t\t\/\/ slider controls\n\t\t\tmasterslider_c7a3.control('arrows'     ,{ autohide:true, overVideo:true  });\n\t\t\tmasterslider_c7a3.control('thumblist'  ,{ autohide:false, overVideo:true, dir:'h', speed:17, inset:false, arrows:false, hover:false, customClass:'', align:'bottom',type:'thumbs', margin:2, width:140, height:80, space:2, fillMode:'fill'  });\n\t\t\t\/\/ slider setup\n\t\t\tmasterslider_c7a3.setup(\"MS69f29372cc7a3\", {\n\t\t\t\twidth           : 960,\n\t\t\t\theight          : 540,\n\t\t\t\tminHeight       : 0,\n\t\t\t\tspace           : 0,\n\t\t\t\tstart           : 1,\n\t\t\t\tgrabCursor      : true,\n\t\t\t\tswipe           : true,\n\t\t\t\tmouse           : true,\n\t\t\t\tkeyboard        : false,\n\t\t\t\tlayout          : \"fillwidth\",\n\t\t\t\twheel           : false,\n\t\t\t\tautoplay        : true,\n                instantStartLayers:false,\n\t\t\t\tmobileBGVideo:false,\n\t\t\t\tloop            : true,\n\t\t\t\tshuffle         : false,\n\t\t\t\tpreload         : 3,\n\t\t\t\theightLimit     : false,\n\t\t\t\tautoHeight      : false,\n\t\t\t\tsmoothHeight    : true,\n\t\t\t\tendPause        : false,\n\t\t\t\toverPause       : false,\n\t\t\t\tfillMode        : \"fill\",\n\t\t\t\tcenterControls  : true,\n\t\t\t\tstartOnAppear   : false,\n\t\t\t\tlayersMode      : \"center\",\n\t\t\t\tautofillTarget  : \"\",\n\t\t\t\thideLayers      : false,\n\t\t\t\tfullscreenMargin: 0,\n\t\t\t\tspeed           : 17,\n\t\t\t\tdir             : \"h\",\n\t\t\t\tresponsive      : true,\n\t\t\t\ttabletWidth     : 768,\n\t\t\t\ttabletHeight    : null,\n\t\t\t\tphoneWidth      : 480,\n\t\t\t\tphoneHeight    : null,\n\t\t\t\tsizingReference : window,\n\t\t\t\tparallaxMode    : 'swipe',\n\t\t\t\tview            : \"basic\"\n\t\t\t});\n\n\t\t\t\n\t\t\twindow.masterslider_instances = window.masterslider_instances || [];\n\t\t\twindow.masterslider_instances.push( masterslider_c7a3 );\n\t\t});\n\t\t<\/script>\n\n\n<p>Ao vencer a corrida de 10 quil\u00f4metros nesse s\u00e1bado (21\/05) em Apucarana, o atleta Maxwell Kortek Rotich, de Uganda, entrou para a hist\u00f3ria na 59\u00aa edi\u00e7\u00e3o da Prova Pedestre 28 de Janeiro. Ocorre que depois de 40 anos, o ugand\u00eas, que \u00e9 agenciado pelo ex-atleta Moacir Marconi, o Coquinho, quebrou o recorde da prova que pertencia ao apucaranense Cl\u00e1udio Ribeiro, o Claudinho, com a marca de 28\u201942\u201d na corrida realizada em 1982. Maxwell, que venceu a prova de forma tranquila, fez o tempo de 28\u201918\u201d. Claudinho, que hoje mora em Ribeir\u00e3o Preto, esteve presente na prova nesse s\u00e1bado e entregou o trof\u00e9u para o campe\u00e3o da 59\u00aa edi\u00e7\u00e3o, com a corrida tendo a participa\u00e7\u00e3o de 3.146 atletas. Foi o segundo t\u00edtulo de Maxwell em Apucarana, pois ele havia vencido a competi\u00e7\u00e3o em 2018.<\/p>\n<p>Coquinho comemorou muito a conquista do seu atleta. \u201cO Maxwell chegou de seu pa\u00eds na sexta-feira, no s\u00e1bado chegou \u00e0s 5 horas da manh\u00e3 em Apucarana e conseguiu subir no lugar mais alto do p\u00f3dio. Para mim ele \u00e9 um her\u00f3i\u201d, festejou Coquinho, que agradeceu o prefeito Junior da Femac e ao p\u00fablico presente. \u201cEu vivo isso desde 1974, \u00e9 impressionante, pois aqui chega a dar 30 mil pessoas assistindo e incentivando esses atletas. E por isso esse recorde tem que ser comemorado sendo o quarto melhor resultado no Brasil\u201d, destacou Coquinho.<\/p>\n<p>O prefeito Junior da Femac elogiou a corrida. \u201cTivemos aqui em Apucarana uma prova sensacional, de alto n\u00edvel t\u00e9cnico, com atletas da melhor qualidade. Foi uma grande festa do esporte apucaranense e que teve quebra de recorde na corrida. Agrade\u00e7o a todos os patrocinadores e apoiadores e, parabenizo a equipe da Secretaria Municipal de Esportes pela organiza\u00e7\u00e3o do evento\u201d, frisou o prefeito Junior da Femac.<\/p>\n<p>O pernambucano Justino Pedro da Silva ficou em segundo lugar, seguido por Gilmar Silvestre Lopes (que em 2020 ficou na segunda posi\u00e7\u00e3o). Giovani dos Santos (seis p\u00f3dios na Corrida de S\u00e3o Silvestre) foi o quarto colocado e Altobeli Santos da Silva (bicampe\u00e3o da Prova 28 em 2017 e 2019) obteve a quinta posi\u00e7\u00e3o.<\/p>\n<p>Com o tempo de 34\u201913\u201d, a queniana Vivian Kiplagati, tamb\u00e9m agenciada por Coquinho, foi a campe\u00e3, ficando sete segundos a frente da argentina Marcela Cristina Gomez Cordeiro. Jenifer do Nascimento Silva ficou em terceiro lugar, seguida por Amanda Aparecida Oliveira e Felismina Cavela, do Qu\u00eania.<\/p>\n<p>Na prova de 10 Km os melhores apucaranenses foram: masculino \u2013 1\u00ba) Geison Novais de Souza; 2\u00ba) Luis Cl\u00e1udio de Freitas; 3\u00ba) Allan Jones; 4\u00ba) Luis Henrique Pereira; e 5\u00ba) Renan Tanaka.<\/p>\n<p>Feminino \u2013 1\u00ba) Cleide Leandra da Silva; 2\u00ba) Renata Paula de Souza; 3\u00ba) Lourdes Maria de Jesus; 4\u00ba) Elaine Castro; e 5\u00ba) Karoline Tempesta Dutra.<\/p>\n<p><strong>\u00a0<\/strong><\/p>\n","protected":false},"excerpt":{"rendered":"<p>Ao vencer a corrida de 10 quil&ocirc;metros nesse s&aacute;bado (21\/05) em Apucarana, o atleta Maxwell Kortek Rotich, de Uganda, entrou para a hist&oacute;ria na 59&ordf; edi&ccedil;&atilde;o da Prova Pedestre 28 de Janeiro. Ocorre que depois de 40 anos, o ugand&ecirc;s, que &eacute; agenciado pelo ex-atleta Moacir Marconi, o Coquinho, quebrou o recorde da prova que [&hellip;]<\/p>\n","protected":false},"author":12,"featured_media":66111,"comment_status":"closed","ping_status":"closed","sticky":false,"template":"","format":"standard","meta":{"footnotes":""},"categories":[24],"tags":[],"class_list":["post-66101","post","type-post","status-publish","format-standard","has-post-thumbnail","hentry","category-noticias"],"acf":[],"_links":{"self":[{"href":"http:\/\/www.apucarana.pr.gov.br\/site\/wp-json\/wp\/v2\/posts\/66101","targetHints":{"allow":["GET"]}}],"collection":[{"href":"http:\/\/www.apucarana.pr.gov.br\/site\/wp-json\/wp\/v2\/posts"}],"about":[{"href":"http:\/\/www.apucarana.pr.gov.br\/site\/wp-json\/wp\/v2\/types\/post"}],"author":[{"embeddable":true,"href":"http:\/\/www.apucarana.pr.gov.br\/site\/wp-json\/wp\/v2\/users\/12"}],"replies":[{"embeddable":true,"href":"http:\/\/www.apucarana.pr.gov.br\/site\/wp-json\/wp\/v2\/comments?post=66101"}],"version-history":[{"count":3,"href":"http:\/\/www.apucarana.pr.gov.br\/site\/wp-json\/wp\/v2\/posts\/66101\/revisions"}],"predecessor-version":[{"id":66113,"href":"http:\/\/www.apucarana.pr.gov.br\/site\/wp-json\/wp\/v2\/posts\/66101\/revisions\/66113"}],"wp:featuredmedia":[{"embeddable":true,"href":"http:\/\/www.apucarana.pr.gov.br\/site\/wp-json\/wp\/v2\/media\/66111"}],"wp:attachment":[{"href":"http:\/\/www.apucarana.pr.gov.br\/site\/wp-json\/wp\/v2\/media?parent=66101"}],"wp:term":[{"taxonomy":"category","embeddable":true,"href":"http:\/\/www.apucarana.pr.gov.br\/site\/wp-json\/wp\/v2\/categories?post=66101"},{"taxonomy":"post_tag","embeddable":true,"href":"http:\/\/www.apucarana.pr.gov.br\/site\/wp-json\/wp\/v2\/tags?post=66101"}],"curies":[{"name":"wp","href":"https:\/\/api.w.org\/{rel}","templated":true}]}}