{"id":65521,"date":"2022-05-13T11:35:29","date_gmt":"2022-05-13T14:35:29","guid":{"rendered":"http:\/\/www.apucarana.pr.gov.br\/site\/?p=65521"},"modified":"2024-10-08T09:26:40","modified_gmt":"2024-10-08T12:26:40","slug":"autarquia-de-saude-celebra-o-dia-mundial-da-enfermagem","status":"publish","type":"post","link":"http:\/\/www.apucarana.pr.gov.br\/site\/autarquia-de-saude-celebra-o-dia-mundial-da-enfermagem\/","title":{"rendered":"Autarquia de Sa\u00fade celebra o \u2018Dia Mundial da Enfermagem\u201d"},"content":{"rendered":"\n\t\t<!-- MasterSlider -->\n\t\t<div id=\"P_MS69f213549da42\" class=\"master-slider-parent master-slider-gallery   ms-parent-id-0\" style=\"\" >\n\n\t\t\t\n\t\t\t<!-- MasterSlider Main -->\n\t\t\t<div id=\"MS69f213549da42\" class=\"master-slider ms-skin-default\" >\n\t\t\t\t \t\t\t\t \n\t\t\t<div  class=\"ms-slide\" data-delay=\"3\"    >\n\t\t\t\t\t<img decoding=\"async\" src=\"http:\/\/www.apucarana.pr.gov.br\/site\/wp-content\/plugins\/masterslider\/public\/assets\/css\/blank.gif\" alt=\"WhatsApp Image 2022-05-12 at 17.34.33 (1)\" title=\"WhatsApp Image 2022-05-12 at 17.34.33 (1)\" data-src=\"http:\/\/www.apucarana.pr.gov.br\/site\/wp-content\/uploads\/2022\/05\/WhatsApp-Image-2022-05-12-at-17.34.33-1-1024x768.jpeg\" \/>\n\t<a href=\"http:\/\/www.apucarana.pr.gov.br\/site\/wp-content\/uploads\/2022\/05\/WhatsApp-Image-2022-05-12-at-17.34.33-1-1024x768.jpeg\" target=\"_self\"    >WhatsApp Image 2022-05-12 at 17.34.33 (1)<\/a>\n\n\n\t<img decoding=\"async\" class=\"ms-thumb\" src=\"http:\/\/www.apucarana.pr.gov.br\/site\/wp-content\/uploads\/2022\/05\/WhatsApp-Image-2022-05-12-at-17.34.33-1-1024x768-140x80.jpeg\" alt=\"WhatsApp Image 2022-05-12 at 17.34.33 (1)\" \/>\n\t\t\t\t<\/div>\n\t\t\t<div  class=\"ms-slide\" data-delay=\"3\"    >\n\t\t\t\t\t<img decoding=\"async\" src=\"http:\/\/www.apucarana.pr.gov.br\/site\/wp-content\/plugins\/masterslider\/public\/assets\/css\/blank.gif\" alt=\"WhatsApp Image 2022-05-12 at 17.34.34\" title=\"WhatsApp Image 2022-05-12 at 17.34.34\" data-src=\"http:\/\/www.apucarana.pr.gov.br\/site\/wp-content\/uploads\/2022\/05\/WhatsApp-Image-2022-05-12-at-17.34.34-1024x768.jpeg\" \/>\n\t<a href=\"http:\/\/www.apucarana.pr.gov.br\/site\/wp-content\/uploads\/2022\/05\/WhatsApp-Image-2022-05-12-at-17.34.34-1024x768.jpeg\" target=\"_self\"    >WhatsApp Image 2022-05-12 at 17.34.34<\/a>\n\n\n\t<img decoding=\"async\" class=\"ms-thumb\" src=\"http:\/\/www.apucarana.pr.gov.br\/site\/wp-content\/uploads\/2022\/05\/WhatsApp-Image-2022-05-12-at-17.34.34-1024x768-140x80.jpeg\" alt=\"WhatsApp Image 2022-05-12 at 17.34.34\" \/>\n\t\t\t\t<\/div>\n\t\t\t<div  class=\"ms-slide\" data-delay=\"3\"    >\n\t\t\t\t\t<img decoding=\"async\" src=\"http:\/\/www.apucarana.pr.gov.br\/site\/wp-content\/plugins\/masterslider\/public\/assets\/css\/blank.gif\" alt=\"WhatsApp Image 2022-05-12 at 17.34.32\" title=\"WhatsApp Image 2022-05-12 at 17.34.32\" data-src=\"http:\/\/www.apucarana.pr.gov.br\/site\/wp-content\/uploads\/2022\/05\/WhatsApp-Image-2022-05-12-at-17.34.32-1024x616.jpeg\" \/>\n\t<a href=\"http:\/\/www.apucarana.pr.gov.br\/site\/wp-content\/uploads\/2022\/05\/WhatsApp-Image-2022-05-12-at-17.34.32-1024x616.jpeg\" target=\"_self\"    >WhatsApp Image 2022-05-12 at 17.34.32<\/a>\n\n\n\t<img decoding=\"async\" class=\"ms-thumb\" src=\"http:\/\/www.apucarana.pr.gov.br\/site\/wp-content\/uploads\/2022\/05\/WhatsApp-Image-2022-05-12-at-17.34.32-1024x616-140x80.jpeg\" alt=\"WhatsApp Image 2022-05-12 at 17.34.32\" \/>\n\t\t\t\t<\/div>\n\t\t\t<div  class=\"ms-slide\" data-delay=\"3\"    >\n\t\t\t\t\t<img decoding=\"async\" src=\"http:\/\/www.apucarana.pr.gov.br\/site\/wp-content\/plugins\/masterslider\/public\/assets\/css\/blank.gif\" alt=\"WhatsApp Image 2022-05-13 at 17.45.15\" title=\"WhatsApp Image 2022-05-13 at 17.45.15\" data-src=\"http:\/\/www.apucarana.pr.gov.br\/site\/wp-content\/uploads\/2022\/05\/WhatsApp-Image-2022-05-13-at-17.45.15-1024x768.jpeg\" \/>\n\t<a href=\"http:\/\/www.apucarana.pr.gov.br\/site\/wp-content\/uploads\/2022\/05\/WhatsApp-Image-2022-05-13-at-17.45.15-1024x768.jpeg\" target=\"_self\"    >WhatsApp Image 2022-05-13 at 17.45.15<\/a>\n\n\n\t<img decoding=\"async\" class=\"ms-thumb\" src=\"http:\/\/www.apucarana.pr.gov.br\/site\/wp-content\/uploads\/2022\/05\/WhatsApp-Image-2022-05-13-at-17.45.15-1024x768-140x80.jpeg\" alt=\"WhatsApp Image 2022-05-13 at 17.45.15\" \/>\n\t\t\t\t<\/div>\n\n\t\t\t<\/div>\n\t\t\t<!-- END MasterSlider Main -->\n\n\t\t\t \n\t\t<\/div>\n\t\t<!-- END MasterSlider -->\n\n\t\t<script>\n\t\t( window.MSReady = window.MSReady || [] ).push( function( $ ) {\n\n\t\t\t\"use strict\";\n\t\t\tvar masterslider_da42 = new MasterSlider();\n\n\t\t\t\/\/ slider controls\n\t\t\tmasterslider_da42.control('arrows'     ,{ autohide:true, overVideo:true  });\n\t\t\tmasterslider_da42.control('thumblist'  ,{ autohide:false, overVideo:true, dir:'h', speed:17, inset:false, arrows:false, hover:false, customClass:'', align:'bottom',type:'thumbs', margin:2, width:140, height:80, space:2, fillMode:'fill'  });\n\t\t\t\/\/ slider setup\n\t\t\tmasterslider_da42.setup(\"MS69f213549da42\", {\n\t\t\t\twidth           : 960,\n\t\t\t\theight          : 540,\n\t\t\t\tminHeight       : 0,\n\t\t\t\tspace           : 0,\n\t\t\t\tstart           : 1,\n\t\t\t\tgrabCursor      : true,\n\t\t\t\tswipe           : true,\n\t\t\t\tmouse           : true,\n\t\t\t\tkeyboard        : false,\n\t\t\t\tlayout          : \"fillwidth\",\n\t\t\t\twheel           : false,\n\t\t\t\tautoplay        : true,\n                instantStartLayers:false,\n\t\t\t\tmobileBGVideo:false,\n\t\t\t\tloop            : true,\n\t\t\t\tshuffle         : false,\n\t\t\t\tpreload         : 3,\n\t\t\t\theightLimit     : false,\n\t\t\t\tautoHeight      : false,\n\t\t\t\tsmoothHeight    : true,\n\t\t\t\tendPause        : false,\n\t\t\t\toverPause       : false,\n\t\t\t\tfillMode        : \"fill\",\n\t\t\t\tcenterControls  : true,\n\t\t\t\tstartOnAppear   : false,\n\t\t\t\tlayersMode      : \"center\",\n\t\t\t\tautofillTarget  : \"\",\n\t\t\t\thideLayers      : false,\n\t\t\t\tfullscreenMargin: 0,\n\t\t\t\tspeed           : 17,\n\t\t\t\tdir             : \"h\",\n\t\t\t\tresponsive      : true,\n\t\t\t\ttabletWidth     : 768,\n\t\t\t\ttabletHeight    : null,\n\t\t\t\tphoneWidth      : 480,\n\t\t\t\tphoneHeight    : null,\n\t\t\t\tsizingReference : window,\n\t\t\t\tparallaxMode    : 'swipe',\n\t\t\t\tview            : \"basic\"\n\t\t\t});\n\n\t\t\t\n\t\t\twindow.masterslider_instances = window.masterslider_instances || [];\n\t\t\twindow.masterslider_instances.push( masterslider_da42 );\n\t\t});\n\t\t<\/script>\n\n\n<p>O Dia Mundial da Enfermagem foi marcado ontem por homenagem aos profissionais da Autarquia Municipal de Sa\u00fade de Apucarana. Enfermeiros e enfermeiras que atuam na aten\u00e7\u00e3o b\u00e1sica celebraram a data em evento na sede da ADEFIAP.<\/p>\n<p>No encontro foram homenageadas com certificados de honra ao m\u00e9rito as equipes das Unidades de Sa\u00fade Antonio Sachelli, do Jardim Colonial; Maria do Caf\u00e9, do Jardim Ponta Grossa; Raul Castilho do N\u00facleo Jo\u00e3o Paulo; e Romeu Milani, do Centro. \u201cS\u00e3o equipes que assumiram cargas hor\u00e1rias estendidas no per\u00edodo mais cr\u00edtico da pandemia de Covid-19 e que at\u00e9 o momento seguem dando suporte a Aten\u00e7\u00e3o B\u00e1sica e tamb\u00e9m a UPA\u201d, informa o superintendente da Aten\u00e7\u00e3o B\u00e1sica da AMS, m\u00e9dico Odarlone Orente.<\/p>\n<p>A coordenadora da Aten\u00e7\u00e3o B\u00e1sica, enfermeira Giordana Maronezzi, manifestou o agradecimento da gest\u00e3o para todos os profissionais enfermeiros que atendem a popula\u00e7\u00e3o que procura os postos de sa\u00fade no munic\u00edpio. Odarlone Orente estendeu o agradecimento em nome do secret\u00e1rio municipal da sa\u00fade, Em\u00eddio Bachiega, e tamb\u00e9m levou uma mensagem de est\u00edmulo e perseveran\u00e7a do prefeito Junior da Femac.<\/p>\n<p>O evento contou com a apresenta\u00e7\u00e3o dos alunos Claudecir e Guilherme da Escola de Arte da Secretaria de Cultura de Apucarana e foi finalizado com um caf\u00e9 solid\u00e1rio para os participantes.<\/p>\n","protected":false},"excerpt":{"rendered":"<p>O Dia Mundial da Enfermagem foi marcado ontem por homenagem aos profissionais da Autarquia Municipal de Sa&uacute;de de Apucarana. Enfermeiros e enfermeiras que atuam na aten&ccedil;&atilde;o b&aacute;sica celebraram a data em evento na sede da ADEFIAP. No encontro foram homenageadas com certificados de honra ao m&eacute;rito as equipes das Unidades de Sa&uacute;de Antonio Sachelli, do [&hellip;]<\/p>\n","protected":false},"author":10,"featured_media":65524,"comment_status":"closed","ping_status":"closed","sticky":false,"template":"","format":"standard","meta":{"footnotes":""},"categories":[24],"tags":[],"class_list":["post-65521","post","type-post","status-publish","format-standard","has-post-thumbnail","hentry","category-noticias"],"acf":[],"_links":{"self":[{"href":"http:\/\/www.apucarana.pr.gov.br\/site\/wp-json\/wp\/v2\/posts\/65521","targetHints":{"allow":["GET"]}}],"collection":[{"href":"http:\/\/www.apucarana.pr.gov.br\/site\/wp-json\/wp\/v2\/posts"}],"about":[{"href":"http:\/\/www.apucarana.pr.gov.br\/site\/wp-json\/wp\/v2\/types\/post"}],"author":[{"embeddable":true,"href":"http:\/\/www.apucarana.pr.gov.br\/site\/wp-json\/wp\/v2\/users\/10"}],"replies":[{"embeddable":true,"href":"http:\/\/www.apucarana.pr.gov.br\/site\/wp-json\/wp\/v2\/comments?post=65521"}],"version-history":[{"count":3,"href":"http:\/\/www.apucarana.pr.gov.br\/site\/wp-json\/wp\/v2\/posts\/65521\/revisions"}],"predecessor-version":[{"id":65614,"href":"http:\/\/www.apucarana.pr.gov.br\/site\/wp-json\/wp\/v2\/posts\/65521\/revisions\/65614"}],"wp:featuredmedia":[{"embeddable":true,"href":"http:\/\/www.apucarana.pr.gov.br\/site\/wp-json\/wp\/v2\/media\/65524"}],"wp:attachment":[{"href":"http:\/\/www.apucarana.pr.gov.br\/site\/wp-json\/wp\/v2\/media?parent=65521"}],"wp:term":[{"taxonomy":"category","embeddable":true,"href":"http:\/\/www.apucarana.pr.gov.br\/site\/wp-json\/wp\/v2\/categories?post=65521"},{"taxonomy":"post_tag","embeddable":true,"href":"http:\/\/www.apucarana.pr.gov.br\/site\/wp-json\/wp\/v2\/tags?post=65521"}],"curies":[{"name":"wp","href":"https:\/\/api.w.org\/{rel}","templated":true}]}}