{"id":65470,"date":"2022-05-12T14:19:47","date_gmt":"2022-05-12T17:19:47","guid":{"rendered":"http:\/\/www.apucarana.pr.gov.br\/site\/?p=65470"},"modified":"2024-10-08T09:26:41","modified_gmt":"2024-10-08T12:26:41","slug":"59a-prova-pedestre-28-de-janeiro-tera-mais-de-3-mil-atletas","status":"publish","type":"post","link":"http:\/\/www.apucarana.pr.gov.br\/site\/59a-prova-pedestre-28-de-janeiro-tera-mais-de-3-mil-atletas\/","title":{"rendered":"59\u00aa Prova Pedestre 28 de Janeiro ter\u00e1 mais de 3 mil atletas"},"content":{"rendered":"\n\t\t<!-- MasterSlider -->\n\t\t<div id=\"P_MS69f2135c181a1\" class=\"master-slider-parent master-slider-gallery   ms-parent-id-0\" style=\"\" >\n\n\t\t\t\n\t\t\t<!-- MasterSlider Main -->\n\t\t\t<div id=\"MS69f2135c181a1\" class=\"master-slider ms-skin-default\" >\n\t\t\t\t \t\t\t\t \n\t\t\t<div  class=\"ms-slide\" data-delay=\"3\"    >\n\t\t\t\t\t<img decoding=\"async\" src=\"http:\/\/www.apucarana.pr.gov.br\/site\/wp-content\/plugins\/masterslider\/public\/assets\/css\/blank.gif\" alt=\"WhatsApp Image 2022-05-12 at 14.00.18\" title=\"WhatsApp Image 2022-05-12 at 14.00.18\" data-src=\"http:\/\/www.apucarana.pr.gov.br\/site\/wp-content\/uploads\/2022\/05\/WhatsApp-Image-2022-05-12-at-14.00.18-1-1024x682.jpeg\" \/>\n\t<a href=\"http:\/\/www.apucarana.pr.gov.br\/site\/wp-content\/uploads\/2022\/05\/WhatsApp-Image-2022-05-12-at-14.00.18-1-1024x682.jpeg\" target=\"_self\"    >WhatsApp Image 2022-05-12 at 14.00.18<\/a>\n\n\n\t<img decoding=\"async\" class=\"ms-thumb\" src=\"http:\/\/www.apucarana.pr.gov.br\/site\/wp-content\/uploads\/2022\/05\/WhatsApp-Image-2022-05-12-at-14.00.18-1-1024x682-140x80.jpeg\" alt=\"WhatsApp Image 2022-05-12 at 14.00.18\" \/>\n\t\t\t\t<\/div>\n\t\t\t<div  class=\"ms-slide\" data-delay=\"3\"    >\n\t\t\t\t\t<img decoding=\"async\" src=\"http:\/\/www.apucarana.pr.gov.br\/site\/wp-content\/plugins\/masterslider\/public\/assets\/css\/blank.gif\" alt=\"WhatsApp Image 2022-05-12 at 14.00.51\" title=\"WhatsApp Image 2022-05-12 at 14.00.51\" data-src=\"http:\/\/www.apucarana.pr.gov.br\/site\/wp-content\/uploads\/2022\/05\/WhatsApp-Image-2022-05-12-at-14.00.51.jpeg\" \/>\n\t<a href=\"http:\/\/www.apucarana.pr.gov.br\/site\/wp-content\/uploads\/2022\/05\/WhatsApp-Image-2022-05-12-at-14.00.51.jpeg\" target=\"_self\"    >WhatsApp Image 2022-05-12 at 14.00.51<\/a>\n\n\n\t<img decoding=\"async\" class=\"ms-thumb\" src=\"http:\/\/www.apucarana.pr.gov.br\/site\/wp-content\/uploads\/2022\/05\/WhatsApp-Image-2022-05-12-at-14.00.51-140x80.jpeg\" alt=\"WhatsApp Image 2022-05-12 at 14.00.51\" \/>\n\t\t\t\t<\/div>\n\t\t\t<div  class=\"ms-slide\" data-delay=\"3\"    >\n\t\t\t\t\t<img decoding=\"async\" src=\"http:\/\/www.apucarana.pr.gov.br\/site\/wp-content\/plugins\/masterslider\/public\/assets\/css\/blank.gif\" alt=\"WhatsApp Image 2022-05-12 at 14.02.39\" title=\"WhatsApp Image 2022-05-12 at 14.02.39\" data-src=\"http:\/\/www.apucarana.pr.gov.br\/site\/wp-content\/uploads\/2022\/05\/WhatsApp-Image-2022-05-12-at-14.02.39-1024x657.jpeg\" \/>\n\t<a href=\"http:\/\/www.apucarana.pr.gov.br\/site\/wp-content\/uploads\/2022\/05\/WhatsApp-Image-2022-05-12-at-14.02.39-1024x657.jpeg\" target=\"_self\"    >WhatsApp Image 2022-05-12 at 14.02.39<\/a>\n\n\n\t<img decoding=\"async\" class=\"ms-thumb\" src=\"http:\/\/www.apucarana.pr.gov.br\/site\/wp-content\/uploads\/2022\/05\/WhatsApp-Image-2022-05-12-at-14.02.39-1024x657-140x80.jpeg\" alt=\"WhatsApp Image 2022-05-12 at 14.02.39\" \/>\n\t\t\t\t<\/div>\n\n\t\t\t<\/div>\n\t\t\t<!-- END MasterSlider Main -->\n\n\t\t\t \n\t\t<\/div>\n\t\t<!-- END MasterSlider -->\n\n\t\t<script>\n\t\t( window.MSReady = window.MSReady || [] ).push( function( $ ) {\n\n\t\t\t\"use strict\";\n\t\t\tvar masterslider_81a1 = new MasterSlider();\n\n\t\t\t\/\/ slider controls\n\t\t\tmasterslider_81a1.control('arrows'     ,{ autohide:true, overVideo:true  });\n\t\t\tmasterslider_81a1.control('thumblist'  ,{ autohide:false, overVideo:true, dir:'h', speed:17, inset:false, arrows:false, hover:false, customClass:'', align:'bottom',type:'thumbs', margin:2, width:140, height:80, space:2, fillMode:'fill'  });\n\t\t\t\/\/ slider setup\n\t\t\tmasterslider_81a1.setup(\"MS69f2135c181a1\", {\n\t\t\t\twidth           : 960,\n\t\t\t\theight          : 540,\n\t\t\t\tminHeight       : 0,\n\t\t\t\tspace           : 0,\n\t\t\t\tstart           : 1,\n\t\t\t\tgrabCursor      : true,\n\t\t\t\tswipe           : true,\n\t\t\t\tmouse           : true,\n\t\t\t\tkeyboard        : false,\n\t\t\t\tlayout          : \"fillwidth\",\n\t\t\t\twheel           : false,\n\t\t\t\tautoplay        : true,\n                instantStartLayers:false,\n\t\t\t\tmobileBGVideo:false,\n\t\t\t\tloop            : true,\n\t\t\t\tshuffle         : false,\n\t\t\t\tpreload         : 3,\n\t\t\t\theightLimit     : false,\n\t\t\t\tautoHeight      : false,\n\t\t\t\tsmoothHeight    : true,\n\t\t\t\tendPause        : false,\n\t\t\t\toverPause       : false,\n\t\t\t\tfillMode        : \"fill\",\n\t\t\t\tcenterControls  : true,\n\t\t\t\tstartOnAppear   : false,\n\t\t\t\tlayersMode      : \"center\",\n\t\t\t\tautofillTarget  : \"\",\n\t\t\t\thideLayers      : false,\n\t\t\t\tfullscreenMargin: 0,\n\t\t\t\tspeed           : 17,\n\t\t\t\tdir             : \"h\",\n\t\t\t\tresponsive      : true,\n\t\t\t\ttabletWidth     : 768,\n\t\t\t\ttabletHeight    : null,\n\t\t\t\tphoneWidth      : 480,\n\t\t\t\tphoneHeight    : null,\n\t\t\t\tsizingReference : window,\n\t\t\t\tparallaxMode    : 'swipe',\n\t\t\t\tview            : \"basic\"\n\t\t\t});\n\n\t\t\t\n\t\t\twindow.masterslider_instances = window.masterslider_instances || [];\n\t\t\twindow.masterslider_instances.push( masterslider_81a1 );\n\t\t});\n\t\t<\/script>\n\n\n<p>Corrida pedestre mais tradicional do Paran\u00e1, a 59\u00aa edi\u00e7\u00e3o da Prova 28 de Janeiro, que ocorrer\u00e1 no dia 21 de maio, em Apucarana, ter\u00e1 a participa\u00e7\u00e3o de 3.087 atletas. A inscri\u00e7\u00e3o foi encerrada nesta quarta-feira (11\/05), com a confirma\u00e7\u00e3o de competidores de dez estados e tamb\u00e9m de atletas do exterior. Se inscreveram 496 atletas na Vinteotinha, que ter\u00e1 a sua 21\u00aa edi\u00e7\u00e3o, 1.621 na prova de 5 Km, 944 na corrida de 10 Km e de 26 paratletas.<\/p>\n<p>O prefeito Junior da Femac comemora o retorno da corrida nesse ano. \u201cDepois de n\u00e3o ser realizada no ano passado devido \u00e0 pandemia da covid-19, a Prova 28 de Janeiro est\u00e1 retornando com toda for\u00e7a e com mais de 3.000 atletas inscritos. O n\u00famero de participantes mostra a qualidade e o potencial da nossa corrida, sendo refer\u00eancia no Brasil. Como acontece em todos os anos a prova ser\u00e1 uma festa envolvendo crian\u00e7as, adolescentes, adultos e pessoas da terceira idade\u201d, destaca o prefeito Junior da Femac.<\/p>\n<p>O professor Jos\u00e9 Marcelino da Silva, o Grillo, secret\u00e1rio municipal de Esportes, disse que tudo est\u00e1 preparado para a competi\u00e7\u00e3o. \u201cEstamos felizes pela volta da nossa tradicional prova, que mais uma vez contar\u00e1 com v\u00e1rios atletas de elite nas categorias masculina e feminina. Tamb\u00e9m teremos os competidores da cidade representando as academias e as equipes de corrida&#8221;, frisa Grillo.<\/p>\n<p>Pelo naipe masculino como principais destaques est\u00e3o os atletas Bernard Kipsang Chumba (Qu\u00eania), Altobeli Santos da Silva, Giovane dos Santos, Paulo Roberto de Almeida Paula, Jos\u00e9 M\u00e1rcio Le\u00e3o da Silva, Justino Pedro da Silva, Gilmar Silvestre Lopes, Carlos Henrique de Souza, Gilberto Silvestre Lopes, Alessandro de Souza e Alisson Peres da Rocha.<\/p>\n<p>J\u00e1 no feminino as atra\u00e7\u00f5es s\u00e3o Joziane da Silva Cardoso, Jeniffer do Nascimento Silva, Cruz Nonata da Silva, Andreia Aparecida Hessel, J\u00e9ssica Ladeira Soares, Jaciane Barroso de Jesus, a queniana Vivian Kiplagati e a argentina Marcela Cristina Gomes.<\/p>\n<p>No pr\u00f3ximo dia 21, a Vinteoitinha ter\u00e1 in\u00edcio \u00e0s 15h30. Em seguida, \u00e0s 19 horas, ser\u00e1 dada a largada da corrida de 5 Km, enquanto \u00e0s 20h15, come\u00e7a a prova de 10 Km.<\/p>\n<p>Mais informa\u00e7\u00f5es da 59\u00aa edi\u00e7\u00e3o da Prova Pedestre 28 de Janeiro podem ser obtidas pelo telefone (43) 3422-5184.<\/p>\n<p><strong>\u00a0<\/strong><\/p>\n","protected":false},"excerpt":{"rendered":"<p>Corrida pedestre mais tradicional do Paran&aacute;, a 59&ordf; edi&ccedil;&atilde;o da Prova 28 de Janeiro, que ocorrer&aacute; no dia 21 de maio, em Apucarana, ter&aacute; a participa&ccedil;&atilde;o de 3.087 atletas. A inscri&ccedil;&atilde;o foi encerrada nesta quarta-feira (11\/05), com a confirma&ccedil;&atilde;o de competidores de dez estados e tamb&eacute;m de atletas do exterior. Se inscreveram 496 atletas na [&hellip;]<\/p>\n","protected":false},"author":12,"featured_media":65473,"comment_status":"closed","ping_status":"closed","sticky":false,"template":"","format":"standard","meta":{"footnotes":""},"categories":[24],"tags":[],"class_list":["post-65470","post","type-post","status-publish","format-standard","has-post-thumbnail","hentry","category-noticias"],"acf":[],"_links":{"self":[{"href":"http:\/\/www.apucarana.pr.gov.br\/site\/wp-json\/wp\/v2\/posts\/65470","targetHints":{"allow":["GET"]}}],"collection":[{"href":"http:\/\/www.apucarana.pr.gov.br\/site\/wp-json\/wp\/v2\/posts"}],"about":[{"href":"http:\/\/www.apucarana.pr.gov.br\/site\/wp-json\/wp\/v2\/types\/post"}],"author":[{"embeddable":true,"href":"http:\/\/www.apucarana.pr.gov.br\/site\/wp-json\/wp\/v2\/users\/12"}],"replies":[{"embeddable":true,"href":"http:\/\/www.apucarana.pr.gov.br\/site\/wp-json\/wp\/v2\/comments?post=65470"}],"version-history":[{"count":1,"href":"http:\/\/www.apucarana.pr.gov.br\/site\/wp-json\/wp\/v2\/posts\/65470\/revisions"}],"predecessor-version":[{"id":65477,"href":"http:\/\/www.apucarana.pr.gov.br\/site\/wp-json\/wp\/v2\/posts\/65470\/revisions\/65477"}],"wp:featuredmedia":[{"embeddable":true,"href":"http:\/\/www.apucarana.pr.gov.br\/site\/wp-json\/wp\/v2\/media\/65473"}],"wp:attachment":[{"href":"http:\/\/www.apucarana.pr.gov.br\/site\/wp-json\/wp\/v2\/media?parent=65470"}],"wp:term":[{"taxonomy":"category","embeddable":true,"href":"http:\/\/www.apucarana.pr.gov.br\/site\/wp-json\/wp\/v2\/categories?post=65470"},{"taxonomy":"post_tag","embeddable":true,"href":"http:\/\/www.apucarana.pr.gov.br\/site\/wp-json\/wp\/v2\/tags?post=65470"}],"curies":[{"name":"wp","href":"https:\/\/api.w.org\/{rel}","templated":true}]}}