{"id":65382,"date":"2022-05-11T11:59:40","date_gmt":"2022-05-11T14:59:40","guid":{"rendered":"http:\/\/www.apucarana.pr.gov.br\/site\/?p=65382"},"modified":"2024-10-08T09:26:42","modified_gmt":"2024-10-08T12:26:42","slug":"apucarana-sedia-seminario-macrorregional-sobre-o-cadunico-e-o-auxilio-brasil","status":"publish","type":"post","link":"http:\/\/www.apucarana.pr.gov.br\/site\/apucarana-sedia-seminario-macrorregional-sobre-o-cadunico-e-o-auxilio-brasil\/","title":{"rendered":"Apucarana sedia semin\u00e1rio macrorregional sobre o \u201cCad\u00danico\u201d e o Aux\u00edlio Brasil"},"content":{"rendered":"\n\t\t<!-- MasterSlider -->\n\t\t<div id=\"P_MS69f224944b9e6\" class=\"master-slider-parent master-slider-gallery   ms-parent-id-0\" style=\"\" >\n\n\t\t\t\n\t\t\t<!-- MasterSlider Main -->\n\t\t\t<div id=\"MS69f224944b9e6\" class=\"master-slider ms-skin-default\" >\n\t\t\t\t \t\t\t\t \n\t\t\t<div  class=\"ms-slide\" data-delay=\"3\"    >\n\t\t\t\t\t<img decoding=\"async\" src=\"http:\/\/www.apucarana.pr.gov.br\/site\/wp-content\/plugins\/masterslider\/public\/assets\/css\/blank.gif\" alt=\"SEMIN\u00c1RIO(EDSON DENOBI) (4)\" title=\"SEMIN\u00c1RIO(EDSON DENOBI) (4)\" data-src=\"http:\/\/www.apucarana.pr.gov.br\/site\/wp-content\/uploads\/2022\/05\/SEMINARIOEDSON-DENOBI-4-1024x695.jpg\" \/>\n\t<a href=\"http:\/\/www.apucarana.pr.gov.br\/site\/wp-content\/uploads\/2022\/05\/SEMINARIOEDSON-DENOBI-4-1024x695.jpg\" target=\"_self\"    >SEMIN\u00c1RIO(EDSON DENOBI) (4)<\/a>\n\n\n\t<img decoding=\"async\" class=\"ms-thumb\" src=\"http:\/\/www.apucarana.pr.gov.br\/site\/wp-content\/uploads\/2022\/05\/SEMINARIOEDSON-DENOBI-4-1024x695-140x80.jpg\" alt=\"SEMIN\u00c1RIO(EDSON DENOBI) (4)\" \/>\n\t\t\t\t<\/div>\n\t\t\t<div  class=\"ms-slide\" data-delay=\"3\"    >\n\t\t\t\t\t<img decoding=\"async\" src=\"http:\/\/www.apucarana.pr.gov.br\/site\/wp-content\/plugins\/masterslider\/public\/assets\/css\/blank.gif\" alt=\"SEMIN\u00c1RIO(EDSON DENOBI) (9)\" title=\"SEMIN\u00c1RIO(EDSON DENOBI) (9)\" data-src=\"http:\/\/www.apucarana.pr.gov.br\/site\/wp-content\/uploads\/2022\/05\/SEMINARIOEDSON-DENOBI-9-1024x677.jpg\" \/>\n\t<a href=\"http:\/\/www.apucarana.pr.gov.br\/site\/wp-content\/uploads\/2022\/05\/SEMINARIOEDSON-DENOBI-9-1024x677.jpg\" target=\"_self\"    >SEMIN\u00c1RIO(EDSON DENOBI) (9)<\/a>\n\n\n\t<img decoding=\"async\" class=\"ms-thumb\" src=\"http:\/\/www.apucarana.pr.gov.br\/site\/wp-content\/uploads\/2022\/05\/SEMINARIOEDSON-DENOBI-9-1024x677-140x80.jpg\" alt=\"SEMIN\u00c1RIO(EDSON DENOBI) (9)\" \/>\n\t\t\t\t<\/div>\n\t\t\t<div  class=\"ms-slide\" data-delay=\"3\"    >\n\t\t\t\t\t<img decoding=\"async\" src=\"http:\/\/www.apucarana.pr.gov.br\/site\/wp-content\/plugins\/masterslider\/public\/assets\/css\/blank.gif\" alt=\"SEMIN\u00c1RIO(EDSON DENOBI) (12)\" title=\"SEMIN\u00c1RIO(EDSON DENOBI) (12)\" data-src=\"http:\/\/www.apucarana.pr.gov.br\/site\/wp-content\/uploads\/2022\/05\/SEMINARIOEDSON-DENOBI-12-1024x646.jpg\" \/>\n\t<a href=\"http:\/\/www.apucarana.pr.gov.br\/site\/wp-content\/uploads\/2022\/05\/SEMINARIOEDSON-DENOBI-12-1024x646.jpg\" target=\"_self\"    >SEMIN\u00c1RIO(EDSON DENOBI) (12)<\/a>\n\n\n\t<img decoding=\"async\" class=\"ms-thumb\" src=\"http:\/\/www.apucarana.pr.gov.br\/site\/wp-content\/uploads\/2022\/05\/SEMINARIOEDSON-DENOBI-12-1024x646-140x80.jpg\" alt=\"SEMIN\u00c1RIO(EDSON DENOBI) (12)\" \/>\n\t\t\t\t<\/div>\n\t\t\t<div  class=\"ms-slide\" data-delay=\"3\"    >\n\t\t\t\t\t<img decoding=\"async\" src=\"http:\/\/www.apucarana.pr.gov.br\/site\/wp-content\/plugins\/masterslider\/public\/assets\/css\/blank.gif\" alt=\"SEMIN\u00c1RIO(EDSON DENOBI) (20)\" title=\"SEMIN\u00c1RIO(EDSON DENOBI) (20)\" data-src=\"http:\/\/www.apucarana.pr.gov.br\/site\/wp-content\/uploads\/2022\/05\/SEMINARIOEDSON-DENOBI-20-1024x683.jpg\" \/>\n\t<a href=\"http:\/\/www.apucarana.pr.gov.br\/site\/wp-content\/uploads\/2022\/05\/SEMINARIOEDSON-DENOBI-20-1024x683.jpg\" target=\"_self\"    >SEMIN\u00c1RIO(EDSON DENOBI) (20)<\/a>\n\n\n\t<img decoding=\"async\" class=\"ms-thumb\" src=\"http:\/\/www.apucarana.pr.gov.br\/site\/wp-content\/uploads\/2022\/05\/SEMINARIOEDSON-DENOBI-20-1024x683-140x80.jpg\" alt=\"SEMIN\u00c1RIO(EDSON DENOBI) (20)\" \/>\n\t\t\t\t<\/div>\n\t\t\t<div  class=\"ms-slide\" data-delay=\"3\"    >\n\t\t\t\t\t<img decoding=\"async\" src=\"http:\/\/www.apucarana.pr.gov.br\/site\/wp-content\/plugins\/masterslider\/public\/assets\/css\/blank.gif\" alt=\"SEMIN\u00c1RIO(EDSON DENOBI) (22)\" title=\"SEMIN\u00c1RIO(EDSON DENOBI) (22)\" data-src=\"http:\/\/www.apucarana.pr.gov.br\/site\/wp-content\/uploads\/2022\/05\/SEMINARIOEDSON-DENOBI-22-1024x652.jpg\" \/>\n\t<a href=\"http:\/\/www.apucarana.pr.gov.br\/site\/wp-content\/uploads\/2022\/05\/SEMINARIOEDSON-DENOBI-22-1024x652.jpg\" target=\"_self\"    >SEMIN\u00c1RIO(EDSON DENOBI) (22)<\/a>\n\n\n\t<img decoding=\"async\" class=\"ms-thumb\" src=\"http:\/\/www.apucarana.pr.gov.br\/site\/wp-content\/uploads\/2022\/05\/SEMINARIOEDSON-DENOBI-22-1024x652-140x80.jpg\" alt=\"SEMIN\u00c1RIO(EDSON DENOBI) (22)\" \/>\n\t\t\t\t<\/div>\n\n\t\t\t<\/div>\n\t\t\t<!-- END MasterSlider Main -->\n\n\t\t\t \n\t\t<\/div>\n\t\t<!-- END MasterSlider -->\n\n\t\t<script>\n\t\t( window.MSReady = window.MSReady || [] ).push( function( $ ) {\n\n\t\t\t\"use strict\";\n\t\t\tvar masterslider_b9e6 = new MasterSlider();\n\n\t\t\t\/\/ slider controls\n\t\t\tmasterslider_b9e6.control('arrows'     ,{ autohide:true, overVideo:true  });\n\t\t\tmasterslider_b9e6.control('thumblist'  ,{ autohide:false, overVideo:true, dir:'h', speed:17, inset:false, arrows:false, hover:false, customClass:'', align:'bottom',type:'thumbs', margin:2, width:140, height:80, space:2, fillMode:'fill'  });\n\t\t\t\/\/ slider setup\n\t\t\tmasterslider_b9e6.setup(\"MS69f224944b9e6\", {\n\t\t\t\twidth           : 960,\n\t\t\t\theight          : 540,\n\t\t\t\tminHeight       : 0,\n\t\t\t\tspace           : 0,\n\t\t\t\tstart           : 1,\n\t\t\t\tgrabCursor      : true,\n\t\t\t\tswipe           : true,\n\t\t\t\tmouse           : true,\n\t\t\t\tkeyboard        : false,\n\t\t\t\tlayout          : \"fillwidth\",\n\t\t\t\twheel           : false,\n\t\t\t\tautoplay        : true,\n                instantStartLayers:false,\n\t\t\t\tmobileBGVideo:false,\n\t\t\t\tloop            : true,\n\t\t\t\tshuffle         : false,\n\t\t\t\tpreload         : 3,\n\t\t\t\theightLimit     : false,\n\t\t\t\tautoHeight      : false,\n\t\t\t\tsmoothHeight    : true,\n\t\t\t\tendPause        : false,\n\t\t\t\toverPause       : false,\n\t\t\t\tfillMode        : \"fill\",\n\t\t\t\tcenterControls  : true,\n\t\t\t\tstartOnAppear   : false,\n\t\t\t\tlayersMode      : \"center\",\n\t\t\t\tautofillTarget  : \"\",\n\t\t\t\thideLayers      : false,\n\t\t\t\tfullscreenMargin: 0,\n\t\t\t\tspeed           : 17,\n\t\t\t\tdir             : \"h\",\n\t\t\t\tresponsive      : true,\n\t\t\t\ttabletWidth     : 768,\n\t\t\t\ttabletHeight    : null,\n\t\t\t\tphoneWidth      : 480,\n\t\t\t\tphoneHeight    : null,\n\t\t\t\tsizingReference : window,\n\t\t\t\tparallaxMode    : 'swipe',\n\t\t\t\tview            : \"basic\"\n\t\t\t});\n\n\t\t\t\n\t\t\twindow.masterslider_instances = window.masterslider_instances || [];\n\t\t\twindow.masterslider_instances.push( masterslider_b9e6 );\n\t\t});\n\t\t<\/script>\n\n\n<p>O Semin\u00e1rio Macrorregional da Gest\u00e3o Intersetorial do Cadastro \u00danico e Programa Aux\u00edlio Brasil, que iniciou nesta quarta-feira (11\/05) em Apucarana, re\u00fane t\u00e9cnicos de mais de 70 munic\u00edpios. A capacita\u00e7\u00e3o abrange profissionais das \u00e1reas de sa\u00fade, educa\u00e7\u00e3o e assist\u00eancia social das regionais de Apucarana, Londrina, Jacarezinho e Corn\u00e9lio Proc\u00f3pio.<\/p>\n<p>O evento, que acontece no anfiteatro Gralha Azul, da Unespar, contou com a presen\u00e7a do prefeito Junior da Femac e, representando o Legislativo, do vereador Franciley Preto de God\u00f3i (Poim). Tamb\u00e9m estiveram presentes representantes dos n\u00facleos regionais da Sejuf, n\u00facleos regionais de educa\u00e7\u00e3o e n\u00facleos de sa\u00fade, al\u00e9m de representantes dos trabalhadores, prestadores de servi\u00e7o e usu\u00e1rios.<\/p>\n<p>Junior da Femac destacou a import\u00e2ncia da capacita\u00e7\u00e3o, lembrando que o \u201cCad\u00danico\u201d \u00e9 a porta de entrada para o atendimento do p\u00fablico em situa\u00e7\u00e3o de vulnerabilidade social. \u201cQuest\u00f5es como habita\u00e7\u00e3o, transfer\u00eancia de renda e alimenta\u00e7\u00e3o s\u00e3o encaminhadas pelo Cadastro \u00d9nico, que \u00e9 a grande porta aberta para o atendimento de quem mais precisa\u201d, frisa Junior da Femac.<\/p>\n<p>O prefeito lembrou os constantes aumentos no custo dos alimentos, o que vem dificultando o acesso \u00e0 popula\u00e7\u00e3o de baixa renda. \u201cVamos nos colocar no lugar de uma m\u00e3e assalariada com tr\u00eas filhos que hoje vai ao supermercado para comprar um lite de leite ao pre\u00e7o que pode variar entre R$ 4 e R$ 5 ou um litro de \u00f3leo que custa entre R$ 11 e R$ 15. Este \u00e9 um momento importante para fazer uma imers\u00e3o nestas quest\u00f5es\u201d, pontua Junior da Femac, acrescentando que a Prefeitura de Apucarana j\u00e1 entregou somente no in\u00edcio deste ano cerca de 6 mil cestas b\u00e1sicas.<\/p>\n<p>Junior da Femac tamb\u00e9m destacou a import\u00e2ncia da intersetorialidade. \u201cEsse n\u00e3o \u00e9 um problema apenas de um setor, da Assist\u00eancia Social, por isso o semin\u00e1rio congrega tamb\u00e9m profissionais da sa\u00fade e educa\u00e7\u00e3o. N\u00f3s precisamos nos acostumar com esta nova realidade no servi\u00e7o p\u00fablico, com os setores trabalhando juntos para gerar uma solu\u00e7\u00e3o duradoura e que mude a vida das pessoas\u201d, refor\u00e7a.<\/p>\n<p>O evento \u00e9 uma iniciativa da Secretaria de Estado de Justi\u00e7a, Fam\u00edlia e Trabalho (Sejuf), em parceria com a Prefeitura de Apucarana e as secretarias estaduais de sa\u00fade e educa\u00e7\u00e3o. De acordo com M\u00e1rcia Sousa, chefe do escrit\u00f3rio da Sejuf de Apucarana, o semin\u00e1rio discute temas como mudan\u00e7as no programa federal de transfer\u00eancia de renda (do Bolsa Fam\u00edlia para o Programa Aux\u00edlio Brasil), altera\u00e7\u00f5es de p\u00fablico inseridos nas condicionalidades, sistemas de monitoramento e registro, e altera\u00e7\u00f5es nas normativas e sistemas do Cadastro \u00danico para programas sociais, entre outros. O semin\u00e1rio ter\u00e1 prosseguimento nesta quinta-feira (12\/05) com novas turmas de participantes.<\/p>\n","protected":false},"excerpt":{"rendered":"<p>O Semin&aacute;rio Macrorregional da Gest&atilde;o Intersetorial do Cadastro &Uacute;nico e Programa Aux&iacute;lio Brasil, que iniciou nesta quarta-feira (11\/05) em Apucarana, re&uacute;ne t&eacute;cnicos de mais de 70 munic&iacute;pios. A capacita&ccedil;&atilde;o abrange profissionais das &aacute;reas de sa&uacute;de, educa&ccedil;&atilde;o e assist&ecirc;ncia social das regionais de Apucarana, Londrina, Jacarezinho e Corn&eacute;lio Proc&oacute;pio. O evento, que acontece no anfiteatro Gralha [&hellip;]<\/p>\n","protected":false},"author":6,"featured_media":65385,"comment_status":"closed","ping_status":"closed","sticky":false,"template":"","format":"standard","meta":{"footnotes":""},"categories":[24],"tags":[],"class_list":["post-65382","post","type-post","status-publish","format-standard","has-post-thumbnail","hentry","category-noticias"],"acf":[],"_links":{"self":[{"href":"http:\/\/www.apucarana.pr.gov.br\/site\/wp-json\/wp\/v2\/posts\/65382","targetHints":{"allow":["GET"]}}],"collection":[{"href":"http:\/\/www.apucarana.pr.gov.br\/site\/wp-json\/wp\/v2\/posts"}],"about":[{"href":"http:\/\/www.apucarana.pr.gov.br\/site\/wp-json\/wp\/v2\/types\/post"}],"author":[{"embeddable":true,"href":"http:\/\/www.apucarana.pr.gov.br\/site\/wp-json\/wp\/v2\/users\/6"}],"replies":[{"embeddable":true,"href":"http:\/\/www.apucarana.pr.gov.br\/site\/wp-json\/wp\/v2\/comments?post=65382"}],"version-history":[{"count":2,"href":"http:\/\/www.apucarana.pr.gov.br\/site\/wp-json\/wp\/v2\/posts\/65382\/revisions"}],"predecessor-version":[{"id":65405,"href":"http:\/\/www.apucarana.pr.gov.br\/site\/wp-json\/wp\/v2\/posts\/65382\/revisions\/65405"}],"wp:featuredmedia":[{"embeddable":true,"href":"http:\/\/www.apucarana.pr.gov.br\/site\/wp-json\/wp\/v2\/media\/65385"}],"wp:attachment":[{"href":"http:\/\/www.apucarana.pr.gov.br\/site\/wp-json\/wp\/v2\/media?parent=65382"}],"wp:term":[{"taxonomy":"category","embeddable":true,"href":"http:\/\/www.apucarana.pr.gov.br\/site\/wp-json\/wp\/v2\/categories?post=65382"},{"taxonomy":"post_tag","embeddable":true,"href":"http:\/\/www.apucarana.pr.gov.br\/site\/wp-json\/wp\/v2\/tags?post=65382"}],"curies":[{"name":"wp","href":"https:\/\/api.w.org\/{rel}","templated":true}]}}