{"id":65034,"date":"2022-05-04T17:43:51","date_gmt":"2022-05-04T20:43:51","guid":{"rendered":"http:\/\/www.apucarana.pr.gov.br\/site\/?p=65034"},"modified":"2024-10-08T09:26:45","modified_gmt":"2024-10-08T12:26:45","slug":"apucarana-registra-21-casos-da-covid-19-nesta-quarta-feira","status":"publish","type":"post","link":"http:\/\/www.apucarana.pr.gov.br\/site\/apucarana-registra-21-casos-da-covid-19-nesta-quarta-feira\/","title":{"rendered":"Apucarana registra 21 casos da Covid-19 nesta quarta-feira"},"content":{"rendered":"<p>A Autarquia Municipal de Sa\u00fade (AMS) confirmou 21 casos de Covid-19 nesta quarta-feira (4) em Apucarana. O munic\u00edpio segue com 548 mortes e soma agora 33.829 diagn\u00f3sticos positivos do novo coronav\u00edrus.<\/p>\n<p>Os novos casos confirmados s\u00e3o de 4 homens e 17 mulheres. Segundo boletim da AMS, o munic\u00edpio tem mais 39 suspeitas em investiga\u00e7\u00e3o.<\/p>\n<p>J\u00e1 foram testadas 97.556 pessoas, sendo 67.056 em testes r\u00e1pidos, 26.863 pelo Lacen (RT-PCR) e 3.637 por laborat\u00f3rios particulares (RT-PCR).<\/p>\n<p>O munic\u00edpio n\u00e3o tem nenhum paciente internado no Hospital da Provid\u00eancia com o diagn\u00f3stico de Covid-19.<\/p>\n","protected":false},"excerpt":{"rendered":"<p>A Autarquia Municipal de Sa&uacute;de (AMS) confirmou 21 casos de Covid-19 nesta quarta-feira (4) em Apucarana. O munic&iacute;pio segue com 548 mortes e soma agora 33.829 diagn&oacute;sticos positivos do novo coronav&iacute;rus. Os novos casos confirmados s&atilde;o de 4 homens e 17 mulheres. Segundo boletim da AMS, o munic&iacute;pio tem mais 39 suspeitas em investiga&ccedil;&atilde;o. J&aacute; [&hellip;]<\/p>\n","protected":false},"author":10,"featured_media":62928,"comment_status":"closed","ping_status":"closed","sticky":false,"template":"","format":"standard","meta":{"footnotes":""},"categories":[34],"tags":[],"class_list":["post-65034","post","type-post","status-publish","format-standard","has-post-thumbnail","hentry","category-coronavirus"],"acf":[],"_links":{"self":[{"href":"http:\/\/www.apucarana.pr.gov.br\/site\/wp-json\/wp\/v2\/posts\/65034","targetHints":{"allow":["GET"]}}],"collection":[{"href":"http:\/\/www.apucarana.pr.gov.br\/site\/wp-json\/wp\/v2\/posts"}],"about":[{"href":"http:\/\/www.apucarana.pr.gov.br\/site\/wp-json\/wp\/v2\/types\/post"}],"author":[{"embeddable":true,"href":"http:\/\/www.apucarana.pr.gov.br\/site\/wp-json\/wp\/v2\/users\/10"}],"replies":[{"embeddable":true,"href":"http:\/\/www.apucarana.pr.gov.br\/site\/wp-json\/wp\/v2\/comments?post=65034"}],"version-history":[{"count":1,"href":"http:\/\/www.apucarana.pr.gov.br\/site\/wp-json\/wp\/v2\/posts\/65034\/revisions"}],"predecessor-version":[{"id":65035,"href":"http:\/\/www.apucarana.pr.gov.br\/site\/wp-json\/wp\/v2\/posts\/65034\/revisions\/65035"}],"wp:featuredmedia":[{"embeddable":true,"href":"http:\/\/www.apucarana.pr.gov.br\/site\/wp-json\/wp\/v2\/media\/62928"}],"wp:attachment":[{"href":"http:\/\/www.apucarana.pr.gov.br\/site\/wp-json\/wp\/v2\/media?parent=65034"}],"wp:term":[{"taxonomy":"category","embeddable":true,"href":"http:\/\/www.apucarana.pr.gov.br\/site\/wp-json\/wp\/v2\/categories?post=65034"},{"taxonomy":"post_tag","embeddable":true,"href":"http:\/\/www.apucarana.pr.gov.br\/site\/wp-json\/wp\/v2\/tags?post=65034"}],"curies":[{"name":"wp","href":"https:\/\/api.w.org\/{rel}","templated":true}]}}