{"id":650,"date":"2013-01-02T16:29:00","date_gmt":"2013-01-02T16:29:00","guid":{"rendered":"http:\/\/172.16.0.7\/site-antigo\/?p=650"},"modified":"2024-10-08T09:05:44","modified_gmt":"2024-10-08T12:05:44","slug":"cristiano-kussmaul-sera-transformada-em-avenida","status":"publish","type":"post","link":"http:\/\/www.apucarana.pr.gov.br\/site\/cristiano-kussmaul-sera-transformada-em-avenida\/","title":{"rendered":"&#8220;Cristiano Kussmaul&#8221; ser\u00e1 transformada em avenida"},"content":{"rendered":"<p>Por meio do decreto 095\/2013, o prefeito de Apucarana, Beto Preto (PT), acaba de declarar de utilidade p\u00fablica, para fins de desapropria\u00e7\u00e3o, uma faixa de 30 metros de largura, paralela \u00e0 Rua Cristiano Kussmaul, do trecho que vai da Rua Kishitaro Kayukawa, at\u00e9 o contorno sul. A \u00e1rea que envolve partes de v\u00e1rios lotes, se destina \u00e0 duplica\u00e7\u00e3o da rua, que ser\u00e1 transformada numa via perimetral.   <\/p>\n<p>&ldquo;Estamos come\u00e7ando um planejamento futuro da cidade, que precisa de vias perimetrais bem estruturadas, para interligar regi\u00f5es da cidade&rdquo;, explica o prefeito Beto Preto. O Instituto de Desenvolvimento, Pesquisa e Planejamento (Idepplan), sob a coordena\u00e7\u00e3o do engenheiro e vice-prefeito Junior da Femac, tamb\u00e9m j\u00e1 est\u00e1 estudando a abertura de novas vias perimetrais, em outras regi\u00f5es da cidade. <\/p>\n<p>&ldquo;O nosso objetivo \u00e9 facilitar a interliga\u00e7\u00e3o de bairros, sem a necessidade de cruzar a \u00e1rea central, contribuindo para um melhor fluxo de ve\u00edculos no tr&acirc;nsito&rdquo;, assinala o prefeito. De acordo com ele, a Cristiano Kussmaul j\u00e1 recebe intenso movimento por ser acesso ao Residencial Interlagos, Alto da Boa Vista, Jardim Europa, Menegazzo, Paineiras e Espanha. &ldquo;A via tamb\u00e9m interliga a Avenida Governador Roberto da Silveira com a regi\u00e3o industrial do contorno sul&rdquo;, acrescenta. <\/p>\n<p>Na conflu\u00eancia das ruas Cristiano Kussmaul e Kishitaro Kayukawa, tamb\u00e9m foi declarada de utilidade p\u00fablica, uma \u00e1rea de 10 mil metros quadrados. &rdquo;Este terreno se destina \u00e0 reserva de \u00e1rea institucional para constru\u00e7\u00e3o de equipamentos comunit\u00e1rios, incluindo escola, creche, posto de sa\u00fade e pra\u00e7a&rdquo;, informa Beto Preto. <\/p>\n<p>Ele assinala ainda que esta regi\u00e3o da cidade, que \u00e9 a que mais cresce em densidade populacional, precisa ser atendida nas \u00e1reas de educa\u00e7\u00e3o, sa\u00fade e assist\u00eancia social, al\u00e9m de lazer.<\/p>\n<p><b>Servi\u00e7o <\/b>&#8211; Visualize a \u00edntegra do decreto <a href=\"http:\/\/doe.apucarana.pr.gov.br\/downloads\/atosoficiais\/atooficial-1364232999024.pdf\">aqui<\/a>.<\/p>\n<p><\/p>\n","protected":false},"excerpt":{"rendered":"<p>&Aacute;reas foram declaradas de utilidade p&uacute;blica para viabilizar o alargamento da via <\/p>\n","protected":false},"author":4,"featured_media":0,"comment_status":"closed","ping_status":"closed","sticky":false,"template":"","format":"standard","meta":{"footnotes":""},"categories":[24],"tags":[],"class_list":["post-650","post","type-post","status-publish","format-standard","hentry","category-noticias"],"acf":[],"_links":{"self":[{"href":"http:\/\/www.apucarana.pr.gov.br\/site\/wp-json\/wp\/v2\/posts\/650","targetHints":{"allow":["GET"]}}],"collection":[{"href":"http:\/\/www.apucarana.pr.gov.br\/site\/wp-json\/wp\/v2\/posts"}],"about":[{"href":"http:\/\/www.apucarana.pr.gov.br\/site\/wp-json\/wp\/v2\/types\/post"}],"author":[{"embeddable":true,"href":"http:\/\/www.apucarana.pr.gov.br\/site\/wp-json\/wp\/v2\/users\/4"}],"replies":[{"embeddable":true,"href":"http:\/\/www.apucarana.pr.gov.br\/site\/wp-json\/wp\/v2\/comments?post=650"}],"version-history":[{"count":1,"href":"http:\/\/www.apucarana.pr.gov.br\/site\/wp-json\/wp\/v2\/posts\/650\/revisions"}],"predecessor-version":[{"id":106375,"href":"http:\/\/www.apucarana.pr.gov.br\/site\/wp-json\/wp\/v2\/posts\/650\/revisions\/106375"}],"wp:attachment":[{"href":"http:\/\/www.apucarana.pr.gov.br\/site\/wp-json\/wp\/v2\/media?parent=650"}],"wp:term":[{"taxonomy":"category","embeddable":true,"href":"http:\/\/www.apucarana.pr.gov.br\/site\/wp-json\/wp\/v2\/categories?post=650"},{"taxonomy":"post_tag","embeddable":true,"href":"http:\/\/www.apucarana.pr.gov.br\/site\/wp-json\/wp\/v2\/tags?post=650"}],"curies":[{"name":"wp","href":"https:\/\/api.w.org\/{rel}","templated":true}]}}