{"id":62749,"date":"2022-03-23T17:25:35","date_gmt":"2022-03-23T20:25:35","guid":{"rendered":"http:\/\/www.apucarana.pr.gov.br\/site\/?p=62749"},"modified":"2024-10-08T09:25:56","modified_gmt":"2024-10-08T12:25:56","slug":"natacao-no-lagoao-tem-vagas-preenchidas-no-1o-dia-de-inscricao","status":"publish","type":"post","link":"http:\/\/www.apucarana.pr.gov.br\/site\/natacao-no-lagoao-tem-vagas-preenchidas-no-1o-dia-de-inscricao\/","title":{"rendered":"Nata\u00e7\u00e3o no Lago\u00e3o tem vagas preenchidas no 1\u00ba dia de inscri\u00e7\u00e3o"},"content":{"rendered":"\n\t\t<!-- MasterSlider -->\n\t\t<div id=\"P_MS69f3a42d1456d\" class=\"master-slider-parent master-slider-gallery   ms-parent-id-0\" style=\"\" >\n\n\t\t\t\n\t\t\t<!-- MasterSlider Main -->\n\t\t\t<div id=\"MS69f3a42d1456d\" class=\"master-slider ms-skin-default\" >\n\t\t\t\t \t\t\t\t \n\t\t\t<div  class=\"ms-slide\" data-delay=\"3\"    >\n\t\t\t\t\t<img decoding=\"async\" src=\"http:\/\/www.apucarana.pr.gov.br\/site\/wp-content\/plugins\/masterslider\/public\/assets\/css\/blank.gif\" alt=\"WhatsApp Image 2022-03-23 at 17.21.04\" title=\"WhatsApp Image 2022-03-23 at 17.21.04\" data-src=\"http:\/\/www.apucarana.pr.gov.br\/site\/wp-content\/uploads\/2022\/03\/WhatsApp-Image-2022-03-23-at-17.21.04-1024x768.jpeg\" \/>\n\t<a href=\"http:\/\/www.apucarana.pr.gov.br\/site\/wp-content\/uploads\/2022\/03\/WhatsApp-Image-2022-03-23-at-17.21.04-1024x768.jpeg\" target=\"_self\"    >WhatsApp Image 2022-03-23 at 17.21.04<\/a>\n\n\n\t<img decoding=\"async\" class=\"ms-thumb\" src=\"http:\/\/www.apucarana.pr.gov.br\/site\/wp-content\/uploads\/2022\/03\/WhatsApp-Image-2022-03-23-at-17.21.04-1024x768-140x80.jpeg\" alt=\"WhatsApp Image 2022-03-23 at 17.21.04\" \/>\n\t\t\t\t<\/div>\n\t\t\t<div  class=\"ms-slide\" data-delay=\"3\"    >\n\t\t\t\t\t<img decoding=\"async\" src=\"http:\/\/www.apucarana.pr.gov.br\/site\/wp-content\/plugins\/masterslider\/public\/assets\/css\/blank.gif\" alt=\"WhatsApp Image 2022-03-23 at 17.21.20\" title=\"WhatsApp Image 2022-03-23 at 17.21.20\" data-src=\"http:\/\/www.apucarana.pr.gov.br\/site\/wp-content\/uploads\/2022\/03\/WhatsApp-Image-2022-03-23-at-17.21.20-1024x768.jpeg\" \/>\n\t<a href=\"http:\/\/www.apucarana.pr.gov.br\/site\/wp-content\/uploads\/2022\/03\/WhatsApp-Image-2022-03-23-at-17.21.20-1024x768.jpeg\" target=\"_self\"    >WhatsApp Image 2022-03-23 at 17.21.20<\/a>\n\n\n\t<img decoding=\"async\" class=\"ms-thumb\" src=\"http:\/\/www.apucarana.pr.gov.br\/site\/wp-content\/uploads\/2022\/03\/WhatsApp-Image-2022-03-23-at-17.21.20-1024x768-140x80.jpeg\" alt=\"WhatsApp Image 2022-03-23 at 17.21.20\" \/>\n\t\t\t\t<\/div>\n\t\t\t<div  class=\"ms-slide\" data-delay=\"3\"    >\n\t\t\t\t\t<img decoding=\"async\" src=\"http:\/\/www.apucarana.pr.gov.br\/site\/wp-content\/plugins\/masterslider\/public\/assets\/css\/blank.gif\" alt=\"WhatsApp Image 2022-03-23 at 17.21.42\" title=\"WhatsApp Image 2022-03-23 at 17.21.42\" data-src=\"http:\/\/www.apucarana.pr.gov.br\/site\/wp-content\/uploads\/2022\/03\/WhatsApp-Image-2022-03-23-at-17.21.42-1024x840.jpeg\" \/>\n\t<a href=\"http:\/\/www.apucarana.pr.gov.br\/site\/wp-content\/uploads\/2022\/03\/WhatsApp-Image-2022-03-23-at-17.21.42-1024x840.jpeg\" target=\"_self\"    >WhatsApp Image 2022-03-23 at 17.21.42<\/a>\n\n\n\t<img decoding=\"async\" class=\"ms-thumb\" src=\"http:\/\/www.apucarana.pr.gov.br\/site\/wp-content\/uploads\/2022\/03\/WhatsApp-Image-2022-03-23-at-17.21.42-1024x840-140x80.jpeg\" alt=\"WhatsApp Image 2022-03-23 at 17.21.42\" \/>\n\t\t\t\t<\/div>\n\t\t\t<div  class=\"ms-slide\" data-delay=\"3\"    >\n\t\t\t\t\t<img decoding=\"async\" src=\"http:\/\/www.apucarana.pr.gov.br\/site\/wp-content\/plugins\/masterslider\/public\/assets\/css\/blank.gif\" alt=\"WhatsApp Image 2022-03-23 at 17.21.52\" title=\"WhatsApp Image 2022-03-23 at 17.21.52\" data-src=\"http:\/\/www.apucarana.pr.gov.br\/site\/wp-content\/uploads\/2022\/03\/WhatsApp-Image-2022-03-23-at-17.21.52-1-1024x768.jpeg\" \/>\n\t<a href=\"http:\/\/www.apucarana.pr.gov.br\/site\/wp-content\/uploads\/2022\/03\/WhatsApp-Image-2022-03-23-at-17.21.52-1-1024x768.jpeg\" target=\"_self\"    >WhatsApp Image 2022-03-23 at 17.21.52<\/a>\n\n\n\t<img decoding=\"async\" class=\"ms-thumb\" src=\"http:\/\/www.apucarana.pr.gov.br\/site\/wp-content\/uploads\/2022\/03\/WhatsApp-Image-2022-03-23-at-17.21.52-1-1024x768-140x80.jpeg\" alt=\"WhatsApp Image 2022-03-23 at 17.21.52\" \/>\n\t\t\t\t<\/div>\n\t\t\t<div  class=\"ms-slide\" data-delay=\"3\"    >\n\t\t\t\t\t<img decoding=\"async\" src=\"http:\/\/www.apucarana.pr.gov.br\/site\/wp-content\/plugins\/masterslider\/public\/assets\/css\/blank.gif\" alt=\"WhatsApp Image 2022-03-23 at 17.22.08\" title=\"WhatsApp Image 2022-03-23 at 17.22.08\" data-src=\"http:\/\/www.apucarana.pr.gov.br\/site\/wp-content\/uploads\/2022\/03\/WhatsApp-Image-2022-03-23-at-17.22.08-1024x764.jpeg\" \/>\n\t<a href=\"http:\/\/www.apucarana.pr.gov.br\/site\/wp-content\/uploads\/2022\/03\/WhatsApp-Image-2022-03-23-at-17.22.08-1024x764.jpeg\" target=\"_self\"    >WhatsApp Image 2022-03-23 at 17.22.08<\/a>\n\n\n\t<img decoding=\"async\" class=\"ms-thumb\" src=\"http:\/\/www.apucarana.pr.gov.br\/site\/wp-content\/uploads\/2022\/03\/WhatsApp-Image-2022-03-23-at-17.22.08-1024x764-140x80.jpeg\" alt=\"WhatsApp Image 2022-03-23 at 17.22.08\" \/>\n\t\t\t\t<\/div>\n\t\t\t<div  class=\"ms-slide\" data-delay=\"3\"    >\n\t\t\t\t\t<img decoding=\"async\" src=\"http:\/\/www.apucarana.pr.gov.br\/site\/wp-content\/plugins\/masterslider\/public\/assets\/css\/blank.gif\" alt=\"WhatsApp Image 2022-03-23 at 17.22.35\" title=\"WhatsApp Image 2022-03-23 at 17.22.35\" data-src=\"http:\/\/www.apucarana.pr.gov.br\/site\/wp-content\/uploads\/2022\/03\/WhatsApp-Image-2022-03-23-at-17.22.35-1024x768.jpeg\" \/>\n\t<a href=\"http:\/\/www.apucarana.pr.gov.br\/site\/wp-content\/uploads\/2022\/03\/WhatsApp-Image-2022-03-23-at-17.22.35-1024x768.jpeg\" target=\"_self\"    >WhatsApp Image 2022-03-23 at 17.22.35<\/a>\n\n\n\t<img decoding=\"async\" class=\"ms-thumb\" src=\"http:\/\/www.apucarana.pr.gov.br\/site\/wp-content\/uploads\/2022\/03\/WhatsApp-Image-2022-03-23-at-17.22.35-1024x768-140x80.jpeg\" alt=\"WhatsApp Image 2022-03-23 at 17.22.35\" \/>\n\t\t\t\t<\/div>\n\n\t\t\t<\/div>\n\t\t\t<!-- END MasterSlider Main -->\n\n\t\t\t \n\t\t<\/div>\n\t\t<!-- END MasterSlider -->\n\n\t\t<script>\n\t\t( window.MSReady = window.MSReady || [] ).push( function( $ ) {\n\n\t\t\t\"use strict\";\n\t\t\tvar masterslider_456d = new MasterSlider();\n\n\t\t\t\/\/ slider controls\n\t\t\tmasterslider_456d.control('arrows'     ,{ autohide:true, overVideo:true  });\n\t\t\tmasterslider_456d.control('thumblist'  ,{ autohide:false, overVideo:true, dir:'h', speed:17, inset:false, arrows:false, hover:false, customClass:'', align:'bottom',type:'thumbs', margin:2, width:140, height:80, space:2, fillMode:'fill'  });\n\t\t\t\/\/ slider setup\n\t\t\tmasterslider_456d.setup(\"MS69f3a42d1456d\", {\n\t\t\t\twidth           : 960,\n\t\t\t\theight          : 540,\n\t\t\t\tminHeight       : 0,\n\t\t\t\tspace           : 0,\n\t\t\t\tstart           : 1,\n\t\t\t\tgrabCursor      : true,\n\t\t\t\tswipe           : true,\n\t\t\t\tmouse           : true,\n\t\t\t\tkeyboard        : false,\n\t\t\t\tlayout          : \"fillwidth\",\n\t\t\t\twheel           : false,\n\t\t\t\tautoplay        : true,\n                instantStartLayers:false,\n\t\t\t\tmobileBGVideo:false,\n\t\t\t\tloop            : true,\n\t\t\t\tshuffle         : false,\n\t\t\t\tpreload         : 3,\n\t\t\t\theightLimit     : false,\n\t\t\t\tautoHeight      : false,\n\t\t\t\tsmoothHeight    : true,\n\t\t\t\tendPause        : false,\n\t\t\t\toverPause       : false,\n\t\t\t\tfillMode        : \"fill\",\n\t\t\t\tcenterControls  : true,\n\t\t\t\tstartOnAppear   : false,\n\t\t\t\tlayersMode      : \"center\",\n\t\t\t\tautofillTarget  : \"\",\n\t\t\t\thideLayers      : false,\n\t\t\t\tfullscreenMargin: 0,\n\t\t\t\tspeed           : 17,\n\t\t\t\tdir             : \"h\",\n\t\t\t\tresponsive      : true,\n\t\t\t\ttabletWidth     : 768,\n\t\t\t\ttabletHeight    : null,\n\t\t\t\tphoneWidth      : 480,\n\t\t\t\tphoneHeight    : null,\n\t\t\t\tsizingReference : window,\n\t\t\t\tparallaxMode    : 'swipe',\n\t\t\t\tview            : \"basic\"\n\t\t\t});\n\n\t\t\t\n\t\t\twindow.masterslider_instances = window.masterslider_instances || [];\n\t\t\twindow.masterslider_instances.push( masterslider_456d );\n\t\t});\n\t\t<\/script>\n\n\n<p>Foram abertas nesta quarta-feira pela manh\u00e3 (23\/03), no Complexo Esportivo Lago\u00e3o, as inscri\u00e7\u00f5es das aulas de nata\u00e7\u00e3o (masculino e feminino), promovidas pela Secretaria Municipal de Esportes da Prefeitura de Apucarana.<\/p>\n<p>O professor Jos\u00e9 Marcelino da Silva, o Grillo, secret\u00e1rio municipal de Esportes, enfatiza que todas as vagas para as turmas adultas na piscina do Lago\u00e3o foram preenchidas no primeiro dia de inscri\u00e7\u00e3o. \u201cA procura foi grande e n\u00e3o h\u00e1 mais vagas, restando agora \u00e0 lista de espera para os per\u00edodos da manh\u00e3, tarde e noite. No entanto, ainda h\u00e1 vagas para alunos de 7 a 11 anos de idade nos per\u00edodos da manh\u00e3 e da tarde, com as inscri\u00e7\u00f5es podendo ser feitas nesta quinta-feira das 8 \u00e0s 17 horas. A aula inaugural est\u00e1 marcada para o dia 5 de abril. As atividades ocorrer\u00e3o as ter\u00e7as e quintas e as quartas e sextas-feiras. \u00c9 mais um evento que tem o incentivo do prefeito Junior da Femac\u201d, cita o professor Grillo.<\/p>\n<p>De acordo com Grillo, para realizarem as inscri\u00e7\u00f5es as pessoas precisam levar um documento com foto, a carteira de vacina\u00e7\u00e3o e que estejam com o esquema vacinal completo, sendo com as duas doses ou dose \u00fanica.<\/p>\n<p>Nessa segunda e ter\u00e7a-feira aconteceram as inscri\u00e7\u00f5es da nata\u00e7\u00e3o no Centro da Juventude Alex Mazaron (Ceja), no Jardim Diamantina. Naquela pra\u00e7a esportiva se inscreveram 256 pessoas, com a aula inaugural ocorrendo tamb\u00e9m no dia 5 de abril.<\/p>\n<p>Mais informa\u00e7\u00f5es da nata\u00e7\u00e3o podem ser obtidas na Secretaria Municipal de Esportes, anexa ao Centro da Juventude, na rua Piratininga, 464, no Jardim Diamantina, pelo telefone 3422-5184, e no Gin\u00e1sio de Esportes Lago\u00e3o pelo telefone 3122-0425.<\/p>\n<p><strong>\u00a0<\/strong><\/p>\n","protected":false},"excerpt":{"rendered":"<p>Foram abertas nesta quarta-feira pela manh&atilde; (23\/03), no Complexo Esportivo Lago&atilde;o, as inscri&ccedil;&otilde;es das aulas de nata&ccedil;&atilde;o (masculino e feminino), promovidas pela Secretaria Municipal de Esportes da Prefeitura de Apucarana. O professor Jos&eacute; Marcelino da Silva, o Grillo, secret&aacute;rio municipal de Esportes, enfatiza que todas as vagas para as turmas adultas na piscina do Lago&atilde;o [&hellip;]<\/p>\n","protected":false},"author":12,"featured_media":62750,"comment_status":"closed","ping_status":"closed","sticky":false,"template":"","format":"standard","meta":{"footnotes":""},"categories":[24],"tags":[],"class_list":["post-62749","post","type-post","status-publish","format-standard","has-post-thumbnail","hentry","category-noticias"],"acf":[],"_links":{"self":[{"href":"http:\/\/www.apucarana.pr.gov.br\/site\/wp-json\/wp\/v2\/posts\/62749","targetHints":{"allow":["GET"]}}],"collection":[{"href":"http:\/\/www.apucarana.pr.gov.br\/site\/wp-json\/wp\/v2\/posts"}],"about":[{"href":"http:\/\/www.apucarana.pr.gov.br\/site\/wp-json\/wp\/v2\/types\/post"}],"author":[{"embeddable":true,"href":"http:\/\/www.apucarana.pr.gov.br\/site\/wp-json\/wp\/v2\/users\/12"}],"replies":[{"embeddable":true,"href":"http:\/\/www.apucarana.pr.gov.br\/site\/wp-json\/wp\/v2\/comments?post=62749"}],"version-history":[{"count":1,"href":"http:\/\/www.apucarana.pr.gov.br\/site\/wp-json\/wp\/v2\/posts\/62749\/revisions"}],"predecessor-version":[{"id":62757,"href":"http:\/\/www.apucarana.pr.gov.br\/site\/wp-json\/wp\/v2\/posts\/62749\/revisions\/62757"}],"wp:featuredmedia":[{"embeddable":true,"href":"http:\/\/www.apucarana.pr.gov.br\/site\/wp-json\/wp\/v2\/media\/62750"}],"wp:attachment":[{"href":"http:\/\/www.apucarana.pr.gov.br\/site\/wp-json\/wp\/v2\/media?parent=62749"}],"wp:term":[{"taxonomy":"category","embeddable":true,"href":"http:\/\/www.apucarana.pr.gov.br\/site\/wp-json\/wp\/v2\/categories?post=62749"},{"taxonomy":"post_tag","embeddable":true,"href":"http:\/\/www.apucarana.pr.gov.br\/site\/wp-json\/wp\/v2\/tags?post=62749"}],"curies":[{"name":"wp","href":"https:\/\/api.w.org\/{rel}","templated":true}]}}