{"id":62732,"date":"2022-03-23T15:09:13","date_gmt":"2022-03-23T18:09:13","guid":{"rendered":"http:\/\/www.apucarana.pr.gov.br\/site\/?p=62732"},"modified":"2024-10-08T09:25:56","modified_gmt":"2024-10-08T12:25:56","slug":"apucarana-confirma-quatro-casos-de-covid-19-nesta-quarta-feira","status":"publish","type":"post","link":"http:\/\/www.apucarana.pr.gov.br\/site\/apucarana-confirma-quatro-casos-de-covid-19-nesta-quarta-feira\/","title":{"rendered":"Apucarana confirma quatro casos de Covid-19 nesta quarta-feira"},"content":{"rendered":"<p>A Autarquia Municipal de Sa\u00fade (AMS) confirmou quatro casos de Covid-19 nesta quarta-feira (23) em Apucarana. O munic\u00edpio segue com 546 mortes e soma agora 33.577 diagn\u00f3sticos positivos do novo coronav\u00edrus.<\/p>\n<p>Os novos casos confirmados s\u00e3o de duas mulheres e dois homens. Segundo boletim da AMS, o munic\u00edpio tem mais 25 suspeitas em investiga\u00e7\u00e3o.<\/p>\n<p>J\u00e1 foram testadas 95.492 pessoas, sendo 65.247 em testes r\u00e1pidos, 26.608 pelo Lacen (RT-PCR) e 3.637 por laborat\u00f3rios particulares (RT-PCR).<\/p>\n<p>O munic\u00edpio n\u00e3o tem pacientes internados no Hospital da Provid\u00eancia com o diagn\u00f3stico de Covid-19.<\/p>\n","protected":false},"excerpt":{"rendered":"<p>A Autarquia Municipal de Sa&uacute;de (AMS) confirmou quatro casos de Covid-19 nesta quarta-feira (23) em Apucarana. O munic&iacute;pio segue com 546 mortes e soma agora 33.577 diagn&oacute;sticos positivos do novo coronav&iacute;rus. Os novos casos confirmados s&atilde;o de duas mulheres e dois homens. Segundo boletim da AMS, o munic&iacute;pio tem mais 25 suspeitas em investiga&ccedil;&atilde;o. J&aacute; [&hellip;]<\/p>\n","protected":false},"author":3,"featured_media":62928,"comment_status":"closed","ping_status":"closed","sticky":false,"template":"","format":"standard","meta":{"footnotes":""},"categories":[34],"tags":[],"class_list":["post-62732","post","type-post","status-publish","format-standard","has-post-thumbnail","hentry","category-coronavirus"],"acf":[],"_links":{"self":[{"href":"http:\/\/www.apucarana.pr.gov.br\/site\/wp-json\/wp\/v2\/posts\/62732","targetHints":{"allow":["GET"]}}],"collection":[{"href":"http:\/\/www.apucarana.pr.gov.br\/site\/wp-json\/wp\/v2\/posts"}],"about":[{"href":"http:\/\/www.apucarana.pr.gov.br\/site\/wp-json\/wp\/v2\/types\/post"}],"author":[{"embeddable":true,"href":"http:\/\/www.apucarana.pr.gov.br\/site\/wp-json\/wp\/v2\/users\/3"}],"replies":[{"embeddable":true,"href":"http:\/\/www.apucarana.pr.gov.br\/site\/wp-json\/wp\/v2\/comments?post=62732"}],"version-history":[{"count":1,"href":"http:\/\/www.apucarana.pr.gov.br\/site\/wp-json\/wp\/v2\/posts\/62732\/revisions"}],"predecessor-version":[{"id":62733,"href":"http:\/\/www.apucarana.pr.gov.br\/site\/wp-json\/wp\/v2\/posts\/62732\/revisions\/62733"}],"wp:featuredmedia":[{"embeddable":true,"href":"http:\/\/www.apucarana.pr.gov.br\/site\/wp-json\/wp\/v2\/media\/62928"}],"wp:attachment":[{"href":"http:\/\/www.apucarana.pr.gov.br\/site\/wp-json\/wp\/v2\/media?parent=62732"}],"wp:term":[{"taxonomy":"category","embeddable":true,"href":"http:\/\/www.apucarana.pr.gov.br\/site\/wp-json\/wp\/v2\/categories?post=62732"},{"taxonomy":"post_tag","embeddable":true,"href":"http:\/\/www.apucarana.pr.gov.br\/site\/wp-json\/wp\/v2\/tags?post=62732"}],"curies":[{"name":"wp","href":"https:\/\/api.w.org\/{rel}","templated":true}]}}