{"id":602,"date":"2013-01-07T16:16:59","date_gmt":"2013-01-07T16:16:59","guid":{"rendered":"http:\/\/172.16.0.7\/site-antigo\/?p=602"},"modified":"2024-10-08T09:05:44","modified_gmt":"2024-10-08T12:05:44","slug":"ferias-e-licencas-premio-reduzem-atendimento-odontologico","status":"publish","type":"post","link":"http:\/\/www.apucarana.pr.gov.br\/site\/ferias-e-licencas-premio-reduzem-atendimento-odontologico\/","title":{"rendered":"F\u00e9rias e licen\u00e7as pr\u00eamio reduzem atendimento odontol\u00f3gico"},"content":{"rendered":"<p>Dos 30 postos de sa\u00fade que contam com atendimento odontol\u00f3gico em Apucarana, apenas nove est\u00e3o com atendimento normal nesta especialidade. A descontinuidade no atendimento se deve \u00e0 falta de dentistas. A maioria deles n\u00e3o est\u00e1 trabalhando, porque est\u00e3o de licen\u00e7a pr\u00eamio ou em f\u00e9rias, concedidas no final de gest\u00e3o anterior.   <\/p>\n<p>Num comunicado de esclarecimento \u00e0 popula\u00e7\u00e3o, o diretor do Departamento de Odontologia da Autarquia Municipal de Sa\u00fade (AMS), Luis Carlos Caramori, relaciona as localidades onde dentistas est\u00e3o atendendo regularmente: n\u00facleos habitacionais Marcos Freire, Afonso Camargo, Dom Romeu Alberti e Parigot de Souza; jardins Jaboti, Am\u00e9rica, Marissol; e distritos do Pirap\u00f3 e Correio de Freitas.<\/p>\n<p>No Jardim Aclima\u00e7\u00e3o e Vila Nova, o atendimento ser\u00e1 interrompido temporariamente no dia 15 de janeiro. J\u00e1 no Jardim Colonial o dentista est\u00e1 atendendo s\u00f3 no per\u00edodo da manh\u00e3 e, no distrito de Vila Reis, \u00e0 tarde. Os demais postos foram orientados a encaminhar os pacientes com emerg\u00eancia para a unidade de sa\u00fade mais pr\u00f3xima.<\/p>\n<p>H\u00e1 tamb\u00e9m um dentista atendendo em per\u00edodo integral, na Unidade Central de Odontologia que funciona no pr\u00e9dio da Autarquia Municipal de Sa\u00fade. &ldquo;A partir de fevereiro o atendimento odontol\u00f3gico come\u00e7a a se normalizar com o retorno dos profissionais que est\u00e3o em licen\u00e7a pr\u00eamio e f\u00e9rias&rdquo;, informa Caramori.<\/p>\n<p><\/p>\n","protected":false},"excerpt":{"rendered":"<p>No Jardim Aclima&ccedil;&atilde;o e Vila Nova, o atendimento ser&aacute; interrompido temporariamente no dia 15 de janeiro<\/p>\n","protected":false},"author":4,"featured_media":0,"comment_status":"closed","ping_status":"closed","sticky":false,"template":"","format":"standard","meta":{"footnotes":""},"categories":[24],"tags":[],"class_list":["post-602","post","type-post","status-publish","format-standard","hentry","category-noticias"],"acf":[],"_links":{"self":[{"href":"http:\/\/www.apucarana.pr.gov.br\/site\/wp-json\/wp\/v2\/posts\/602","targetHints":{"allow":["GET"]}}],"collection":[{"href":"http:\/\/www.apucarana.pr.gov.br\/site\/wp-json\/wp\/v2\/posts"}],"about":[{"href":"http:\/\/www.apucarana.pr.gov.br\/site\/wp-json\/wp\/v2\/types\/post"}],"author":[{"embeddable":true,"href":"http:\/\/www.apucarana.pr.gov.br\/site\/wp-json\/wp\/v2\/users\/4"}],"replies":[{"embeddable":true,"href":"http:\/\/www.apucarana.pr.gov.br\/site\/wp-json\/wp\/v2\/comments?post=602"}],"version-history":[{"count":1,"href":"http:\/\/www.apucarana.pr.gov.br\/site\/wp-json\/wp\/v2\/posts\/602\/revisions"}],"predecessor-version":[{"id":106370,"href":"http:\/\/www.apucarana.pr.gov.br\/site\/wp-json\/wp\/v2\/posts\/602\/revisions\/106370"}],"wp:attachment":[{"href":"http:\/\/www.apucarana.pr.gov.br\/site\/wp-json\/wp\/v2\/media?parent=602"}],"wp:term":[{"taxonomy":"category","embeddable":true,"href":"http:\/\/www.apucarana.pr.gov.br\/site\/wp-json\/wp\/v2\/categories?post=602"},{"taxonomy":"post_tag","embeddable":true,"href":"http:\/\/www.apucarana.pr.gov.br\/site\/wp-json\/wp\/v2\/tags?post=602"}],"curies":[{"name":"wp","href":"https:\/\/api.w.org\/{rel}","templated":true}]}}