{"id":601,"date":"2013-01-04T16:16:00","date_gmt":"2013-01-04T16:16:00","guid":{"rendered":"http:\/\/172.16.0.7\/site-antigo\/?p=601"},"modified":"2024-10-08T09:05:44","modified_gmt":"2024-10-08T12:05:44","slug":"inscricoes-para-prova-28-de-janeiro-comecam-no-dia-7","status":"publish","type":"post","link":"http:\/\/www.apucarana.pr.gov.br\/site\/inscricoes-para-prova-28-de-janeiro-comecam-no-dia-7\/","title":{"rendered":"Inscri\u00e7\u00f5es para prova 28 de Janeiro come\u00e7am no dia 7"},"content":{"rendered":"<p>O ponto de partida para a divulga\u00e7\u00e3o da 51\u00aa edi\u00e7\u00e3o da Prova Pedestre 28 de Janeiro foi dado ontem, durante reuni\u00e3o do prefeito Beto Preto e a equipe coordenadora do evento. A partir de hoje come\u00e7am a ser fixados cartazes e a divulga\u00e7\u00e3o na imprensa, e na segunda-feira equipes v\u00e3o percorrer munic\u00edpios da regi\u00e3o, focando especialmente as academias de gin\u00e1stica. &ldquo;Conto com todo o envolvimento de voc\u00eas para o sucesso desse evento grandioso&rdquo;, destacou Beto.  <\/p>\n<p>As inscri\u00e7\u00f5es da corrida come\u00e7am na pr\u00f3xima segunda-feira pelo site da Prefeitura de Apucarana <a href=\"http:\/\/www.apucarana.pr.gov.br\">www.apucarana.pr.gov.br<\/a>. O pagamento da inscri\u00e7\u00e3o, ao custo de R$10,00, ser\u00e1 comprovado atrav\u00e9s de dep\u00f3sito banc\u00e1rio (conta estar\u00e1 dispon\u00edvel no site da prefeitura) que deve ser apresentado no momento da retirada do Kit, no dia da corrida. O pagamento deve ser feito na boca do caixa, em banco e lot\u00e9rica. N\u00e3o pode ser em caixa eletr&ocirc;nico.<\/p>\n<p>J\u00e1 a vers\u00e3o mirim da competi\u00e7\u00e3o, a Vinteoitinha, a participa\u00e7\u00e3o \u00e9 gratuita e pode ser confirmada pelo site ou diretamente na Secretaria Municipal de Esportes, que funciona anexa ao Completo Esportivo Lago\u00e3o. A organiza\u00e7\u00e3o da prova lembra que as inscri\u00e7\u00f5es s\u00e3o limitadas. As provas de 5 km e 10 Km v\u00e3o receber 400 inscri\u00e7\u00f5es cada uma. J\u00e1 a Vinteoitinha ser\u00e1 limitada a 450 participantes.<\/p>\n<p>A expectativa dos organizadores \u00e9 reunir cerca de 1300 participantes entre \u00e0s categorias mirim e adulto. A corrida est\u00e1 programada para o pr\u00f3ximo dia 26, com largada \u00e0s 19 horas, em frente a Caixa Econ&ocirc;mica Federal. J\u00e1 a vers\u00e3o mirim da competi\u00e7\u00e3o, a Vinteoitinha, est\u00e1 marcada para as 16h30. Todos os atletas receber\u00e3o medalha.<\/p>\n<p><\/p>\n","protected":false},"excerpt":{"rendered":"<p>O pagamento da inscri&ccedil;&atilde;o, ao custo de R$10,00, ser&aacute; comprovado atrav&eacute;s de dep&oacute;sito banc&aacute;rio<\/p>\n","protected":false},"author":4,"featured_media":0,"comment_status":"closed","ping_status":"closed","sticky":false,"template":"","format":"standard","meta":{"footnotes":""},"categories":[24],"tags":[],"class_list":["post-601","post","type-post","status-publish","format-standard","hentry","category-noticias"],"acf":[],"_links":{"self":[{"href":"http:\/\/www.apucarana.pr.gov.br\/site\/wp-json\/wp\/v2\/posts\/601","targetHints":{"allow":["GET"]}}],"collection":[{"href":"http:\/\/www.apucarana.pr.gov.br\/site\/wp-json\/wp\/v2\/posts"}],"about":[{"href":"http:\/\/www.apucarana.pr.gov.br\/site\/wp-json\/wp\/v2\/types\/post"}],"author":[{"embeddable":true,"href":"http:\/\/www.apucarana.pr.gov.br\/site\/wp-json\/wp\/v2\/users\/4"}],"replies":[{"embeddable":true,"href":"http:\/\/www.apucarana.pr.gov.br\/site\/wp-json\/wp\/v2\/comments?post=601"}],"version-history":[{"count":1,"href":"http:\/\/www.apucarana.pr.gov.br\/site\/wp-json\/wp\/v2\/posts\/601\/revisions"}],"predecessor-version":[{"id":106372,"href":"http:\/\/www.apucarana.pr.gov.br\/site\/wp-json\/wp\/v2\/posts\/601\/revisions\/106372"}],"wp:attachment":[{"href":"http:\/\/www.apucarana.pr.gov.br\/site\/wp-json\/wp\/v2\/media?parent=601"}],"wp:term":[{"taxonomy":"category","embeddable":true,"href":"http:\/\/www.apucarana.pr.gov.br\/site\/wp-json\/wp\/v2\/categories?post=601"},{"taxonomy":"post_tag","embeddable":true,"href":"http:\/\/www.apucarana.pr.gov.br\/site\/wp-json\/wp\/v2\/tags?post=601"}],"curies":[{"name":"wp","href":"https:\/\/api.w.org\/{rel}","templated":true}]}}