{"id":600,"date":"2013-01-02T16:09:59","date_gmt":"2013-01-02T16:09:59","guid":{"rendered":"http:\/\/172.16.0.7\/site-antigo\/?p=600"},"modified":"2024-10-08T09:05:44","modified_gmt":"2024-10-08T12:05:44","slug":"beto-pede-apoio-e-destaca-o-valor-do-servidor-publico","status":"publish","type":"post","link":"http:\/\/www.apucarana.pr.gov.br\/site\/beto-pede-apoio-e-destaca-o-valor-do-servidor-publico\/","title":{"rendered":"Beto pede apoio e destaca o valor do servidor p\u00fablico"},"content":{"rendered":"<p>Depois de doze anos, quando deixou o cargo de secret\u00e1rio de Sa\u00fade, o prefeito Beto Preto (PT), voltou na manh\u00e3 de ontem ao pr\u00e9dio da Autarquia Municipal de Sa\u00fade para conversar com os servidores. Recebido com aplausos, Beto disse emocionado que a sa\u00fade ser\u00e1 prioridade em sua gest\u00e3o e pediu o apoio de todos os funcion\u00e1rios para melhorar o atendimento no setor. &ldquo;Quando deixei a secretaria t\u00ednhamos 350 servidores, hoje s\u00e3o cerca de 900. Vamos organizar toda a estrutura, firmar mais parcerias e investir na melhoria dos servi\u00e7os, com treinamento e motiva\u00e7\u00e3o do pessoal&rdquo;, anunciou.   <\/p>\n<p>Ao mesmo tempo, o prefeito apresentou o secret\u00e1rio H\u00e9lio Kissina (m\u00e9dico) e o superintendente Roberto Kaneta (enfermeiro), assinalando que s\u00e3o profissionais de excelente n\u00edvel, visando garantir uma gest\u00e3o t\u00e9cnica na sa\u00fade p\u00fablica de Apucarana. &ldquo;Todos sabem do meu comprometimento com a sa\u00fade e espero contar com a dedica\u00e7\u00e3o de todos servidores&rdquo;, frisou Beto Preto. <\/p>\n<p>&Agrave;s 7h30, o prefeito tamb\u00e9m manteve um encontro muito produtivo com cerca de 180 trabalhadores do p\u00e1tio de m\u00e1quinas e ve\u00edculos. Depois de cumprimentar a todos, Beto pediu para que cada um assuma a sua responsabilidade e colabore para o bom andamento dos servi\u00e7os. &ldquo;Precisamos da ajuda de todos para servir bem a popula\u00e7\u00e3o&rdquo;, reiterou.<\/p>\n<p>O prefeito de Apucarana, Beto Preto, se reuniu ainda no sal\u00e3o nobre, com os cerca de 80 servidores p\u00fablicos efetivos que trabalham no pr\u00e9dio da prefeitura. Beto pediu o apoio e maior comprometimento dos funcion\u00e1rios para administrar a cidade, especialmente para colocar em pr\u00e1tica a fase de transi\u00e7\u00e3o. &ldquo;N\u00e3o houve transi\u00e7\u00e3o. A transi\u00e7\u00e3o come\u00e7a a partir de agora. Nos ajudem, voc\u00eas t\u00eam as informa\u00e7\u00f5es&rdquo;, pontuou Beto. <\/p>\n<p>Na ocasi\u00e3o, Beto tamb\u00e9m apresentou todos os secret\u00e1rios j\u00e1 nomeados aos presentes e reiterou que vai reduzir o n\u00famero de funcion\u00e1rios comissionados. Disse que ir\u00e1 realizar uma administra\u00e7\u00e3o com mais legalidade, mais transparente, mais aberta, mais participativa. &ldquo;Estamos convidando voc\u00eas a participar desse processo. Vamos tratar bem uns aos outros, comissionados e servidores, numa linha de equipe aberta ao di\u00e1logo para fazer a diferen\u00e7a. Reitero a necessidade de se repensar Apucarana&rdquo;, conclamou Beto.<\/p>\n<p>Para Beto, a popula\u00e7\u00e3o de Apucarana precisa enxergar a prefeitura e os servidores da prefeitura como amigos. &ldquo;Cada um, na sua fun\u00e7\u00e3o, est\u00e1 conclamado a fazer o melhor poss\u00edvel. &Eacute; s\u00e9rio o processo que temos pela frente. A partir de agora vamos ter uma nova maneira de gest\u00e3o. Partimos do princ\u00edpio que todo servidor faz parte desse processo&rdquo;, declarou.<\/p>\n<p>Beto Preto diz estar consciente de que o sal\u00e1rio dos servidores est\u00e1 achatado, mas ponderou que \u00e9 preciso trabalhar para recupera\u00e7\u00e3o da cidade. Pediu que cada um valorize o seu posto e adiantou que ser\u00e1 formada uma comiss\u00e3o, j\u00e1 nos primeiros meses do seu mandato, para tratar do plano cargos, carreiras e sal\u00e1rios dos servidores. &ldquo;Ser\u00e1 analisado o caso de cada servidor. &Eacute; preciso cumprir os direitos legais dos servidores, como licen\u00e7a pr\u00eamio e f\u00e9rias, entre outros benef\u00edcios&rdquo;, afirmou.<\/p><\/p>\n","protected":false},"excerpt":{"rendered":"<p>ara Beto, a popula&ccedil;&atilde;o de Apucarana precisa enxergar a prefeitura e os servidores da prefeitura como amigos<\/p>\n","protected":false},"author":4,"featured_media":0,"comment_status":"closed","ping_status":"closed","sticky":false,"template":"","format":"standard","meta":{"footnotes":""},"categories":[24],"tags":[],"class_list":["post-600","post","type-post","status-publish","format-standard","hentry","category-noticias"],"acf":[],"_links":{"self":[{"href":"http:\/\/www.apucarana.pr.gov.br\/site\/wp-json\/wp\/v2\/posts\/600","targetHints":{"allow":["GET"]}}],"collection":[{"href":"http:\/\/www.apucarana.pr.gov.br\/site\/wp-json\/wp\/v2\/posts"}],"about":[{"href":"http:\/\/www.apucarana.pr.gov.br\/site\/wp-json\/wp\/v2\/types\/post"}],"author":[{"embeddable":true,"href":"http:\/\/www.apucarana.pr.gov.br\/site\/wp-json\/wp\/v2\/users\/4"}],"replies":[{"embeddable":true,"href":"http:\/\/www.apucarana.pr.gov.br\/site\/wp-json\/wp\/v2\/comments?post=600"}],"version-history":[{"count":1,"href":"http:\/\/www.apucarana.pr.gov.br\/site\/wp-json\/wp\/v2\/posts\/600\/revisions"}],"predecessor-version":[{"id":106376,"href":"http:\/\/www.apucarana.pr.gov.br\/site\/wp-json\/wp\/v2\/posts\/600\/revisions\/106376"}],"wp:attachment":[{"href":"http:\/\/www.apucarana.pr.gov.br\/site\/wp-json\/wp\/v2\/media?parent=600"}],"wp:term":[{"taxonomy":"category","embeddable":true,"href":"http:\/\/www.apucarana.pr.gov.br\/site\/wp-json\/wp\/v2\/categories?post=600"},{"taxonomy":"post_tag","embeddable":true,"href":"http:\/\/www.apucarana.pr.gov.br\/site\/wp-json\/wp\/v2\/tags?post=600"}],"curies":[{"name":"wp","href":"https:\/\/api.w.org\/{rel}","templated":true}]}}