{"id":597,"date":"2013-01-01T11:44:00","date_gmt":"2013-01-01T11:44:00","guid":{"rendered":"http:\/\/172.16.0.7\/site-antigo\/?p=597"},"modified":"2024-10-08T09:05:44","modified_gmt":"2024-10-08T12:05:44","slug":"apucarana-forma-maior-turma-do-projovem-no-norte-do-pr","status":"publish","type":"post","link":"http:\/\/www.apucarana.pr.gov.br\/site\/apucarana-forma-maior-turma-do-projovem-no-norte-do-pr\/","title":{"rendered":"Apucarana forma maior turma do Projovem no Norte do PR"},"content":{"rendered":"<p>Com o audit\u00f3rio do Polo da Universidade Aberta do Brasil (UAB) lotado, foi realizada na noite de anteontem, a aula inaugural do Projovem 2013. As 190 vagas ofertadas pela Prefeitura de Apucarana, por meio da Secretaria de Assist\u00eancia Social e da Ag\u00eancia do Trabalhador, foram preenchidas e ainda restou uma fila de espera.   <\/p>\n<p>Na recep\u00e7\u00e3o aos alunos e entrega de mochila e apostila, o prefeito Beto Preto recebeu uma boa not\u00edcia da Bandeirantes Desenvolvimento Profissional, empresa que venceu a licita\u00e7\u00e3o para dirigir o curso. &ldquo;Em todo o eixo Norte, que vai de Jacar\u00e9zinho a Maring\u00e1, passando por Corn\u00e9lio Proc\u00f3pio e Londrina, Apucarana foi a cidade que formou a maior turma do Projovem&rdquo;, informou Alonso Santana, diretor da Bandeirantes, parabenizando o prefeito Beto Beto e sua equipe.<\/p>\n<p>Ao falar para os alunos do Projovem\/2013 Beto Preto reiterou que Apucarana est\u00e1 iniciando uma nova fase de desenvolvimento e que a cidade precisa somar for\u00e7as para qualificar m\u00e3o de obra. &ldquo;Essa \u00e9 uma exig\u00eancia do mercado e quem se destacar no scursos pode garantir um bom emprego antes mesmo de concluir o curso&rdquo;, disse entusiasmado o prefeito Beto Preto. <\/p>\n<p>Ele assinalou ainda que, a partir de agora, todos est\u00e3o engajados no trabalho de forma\u00e7\u00e3o das novas turmas do Pronatec (Programa Nacional de Acesso ao Ensino T\u00e9cnico e Emprego), numa parceria da prefeitura com o Senai e Senac. &ldquo;No ano passado Apucarana tinha direito a 650 vagas, mas n\u00e3o houve empenho algum e nenhuma turma foi formada. Agora, n\u00f3s conseguimos garantir 1.650 vagas para 2013 e temos confian\u00e7a de que iremos obter uma grande ades\u00e3o dos apucaranenses&rdquo;, afirmou Beto, reiterando seu otimismo com o trabalho realizado pela sua assessoria. <\/p>\n<p>A aula inaugural do Projovem foi prestigiada pela primeira-dama Adriana Gon\u00e7alves; secret\u00e1ria M\u00e1rcia Regina Sousa (Assist\u00eancia Social); secret\u00e1rio La\u00e9rcio Beane da Costa (Ind\u00fastria e Com\u00e9rcio); Lucas Leugi (Ag\u00eancia do Trabalhador); Jos\u00e9 Airton Ara\u00fajo &ldquo;Deco&rdquo; (presidente da C&acirc;mara); Aurita Bertoli (vereadora); e Denise Canezin Machado (superintendente da Assist\u00eancia Social). <\/p>\n<p><\/p>\n","protected":false},"excerpt":{"rendered":"<p>Com empenho da Assist&ecirc;ncia Social e Ag&ecirc;ncia do Trabalhador, cidade superou at&eacute; Londrina e Maring&aacute; <\/p>\n","protected":false},"author":4,"featured_media":0,"comment_status":"closed","ping_status":"closed","sticky":false,"template":"","format":"standard","meta":{"footnotes":""},"categories":[24],"tags":[],"class_list":["post-597","post","type-post","status-publish","format-standard","hentry","category-noticias"],"acf":[],"_links":{"self":[{"href":"http:\/\/www.apucarana.pr.gov.br\/site\/wp-json\/wp\/v2\/posts\/597","targetHints":{"allow":["GET"]}}],"collection":[{"href":"http:\/\/www.apucarana.pr.gov.br\/site\/wp-json\/wp\/v2\/posts"}],"about":[{"href":"http:\/\/www.apucarana.pr.gov.br\/site\/wp-json\/wp\/v2\/types\/post"}],"author":[{"embeddable":true,"href":"http:\/\/www.apucarana.pr.gov.br\/site\/wp-json\/wp\/v2\/users\/4"}],"replies":[{"embeddable":true,"href":"http:\/\/www.apucarana.pr.gov.br\/site\/wp-json\/wp\/v2\/comments?post=597"}],"version-history":[{"count":1,"href":"http:\/\/www.apucarana.pr.gov.br\/site\/wp-json\/wp\/v2\/posts\/597\/revisions"}],"predecessor-version":[{"id":106380,"href":"http:\/\/www.apucarana.pr.gov.br\/site\/wp-json\/wp\/v2\/posts\/597\/revisions\/106380"}],"wp:attachment":[{"href":"http:\/\/www.apucarana.pr.gov.br\/site\/wp-json\/wp\/v2\/media?parent=597"}],"wp:term":[{"taxonomy":"category","embeddable":true,"href":"http:\/\/www.apucarana.pr.gov.br\/site\/wp-json\/wp\/v2\/categories?post=597"},{"taxonomy":"post_tag","embeddable":true,"href":"http:\/\/www.apucarana.pr.gov.br\/site\/wp-json\/wp\/v2\/tags?post=597"}],"curies":[{"name":"wp","href":"https:\/\/api.w.org\/{rel}","templated":true}]}}