{"id":59342,"date":"2016-12-21T18:16:45","date_gmt":"2016-12-21T20:16:45","guid":{"rendered":"http:\/\/172.16.0.7\/site-antigo\/?p=4863"},"modified":"2024-10-08T09:13:15","modified_gmt":"2024-10-08T12:13:15","slug":"takeda-vai-presidir-o-cisvir-no-proximo-bienio","status":"publish","type":"post","link":"http:\/\/www.apucarana.pr.gov.br\/site\/takeda-vai-presidir-o-cisvir-no-proximo-bienio\/","title":{"rendered":"Takeda vai presidir o Cisvir no pr\u00f3ximo bi\u00eanio"},"content":{"rendered":"<p>O prefeito eleito de Maril\u00e2ndia do Sul, Aquiles Takeda Filho, foi eleito hoje (21) presidente do Cons\u00f3rcio Intermunicipal de Sa\u00fade do Vale do Iva\u00ed e Regi\u00e3o (Cisvir), para o bi\u00eanio de 2017\/2018. O farmac\u00eautico, que atuou nos \u00faltimos oito anos como secret\u00e1rio municipal de sa\u00fade de Maril\u00e2ndia do Sul, ir\u00e1 suceder o prefeito de Apucarana, o m\u00e9dico Beto Preto, que dirigiu o cons\u00f3rcio nos \u00faltimos quatro anos. A assembl\u00e9ia foi realizada pela manh\u00e3 no sal\u00e3o nobre da Prefeitura de Apucarana.<br \/>\nA elei\u00e7\u00e3o ocorreu por aclama\u00e7\u00e3o, com chapa \u00fanica integrada ainda pelo prefeito eleito de Cambira, Emerson Toledo Pires (vice-presidente); prefeito eleito de Novo Itacolomi, Moacir Andreolla (secret\u00e1rio); e prefeito eleito de Arapongas, S\u00e9rgio Onofre (tesoureiro). O Conselho Fiscal do cons\u00f3rcio ser\u00e1 composto por Paulo Wilson Mendes (Calif\u00f3rnia), Washington Luiz da Silva (Kalor\u00e9) e Beto Preto (Apucarana).<br \/>\nA posse de Aquiles Takeda e demais membros da diretoria ficou marcada par ao dia 3 de janeiro. Ao ser aclamado como novo presidente, Takeda fez um apelo aos demais colegas prefeitos, no sentido de que todos participem ativamente do cons\u00f3rcio de sa\u00fade. \u201cVamos dar continuidade \u00e0s melhorias e conquistas asseguradas na gest\u00e3o do Dr. Beto Preto\u201d, enalteceu o futuro presidente do Cisvir.<br \/>\nSegundo ele, conhecendo bem o funcionamento da sa\u00fade p\u00fablica, em fun\u00e7\u00e3o do cargo exercido de 2009 a 2013, \u00e9 poss\u00edvel afirmar que nenhum munic\u00edpio sobrevive neste segmento sem o cons\u00f3rcio intermunicipal. \u201cCom a participa\u00e7\u00e3o de todos os prefeitos e o apoio indispens\u00e1vel do Beto Preto, esperamos seguir avan\u00e7ando e garantindo um bom atendimento \u00e0 popula\u00e7\u00e3o dos dezessete munic\u00edpios que integram o cons\u00f3rcio e que oferece atendimento em vinte e uma especialidades m\u00e9dicas\u201d, avaliou Aquiles Takeda.<br \/>\nAinda na assembl\u00e9ia realizada em Apucarana, os prefeitos aprovaram a tabela de valores a serem pagos pelo Cisvir por exames, procedimentos e consultas m\u00e9dicas. O custo per capta para cada munic\u00edpio foi majorado de R$ 0,45 para R$ 0,60. J\u00e1 o valor das consultas ficou estabelecido em R$ 30,00.<br \/>\nAo final da assembl\u00e9ia o atual presidente do Cisvir, Beto Preto agradeceu o apoio dos demais munic\u00edpios na gest\u00e3o do cons\u00f3rcio. \u201cConseguimos colocar em dia os pagamentos aos prestadores de servi\u00e7os e ampliamos o atendimento, que saltou em m\u00e9dia de 8 mil consultas\/m\u00eas para 13 mil consultas\/m\u00eas\u201d, destacou Beto Preto, acrescentando ainda que o cons\u00f3rcio agora disp\u00f5e de uma ampla sede pr\u00f3pria e, em breve, poder\u00e1 dar in\u00edcio \u00e0 constru\u00e7\u00e3o do segundo bloco.<\/p>\n","protected":false},"excerpt":{"rendered":"<p>Nova diretoria foi eleita por aclama\u00e7\u00e3o e assume no dia 3 de janeiro (Fotos &#8211; Edson Denobi)<\/p>\n","protected":false},"author":4,"featured_media":4864,"comment_status":"closed","ping_status":"open","sticky":false,"template":"","format":"standard","meta":{"footnotes":""},"categories":[24],"tags":[],"class_list":["post-59342","post","type-post","status-publish","format-standard","has-post-thumbnail","hentry","category-noticias"],"acf":[],"_links":{"self":[{"href":"http:\/\/www.apucarana.pr.gov.br\/site\/wp-json\/wp\/v2\/posts\/59342","targetHints":{"allow":["GET"]}}],"collection":[{"href":"http:\/\/www.apucarana.pr.gov.br\/site\/wp-json\/wp\/v2\/posts"}],"about":[{"href":"http:\/\/www.apucarana.pr.gov.br\/site\/wp-json\/wp\/v2\/types\/post"}],"author":[{"embeddable":true,"href":"http:\/\/www.apucarana.pr.gov.br\/site\/wp-json\/wp\/v2\/users\/4"}],"replies":[{"embeddable":true,"href":"http:\/\/www.apucarana.pr.gov.br\/site\/wp-json\/wp\/v2\/comments?post=59342"}],"version-history":[{"count":1,"href":"http:\/\/www.apucarana.pr.gov.br\/site\/wp-json\/wp\/v2\/posts\/59342\/revisions"}],"predecessor-version":[{"id":102654,"href":"http:\/\/www.apucarana.pr.gov.br\/site\/wp-json\/wp\/v2\/posts\/59342\/revisions\/102654"}],"wp:featuredmedia":[{"embeddable":true,"href":"http:\/\/www.apucarana.pr.gov.br\/site\/wp-json\/wp\/v2\/media\/4864"}],"wp:attachment":[{"href":"http:\/\/www.apucarana.pr.gov.br\/site\/wp-json\/wp\/v2\/media?parent=59342"}],"wp:term":[{"taxonomy":"category","embeddable":true,"href":"http:\/\/www.apucarana.pr.gov.br\/site\/wp-json\/wp\/v2\/categories?post=59342"},{"taxonomy":"post_tag","embeddable":true,"href":"http:\/\/www.apucarana.pr.gov.br\/site\/wp-json\/wp\/v2\/tags?post=59342"}],"curies":[{"name":"wp","href":"https:\/\/api.w.org\/{rel}","templated":true}]}}