{"id":59341,"date":"2016-12-21T16:59:01","date_gmt":"2016-12-21T18:59:01","guid":{"rendered":"http:\/\/172.16.0.7\/site-antigo\/?p=4859"},"modified":"2024-10-08T09:13:15","modified_gmt":"2024-10-08T12:13:15","slug":"apucarana-abre-inscricoes-para-tradicional-prova-pedestre","status":"publish","type":"post","link":"http:\/\/www.apucarana.pr.gov.br\/site\/apucarana-abre-inscricoes-para-tradicional-prova-pedestre\/","title":{"rendered":"Apucarana abre inscri\u00e7\u00f5es para tradicional prova pedestre"},"content":{"rendered":"<p>A Secretaria de Esportes e Lazer da Prefeitura de Apucarana, em parceria com o Governo Federal atrav\u00e9s da Caixa Econ\u00f4mica Federal (CEF), j\u00e1 est\u00e1 recebendo inscri\u00e7\u00e3o para a 55\u00aa Prova Pedestre XXVIII de Janeiro. Tradicional corrida de rua em homenagem ao anivers\u00e1rio do munic\u00edpio, a ades\u00e3o deve ser feita at\u00e9 o dia 20 de janeiro somente pelo site <a href=\"http:\/\/www.apucarana.pr.gov.br\">www.apucarana.pr.gov.br<\/a>. Para quem se inscrever at\u00e9 o dia 29 de dezembro, a taxa ser\u00e1 de R$30. A partir do dia 30 at\u00e9 o final do prazo, o valor sobe para R$50 por inscri\u00e7\u00e3o. Para os atletas com 60 anos ou mais a inscri\u00e7\u00e3o \u00e9 gratuita.<br \/>\nComo nos anos anteriores, tamb\u00e9m acontecer\u00e1 a 17\u00aa Vinteoitinha, criada em 2001 com o objetivo de revelar e incentivar novos talentos do pedestrianismo e que \u00e9 disputada nas categorias Sub 10 (nascidos at\u00e9 2007) com percurso de mil metros, Sub 13 (nascidos entre 2006 e 2004) tamb\u00e9m com percurso de mil metros, Sub 15 (nascidos entre 2003 e 2002) com percurso de 1.500 metros e Sub 17 (nascidos entre 2001 e 2000) com percurso de 2.500 metros. Para a Vinteoitinha, a inscri\u00e7\u00e3o \u00e9 gratuita e tamb\u00e9m deve ser feita pelo site da prefeitura at\u00e9 o dia 20 de janeiro. Cada categoria ter\u00e1 largada pr\u00f3pria.<br \/>\nO prefeito Beto Preto destaca que a \u201cProva 28\u201d est\u00e1 entre as 10 mais antigas do pa\u00eds. \u201c\u00c9 uma satisfa\u00e7\u00e3o termos uma das mais tradicionais corridas pedestres do Brasil. Isso nos motiva a fazermos sempre o melhor a cada nova edi\u00e7\u00e3o\u201d, frisa Beto. Ele convida a todos os atletas, amadores ou profissionais da regi\u00e3o, para participar. \u201cSer\u00e1 como sempre uma grande festa do esporte, reunindo apaixonados pela corrida de rua de todas as idades. Diversas gera\u00e7\u00f5es comemorando conosco os 73 anos de emancipa\u00e7\u00e3o pol\u00edtica de Apucarana\u201d, lembra o prefeito.<br \/>\nA secret\u00e1ria de Esportes e Lazer de Apucarana, professora Jossuela Pinheiro, explica que no site de inscri\u00e7\u00e3o o atleta ir\u00e1 encontrar todas as orienta\u00e7\u00f5es necess\u00e1rias, como prazos, percurso, premia\u00e7\u00f5es previstas, hist\u00f3ria da competi\u00e7\u00e3o, fotos hist\u00f3ricas e o regulamento de todas as categorias. Ela informa que neste ano, as provas ser\u00e3o realizadas na data exata de 28 de janeiro, em um s\u00e1bado. \u201cA Vinteointinha ter\u00e1 largadas individuais por categoria a partir das 17 horas. A \u201cProva 28\u201d principal ter\u00e1 o percurso de cinco quil\u00f4metros com largada \u00e0s 19 horas e o circuito de 10 quil\u00f4metros com largada \u00e0s 20h15\u201d, detalha Jossuela.<br \/>\nOs trajetos s\u00e3o aferidos e certificados pela CBAT (Confedera\u00e7\u00e3o Brasileira de Atletismo) e pela Federa\u00e7\u00e3o de Atletismo do Paran\u00e1 (FAP). A retirada do \u201ckit atleta\u201d para todos os atletas participantes, principalmente para os atletas de Apucarana, acontecer\u00e1 dias 26 e 27 de janeiro, das 8 \u00e0s 18 horas, no Cine Teatro F\u00eanix. No dia 28 de janeiro (dia da competi\u00e7\u00e3o), das 8 \u00e0s 17 horas, no mesmo local, a entrega ser\u00e1 direcionada para os atletas participantes de outros munic\u00edpios.<br \/>\nA organiza\u00e7\u00e3o do evento disponibilizar\u00e1 o atendimento m\u00e9dico no local da prova (m\u00e9dico, enfermeiros e ambul\u00e2ncias). \u201cSer\u00e3o fornecidas frutas e \u00e1gua, a fim de repor alguns nutrientes que foram perdidos durante a realiza\u00e7\u00e3o da prova\u201d, destaca a secret\u00e1ria Jossuela Pinheiro. Os atletas ter\u00e3o \u00e0 disposi\u00e7\u00e3o banheiros qu\u00edmicos e guarda volume no local da prova.<br \/>\n<strong>Premia\u00e7\u00f5es<\/strong> \u2013 A Vinteoitinha ir\u00e1 premiar todos os participantes com medalhas e os tr\u00eas melhores atletas, masculino e feminino, das categorias Sub 10, 13, 15 e 17, sendo: 1\u00aa lugar com R$150 + trof\u00e9u, o 2\u00aa lugar com R$100 + trof\u00e9u e o 3\u00ba lugar com R$50 + trof\u00e9u. Os tr\u00eas melhores atletas de Apucarana, masculino e feminino, tamb\u00e9m receber\u00e3o a mesma premia\u00e7\u00e3o.<br \/>\nO percurso de cinco quil\u00f4metros oferecer\u00e1 trof\u00e9u e dinheiro do 1\u00ba ao 3\u00ba colocado no geral masculino e feminino e para os tr\u00eas primeiros atletas de Apucarana no masculino e feminino, sendo 1\u00ba lugar R$ 300,00 + trof\u00e9u; 2\u00ba lugar R$ 200,00 + trof\u00e9u e 3\u00ba lugar R$ 100,00 + trof\u00e9u para ambas categorias.<br \/>\nJ\u00e1 os 10 quil\u00f4metros conceder\u00e1 medalhas a todos que conclu\u00edrem o percurso, bem como trof\u00e9us e premia\u00e7\u00e3o em dinheiro do primeiro ao 1\u00ba ao 5\u00ba lugar geral masculino e feminino: 1\u00ba lugar \u2013 R$ 4.000,00 + trof\u00e9u; 2\u00ba lugar \u2013 R$ 2.500,00 + trof\u00e9u; 3\u00ba lugar \u2013 R$ 1.500,00 + trof\u00e9u; 4\u00ba lugar \u2013 R$ 700,00 + trof\u00e9u; 5\u00ba lugar \u2013 R$ 600,00 + trof\u00e9u. Ser\u00e3o premiados ainda os 10 atletas apucaranenses mais bem colocados, sendo: 1\u00ba lugar \u2013 R$ 1.000,00 + trof\u00e9u; 2\u00ba lugar \u2013 R$ 800,00 + trof\u00e9u; 3\u00ba lugar \u2013 R$ 600,00 + trof\u00e9u; 4\u00ba lugar \u2013 R$ 500,00 + trof\u00e9u; 5\u00ba lugar \u2013 R$ 300,00 + trof\u00e9u; 6\u00ba lugar \u2013 R$ 200,00; 7\u00ba lugar \u2013 R$ 200,00; 8\u00ba lugar \u2013 R$ 200,00; 9\u00ba lugar \u2013 R$ 200,00 e 10\u00ba lugar \u2013 R$ 200,00.<br \/>\n<strong>A Prova 28 <\/strong>\u2013 Al\u00e9m de parceria com o Governo Federal atrav\u00e9s da Caixa Econ\u00f4mica Federal (CEF), a 55\u00aa Prova Pedestre XVIII de Janeiro tem como patrocinadores e apoiadores a Associa\u00e7\u00e3o Comercial, Industrial e de Servi\u00e7os de Apucarana (ACIA), Unimed Apucarana, UniCesumar, Sanepar\/Governo do Paran\u00e1, Rede Massa\/SBT, 98 FM Apucarana, TV Mais Apucarana, R\u00e1dio \u00c1gua Viva, RTV Canal 38, Radio Nova AM, R\u00e1dio Cultura AM, Rede de R\u00e1dios e Jornal Tribuna do Norte\/ Site TNOnline.<br \/>\n<strong>Hist\u00f3ria<\/strong> &#8211; A Prova Pedestre XXVIII de Janeiro, uma das grandes atra\u00e7\u00f5es do anivers\u00e1rio de Apucarana e do pedestrianismo brasileiro foi criada pelo engenheiro Osvaldo Ot\u00e1vio Pereira em 1961. A primeira competi\u00e7\u00e3o foi realizada um ano depois em 1962, com a vit\u00f3ria do goiano Benedito Firmino do Amaral. Naquela \u00e9poca a corrida era realizada apenas pelo naipe masculino. A competi\u00e7\u00e3o \u00e9 uma das mais tradicionais do Brasil. Inicialmente, era disputada todos os anos no dia 1\u00ba de maio, posteriormente passou a ser realizada no dia do anivers\u00e1rio de Apucarana, sendo denominada Prova Pedestre XXVIII de Janeiro. Em 1968 a competi\u00e7\u00e3o foi oficializada pela Federa\u00e7\u00e3o Desportiva Paranaense e, 10 anos mais tarde, teve in\u00edcio a participa\u00e7\u00e3o das mulheres nas competi\u00e7\u00f5es. A primeira atleta campe\u00e3 foi a paranaense Eva Batista Dias, em 1978. No ano de 2004, a \u201cProva 28\u201d foi oficializada pela Confedera\u00e7\u00e3o Brasileira de Atletismo \u2013 CBAT. Grandes atletas internacionais j\u00e1 participaram da Prova Pedestre, entre os quais: Quenianos, Franceses, Uruguaios, Argentinos, Et\u00edopes, Angolanos, Paraguaios, Tanzanianos.<\/p>\n","protected":false},"excerpt":{"rendered":"<p>Prova 28 de Janeiro \u00e9 uma mais tradicionais corridas de rua do Brasil estando entre as 10 mais antigas do pa\u00eds (Foto: Profeta\/arquivo 2016)<\/p>\n","protected":false},"author":4,"featured_media":4860,"comment_status":"closed","ping_status":"open","sticky":false,"template":"","format":"standard","meta":{"footnotes":""},"categories":[24],"tags":[],"class_list":["post-59341","post","type-post","status-publish","format-standard","has-post-thumbnail","hentry","category-noticias"],"acf":[],"_links":{"self":[{"href":"http:\/\/www.apucarana.pr.gov.br\/site\/wp-json\/wp\/v2\/posts\/59341","targetHints":{"allow":["GET"]}}],"collection":[{"href":"http:\/\/www.apucarana.pr.gov.br\/site\/wp-json\/wp\/v2\/posts"}],"about":[{"href":"http:\/\/www.apucarana.pr.gov.br\/site\/wp-json\/wp\/v2\/types\/post"}],"author":[{"embeddable":true,"href":"http:\/\/www.apucarana.pr.gov.br\/site\/wp-json\/wp\/v2\/users\/4"}],"replies":[{"embeddable":true,"href":"http:\/\/www.apucarana.pr.gov.br\/site\/wp-json\/wp\/v2\/comments?post=59341"}],"version-history":[{"count":1,"href":"http:\/\/www.apucarana.pr.gov.br\/site\/wp-json\/wp\/v2\/posts\/59341\/revisions"}],"predecessor-version":[{"id":102655,"href":"http:\/\/www.apucarana.pr.gov.br\/site\/wp-json\/wp\/v2\/posts\/59341\/revisions\/102655"}],"wp:featuredmedia":[{"embeddable":true,"href":"http:\/\/www.apucarana.pr.gov.br\/site\/wp-json\/wp\/v2\/media\/4860"}],"wp:attachment":[{"href":"http:\/\/www.apucarana.pr.gov.br\/site\/wp-json\/wp\/v2\/media?parent=59341"}],"wp:term":[{"taxonomy":"category","embeddable":true,"href":"http:\/\/www.apucarana.pr.gov.br\/site\/wp-json\/wp\/v2\/categories?post=59341"},{"taxonomy":"post_tag","embeddable":true,"href":"http:\/\/www.apucarana.pr.gov.br\/site\/wp-json\/wp\/v2\/tags?post=59341"}],"curies":[{"name":"wp","href":"https:\/\/api.w.org\/{rel}","templated":true}]}}