{"id":59340,"date":"2016-12-19T17:12:00","date_gmt":"2016-12-19T19:12:00","guid":{"rendered":"http:\/\/172.16.0.7\/site-antigo\/?p=4840"},"modified":"2024-10-08T09:13:15","modified_gmt":"2024-10-08T12:13:15","slug":"apucarana-arrecada-r-1139-mil-em-leilao-de-veiculos","status":"publish","type":"post","link":"http:\/\/www.apucarana.pr.gov.br\/site\/apucarana-arrecada-r-1139-mil-em-leilao-de-veiculos\/","title":{"rendered":"Apucarana arrecada R$ 113,9 mil em leil\u00e3o de ve\u00edculos"},"content":{"rendered":"<p>A Prefeitura de Apucarana e a Autarquia Municipal de Sa\u00fade (AMS) realizaram nesta segunda-feira (19\/12), leil\u00e3o de 24 ve\u00edculos e cerca de 30 toneladas de sucatas de ferro. A aliena\u00e7\u00e3o dos bens m\u00f3veis inserv\u00edveis aconteceu no sal\u00e3o nobre do pr\u00e9dio central e atraiu muitos interessados. \u201cFoi um certame bastante disputado, sobretudo com rela\u00e7\u00e3o aos ve\u00edculos, com lotes sendo arrematados com valores acima da avalia\u00e7\u00e3o m\u00ednima\u201d, observa Nicolai Cernescu J\u00fanior, secret\u00e1rio Municipal de Gest\u00e3o P\u00fablica. Ele cita como exemplo um caminh\u00e3o que tinha avalia\u00e7\u00e3o de R$10 mil, mas acabou arrematado por R$15,7 mil.<br \/>\nDos 15 ve\u00edculos da prefeitura, somente tr\u00eas n\u00e3o tiveram interessados, totalizando venda de R$78,9 mil. J\u00e1 do edital da AMS, dos 9 lotes em leil\u00e3o, quatro foram leiloados, somando arrecada\u00e7\u00e3o de R$35 mil.<br \/>\nDo total de R$150 mil, em caso de arremate de todos os lotes de ve\u00edculos apenas pelo valor m\u00ednimo de avalia\u00e7\u00e3o, os departamentos de Patrim\u00f4nio da prefeitura e Autarquia de Sa\u00fade informaram que foram contabilizados aos cofres p\u00fablicos R$113,9 mil. \u201cO que confere ao certame grande sucesso\u201d, avalia o secret\u00e1rio Nicolai. Ele destaca que todos os ve\u00edculos foram colocados em leil\u00e3o devidamente documentados, com multas e tributos quitados, prontos para a transfer\u00eancia ap\u00f3s a venda.<br \/>\nEntre os modelos dispon\u00edveis estiveram Gol, Santana Quantum, C20 Custom S, Uno, M. Benz L 1313, Chevrolet, 13.130 Caminh\u00e3o Carga e M. Benz L 1113 Caminh\u00e3o Carga, Celta, Renault Master, Strada Working e Kombis. \u201cEm geral s\u00e3o ve\u00edculos economicamente invi\u00e1veis para consertos e manuten\u00e7\u00e3o e improdutivos para o uso permanente do servi\u00e7o p\u00fablico\u201d, frisa o secret\u00e1rio. Tamb\u00e9m foram leiloados lotes com cadeiras e mesas escolares, arm\u00e1rio de a\u00e7o, escrivaninhas, bancos e mesas, ber\u00e7os e sucata de fog\u00e3o, entre outros itens.<br \/>\nO certame, que foi conduzido pelo leiloeiro oficial Odarli Canezin, foi na modalidade maior lance igual ou superior do pre\u00e7o m\u00ednimo de avalia\u00e7\u00e3o. Todo o processo foi autorizado por leis aprovadas pela C\u00e2mara de vereadores e sancionadas pelo prefeito de Apucarana, Beto Preto. Os valores m\u00ednimos dos bens p\u00fablicos foram fixados pela Comiss\u00e3o Especial Permanente de Avalia\u00e7\u00e3o e Desfazimento dos Bens Inserv\u00edveis e Sucatas do Patrim\u00f4nio P\u00fablico.<\/p>\n","protected":false},"excerpt":{"rendered":"<p>Dos 15 ve\u00edculos da prefeitura, somente tr\u00eas n\u00e3o tiveram interessados, totalizando venda de R$78,9 mil. J\u00e1 do edital da AMS, dos 9 lotes em leil\u00e3o, quatro foram leiloados, somando arrecada\u00e7\u00e3o de R$35 mil (Foto: Edson Denobi)<\/p>\n","protected":false},"author":4,"featured_media":4842,"comment_status":"closed","ping_status":"open","sticky":false,"template":"","format":"standard","meta":{"footnotes":""},"categories":[24],"tags":[],"class_list":["post-59340","post","type-post","status-publish","format-standard","has-post-thumbnail","hentry","category-noticias"],"acf":[],"_links":{"self":[{"href":"http:\/\/www.apucarana.pr.gov.br\/site\/wp-json\/wp\/v2\/posts\/59340","targetHints":{"allow":["GET"]}}],"collection":[{"href":"http:\/\/www.apucarana.pr.gov.br\/site\/wp-json\/wp\/v2\/posts"}],"about":[{"href":"http:\/\/www.apucarana.pr.gov.br\/site\/wp-json\/wp\/v2\/types\/post"}],"author":[{"embeddable":true,"href":"http:\/\/www.apucarana.pr.gov.br\/site\/wp-json\/wp\/v2\/users\/4"}],"replies":[{"embeddable":true,"href":"http:\/\/www.apucarana.pr.gov.br\/site\/wp-json\/wp\/v2\/comments?post=59340"}],"version-history":[{"count":1,"href":"http:\/\/www.apucarana.pr.gov.br\/site\/wp-json\/wp\/v2\/posts\/59340\/revisions"}],"predecessor-version":[{"id":102657,"href":"http:\/\/www.apucarana.pr.gov.br\/site\/wp-json\/wp\/v2\/posts\/59340\/revisions\/102657"}],"wp:featuredmedia":[{"embeddable":true,"href":"http:\/\/www.apucarana.pr.gov.br\/site\/wp-json\/wp\/v2\/media\/4842"}],"wp:attachment":[{"href":"http:\/\/www.apucarana.pr.gov.br\/site\/wp-json\/wp\/v2\/media?parent=59340"}],"wp:term":[{"taxonomy":"category","embeddable":true,"href":"http:\/\/www.apucarana.pr.gov.br\/site\/wp-json\/wp\/v2\/categories?post=59340"},{"taxonomy":"post_tag","embeddable":true,"href":"http:\/\/www.apucarana.pr.gov.br\/site\/wp-json\/wp\/v2\/tags?post=59340"}],"curies":[{"name":"wp","href":"https:\/\/api.w.org\/{rel}","templated":true}]}}