{"id":59339,"date":"2016-12-19T16:41:52","date_gmt":"2016-12-19T18:41:52","guid":{"rendered":"http:\/\/172.16.0.7\/site-antigo\/?p=4834"},"modified":"2024-10-08T09:13:15","modified_gmt":"2024-10-08T12:13:15","slug":"publicados-editais-para-residencia-multiprofissional-e-medica","status":"publish","type":"post","link":"http:\/\/www.apucarana.pr.gov.br\/site\/publicados-editais-para-residencia-multiprofissional-e-medica\/","title":{"rendered":"Publicados editais para Resid\u00eancia Multiprofissional e M\u00e9dica"},"content":{"rendered":"<p>Pelo segundo ano consecutivo, a Autarquia Municipal de Sa\u00fade de Apucarana est\u00e1 realizando sele\u00e7\u00e3o p\u00fablica para Resid\u00eancia Multiprofissional em Sa\u00fade Mental, Resid\u00eancia Multiprofissional em Aten\u00e7\u00e3o B\u00e1sica e Resid\u00eancia Profissional em Enfermagem Obst\u00e9trica, com \u00eanfase em Rede Cegonha; e Resid\u00eancia M\u00e9dica em Medicina da Fam\u00edlia e Comunidade. Os editais foram publicados e o per\u00edodo de inscri\u00e7\u00e3o dos candidatos se estende de 2 a 16 de janeiro, com as provas programadas para 5 de fevereiro.<br \/>\nO presidente em exerc\u00edcio da Autarquia Municipal de Sa\u00fade, Em\u00eddio Bachiega, salienta que \u201cos selecionados receber\u00e3o acompanhamento de profissionais das respectivas \u00e1reas e atuar\u00e3o na Unidade de Pronto Atendimento (UPA), Unidades B\u00e1sicas de Sa\u00fade (UBSs) na Autarquia Municipal de Sa\u00fade, Cisvir, Centro Infantil, Casa da Gestante, Centro de Especialidades Odontol\u00f3gicas (CEO), Hospital da Provid\u00eancia e Hospital Materno Infantil\u201d.<br \/>\nA coordenadora da Comiss\u00e3o de Resid\u00eancia Multiprofissional (Coremu), enfermeira Francieli Nogueira Smanioto, relata que este \u00e9 o segundo ano consecutivo que a Autarquia Municipal de Sa\u00fade de Apucarana oferece Resid\u00eancia M\u00e9dica e Multiprofissional a profissionais em diversas \u00e1reas de atua\u00e7\u00e3o. Ela destaca que a primeira turma est\u00e1 concluindo o primeiro ano da Resid\u00eancia, \u201ccom resultados expressivos no campo do conhecimento e na capacita\u00e7\u00e3o profissional, pois est\u00e3o atuando junto a popula\u00e7\u00e3o atendida pela AMS\u201d.<br \/>\nConforme os editais dispon\u00edveis para consulta no portal da Prefeitura de Apucarana (<a href=\"http:\/\/apucarana.pr.gov.br\/residencias\/editais.php\">http:\/\/apucarana.pr.gov.br\/residencias\/editais.php<\/a>), o curso de Resid\u00eancia M\u00e9dica tem caracter\u00edsticas de p\u00f3s-gradua\u00e7\u00e3o, <em>Lato sensu, <\/em>sob forma de treinamento em servi\u00e7o, destinado a brasileiros formados ou formandos em curso de Gradua\u00e7\u00e3o em Medicina, e profissionais com diploma estrangeiro revalidado no Brasil.<br \/>\nQuanto ao Curso de Resid\u00eancia Multiprofissional em Aten\u00e7\u00e3o B\u00e1sica, este \u00e9 destinado a educadores f\u00edsicos, enfermeiros, fisioterapeutas, nutricionistas, odont\u00f3logos e psic\u00f3logos, sendo tr\u00eas vagas para cada categoria profissional. A Resid\u00eancia Multiprofissional em Sa\u00fade Mental \u00e9 destinada a enfermeiros, psic\u00f3logos e assistentes sociais, com duas vagas para cada categoria profissional. J\u00e1 o Curso de Resid\u00eancia Profissional em Enfermagem Obst\u00e9trica, com \u00eanfase em Rede Cegonha, \u00e9 destinado a enfermeiros, com tr\u00eas vagas.<br \/>\n&nbsp;<\/p>\n","protected":false},"excerpt":{"rendered":"<p>Per\u00edodo de inscri\u00e7\u00f5es dos candidatos se estende de 2 a 16 de janeiro, com provas em 5 de fevereiro (Foto: Edson Denobi)<\/p>\n","protected":false},"author":4,"featured_media":4835,"comment_status":"closed","ping_status":"open","sticky":false,"template":"","format":"standard","meta":{"footnotes":""},"categories":[24],"tags":[],"class_list":["post-59339","post","type-post","status-publish","format-standard","has-post-thumbnail","hentry","category-noticias"],"acf":[],"_links":{"self":[{"href":"http:\/\/www.apucarana.pr.gov.br\/site\/wp-json\/wp\/v2\/posts\/59339","targetHints":{"allow":["GET"]}}],"collection":[{"href":"http:\/\/www.apucarana.pr.gov.br\/site\/wp-json\/wp\/v2\/posts"}],"about":[{"href":"http:\/\/www.apucarana.pr.gov.br\/site\/wp-json\/wp\/v2\/types\/post"}],"author":[{"embeddable":true,"href":"http:\/\/www.apucarana.pr.gov.br\/site\/wp-json\/wp\/v2\/users\/4"}],"replies":[{"embeddable":true,"href":"http:\/\/www.apucarana.pr.gov.br\/site\/wp-json\/wp\/v2\/comments?post=59339"}],"version-history":[{"count":1,"href":"http:\/\/www.apucarana.pr.gov.br\/site\/wp-json\/wp\/v2\/posts\/59339\/revisions"}],"predecessor-version":[{"id":102658,"href":"http:\/\/www.apucarana.pr.gov.br\/site\/wp-json\/wp\/v2\/posts\/59339\/revisions\/102658"}],"wp:featuredmedia":[{"embeddable":true,"href":"http:\/\/www.apucarana.pr.gov.br\/site\/wp-json\/wp\/v2\/media\/4835"}],"wp:attachment":[{"href":"http:\/\/www.apucarana.pr.gov.br\/site\/wp-json\/wp\/v2\/media?parent=59339"}],"wp:term":[{"taxonomy":"category","embeddable":true,"href":"http:\/\/www.apucarana.pr.gov.br\/site\/wp-json\/wp\/v2\/categories?post=59339"},{"taxonomy":"post_tag","embeddable":true,"href":"http:\/\/www.apucarana.pr.gov.br\/site\/wp-json\/wp\/v2\/tags?post=59339"}],"curies":[{"name":"wp","href":"https:\/\/api.w.org\/{rel}","templated":true}]}}