{"id":59338,"date":"2016-12-16T19:31:38","date_gmt":"2016-12-16T21:31:38","guid":{"rendered":"http:\/\/172.16.0.7\/site-antigo\/?p=4830"},"modified":"2024-10-08T09:13:16","modified_gmt":"2024-10-08T12:13:16","slug":"arquiteto-promove-palestra-sobre-a-obra-de-oscar-niemeyer","status":"publish","type":"post","link":"http:\/\/www.apucarana.pr.gov.br\/site\/arquiteto-promove-palestra-sobre-a-obra-de-oscar-niemeyer\/","title":{"rendered":"Arquiteto promove palestra sobre a obra de Oscar Niemeyer"},"content":{"rendered":"<p>O prefeito Beto Preto recebeu a pouco em seu gabinete o arquiteto Jo\u00e3o Virmond Suplicy Neto. Natural de Apucarana, o profissional atualmente sediado em Curitiba, \u00e9 presidente da Federa\u00e7\u00e3o Panamericana de Associa\u00e7\u00f5es de Arquitetos (FPAA) e Conselheiro Federal na gest\u00e3o 2015-2017 do Conselho de Arquitetura e Urbanismo do Paran\u00e1 (CAU).<br \/>\nAcompanhado do tamb\u00e9m arquiteto e conselheiro do CAU Paran\u00e1, o apucaranense Ideval dos Santos Filho, Jo\u00e3o Suplicy adiantou ao prefeito um pouco sobre o conte\u00fado da palestra que dar\u00e1 nesta noite nas depend\u00eancias do sal\u00e3o nobre da Prefeitura de Apucarana sobre a obra de Oscar Niemeyer.<br \/>\nNa pauta do encontro tamb\u00e9m estiveram poss\u00edveis parcerias a serem estabelecidas com a prefeitura. A palestra desta noite \u00e9 o primeiro evento da rec\u00e9m criada Regional Apucarana do Instituto dos Arquitetos do Brasil (IAB \u2013 Regional Apucarana).<br \/>\n<strong>Mais sobre Jo\u00e3o Suplicy <\/strong>&#8211; Agraciado pelo Conselho de Arquitetura e Urbanismo\/Paran\u00e1 &#8211; CAU\/PR, com uma placa destacando o empenho e brilhantismo com que conduziu a Federa\u00e7\u00e3o Panamericana de Associa\u00e7\u00f5es de Arquitetos \u2013 FPAA (a mais antiga entidade representativa dos arquitetos e urbanistas nas Am\u00e9ricas) na gest\u00e3o 2012-2016, sendo um dos dois \u00fanicos brasileiros a ocupar este cargo.<br \/>\nFormado pela UFPR, Mestre pela UFRGS e Doutor pela FAU\/USP, Suplicy \u00e9 Conselheiro Vital\u00edcio do Instituto de Arquitetos do Brasil \u2013 IAB e autor dos projetos de Arquitetura do Shopping Centro Norte e do Condom\u00ednio Residencial Mendes, dentre outras obras na regi\u00e3o (Maring\u00e1, Londrina, Arapongas e Ivaipor\u00e3).<\/p>\n","protected":false},"excerpt":{"rendered":"<p>Formado pela UFPR, Mestre pela UFRGS e Doutor pela FAU\/USP, Suplicy \u00e9 Conselheiro Vital\u00edcio do Instituto de Arquitetos do Brasil \u2013 IAB e autor dos projetos de Arquitetura do Shopping Centro Norte e do Condom\u00ednio Residencial Mendes, dentre outras obras na regi\u00e3o (Maring\u00e1, Londrina, Arapongas e Ivaipor\u00e3) (Foto: Edson Denobi)<\/p>\n","protected":false},"author":4,"featured_media":4831,"comment_status":"closed","ping_status":"open","sticky":false,"template":"","format":"standard","meta":{"footnotes":""},"categories":[24],"tags":[],"class_list":["post-59338","post","type-post","status-publish","format-standard","has-post-thumbnail","hentry","category-noticias"],"acf":[],"_links":{"self":[{"href":"http:\/\/www.apucarana.pr.gov.br\/site\/wp-json\/wp\/v2\/posts\/59338","targetHints":{"allow":["GET"]}}],"collection":[{"href":"http:\/\/www.apucarana.pr.gov.br\/site\/wp-json\/wp\/v2\/posts"}],"about":[{"href":"http:\/\/www.apucarana.pr.gov.br\/site\/wp-json\/wp\/v2\/types\/post"}],"author":[{"embeddable":true,"href":"http:\/\/www.apucarana.pr.gov.br\/site\/wp-json\/wp\/v2\/users\/4"}],"replies":[{"embeddable":true,"href":"http:\/\/www.apucarana.pr.gov.br\/site\/wp-json\/wp\/v2\/comments?post=59338"}],"version-history":[{"count":1,"href":"http:\/\/www.apucarana.pr.gov.br\/site\/wp-json\/wp\/v2\/posts\/59338\/revisions"}],"predecessor-version":[{"id":102660,"href":"http:\/\/www.apucarana.pr.gov.br\/site\/wp-json\/wp\/v2\/posts\/59338\/revisions\/102660"}],"wp:featuredmedia":[{"embeddable":true,"href":"http:\/\/www.apucarana.pr.gov.br\/site\/wp-json\/wp\/v2\/media\/4831"}],"wp:attachment":[{"href":"http:\/\/www.apucarana.pr.gov.br\/site\/wp-json\/wp\/v2\/media?parent=59338"}],"wp:term":[{"taxonomy":"category","embeddable":true,"href":"http:\/\/www.apucarana.pr.gov.br\/site\/wp-json\/wp\/v2\/categories?post=59338"},{"taxonomy":"post_tag","embeddable":true,"href":"http:\/\/www.apucarana.pr.gov.br\/site\/wp-json\/wp\/v2\/tags?post=59338"}],"curies":[{"name":"wp","href":"https:\/\/api.w.org\/{rel}","templated":true}]}}