{"id":59337,"date":"2016-12-16T19:01:49","date_gmt":"2016-12-16T21:01:49","guid":{"rendered":"http:\/\/172.16.0.7\/site-antigo\/?p=4828"},"modified":"2024-10-08T09:13:16","modified_gmt":"2024-10-08T12:13:16","slug":"estado-entrega-revitalizacao-da-regional-de-saude-em-apucarana","status":"publish","type":"post","link":"http:\/\/www.apucarana.pr.gov.br\/site\/estado-entrega-revitalizacao-da-regional-de-saude-em-apucarana\/","title":{"rendered":"Estado entrega revitaliza\u00e7\u00e3o da Regional de Sa\u00fade em Apucarana"},"content":{"rendered":"<p>O prefeito Beto Preto prestigiou nesta sexta-feira (16\/12) a solenidade de entrega das obras de reforma e amplia\u00e7\u00e3o, em mil metros quadrados, da sede da 16\u00aa Regional de Sa\u00fade de Apucarana. As melhorias no pr\u00e9dio, localizado na Rua Os\u00f3rio Ribas de Paula, foram promovidas pelo Governo do Paran\u00e1 e oficialmente inauguradas pelo secret\u00e1rio de Estado da Sa\u00fade, Michele Caputo Neto. Al\u00e9m de autoridades locais, o evento contou com a presen\u00e7a do deputado Estadual Tiago Amaral, da diretora da 16\u00aa Regional de Sa\u00fade de Apucarana, Clara Ilza Lemes de Oliveira, al\u00e9m de outros chefes de Regionais de Sa\u00fade, prefeitos eleitos, reeleitos, vereadores de v\u00e1rias cidades do Vale do Iva\u00ed, profissionais e gestores em Sa\u00fade.<br \/>\nIniciado ainda na gest\u00e3o do ent\u00e3o diretor Dr. H\u00e9lcio Watanabe, o projeto de reforma e amplia\u00e7\u00e3o da Regional absorveu investimento de cerca de R$2,3 milh\u00f5es. O prefeito Beto Preto frisou que a conclus\u00e3o das obras \u00e9 algo \u201cestruturante\u201d para todos os munic\u00edpios atendidos. \u201cA 16\u00aa RS foi inaugurada pelo Governador Jos\u00e9 Richa, h\u00e1 32 anos, e agora tem a maior reforma da hist\u00f3ria no governo do seu filho, Beto Richa, o que considero um paralelo hist\u00f3rico relevante. O resultado ficou muito bom, um local acolhedor que reafirma a Regional como um polo de discuss\u00e3o dos assuntos da sa\u00fade p\u00fablica\u201d, pontuou o prefeito Beto Preto. Ele destacou e agradeceu o \u201colhar\u201d que o governador Beto Richa e o secret\u00e1rio Miquele Caputo Neto t\u00eam tido para com Apucarana e regi\u00e3o, em especial no \u201cencaminhamento de recursos\u201d.<br \/>\nAl\u00e9m de destacar a import\u00e2ncia da revitaliza\u00e7\u00e3o do pr\u00e9dio da 16\u00aa RS para o melhor desenvolvimento das atividades por parte dos servidores estaduais, quanto para o atendimento da popula\u00e7\u00e3o, o secret\u00e1rio Miquele falou sobre os principais investimentos do Governo Estadual no setor e garantiu que 2017 ser\u00e1 um ano ainda melhor. \u201cProcuramos trabalhar no sentido de que a Sa\u00fade P\u00fablica chegue a todos. \u00c9 isto o mais importante, por isto investimos n\u00e3o s\u00f3 em pr\u00e9dios, em ve\u00edculos, em socorro a\u00e9reo, mas tamb\u00e9m na capacita\u00e7\u00e3o de nossos profissionais\u201d, disse o secret\u00e1rio.<br \/>\nO deputado Estadual Tiago Amaral destacou a posi\u00e7\u00e3o do Paran\u00e1 em rela\u00e7\u00e3o a outros estados brasileiros. \u201cEnquanto muitos Estados est\u00e3o fechando o ano com dificuldades de pagamento do sal\u00e1rio dos servidores, o Paran\u00e1 est\u00e1 com a folha em dia e ainda entregando investimentos, como esta reforma e amplia\u00e7\u00e3o da 16\u00aa RS de Apucarana\u201d, comparou.<br \/>\nA diretora da 16\u00aa Regional de Sa\u00fade de Apucarana, Clara Ilza Lemes de Oliveira, lembrou que a \u00e1rea de abrang\u00eancia do \u00f3rg\u00e3o atende a 17 munic\u00edpios e afirmou que a reforma e a amplia\u00e7\u00e3o, em mil metros quadrados, \u00e9 um sonho realizado a muitas m\u00e3os. \u201cEstamos todos muito felizes. Reformamos a casa morando dentro, passamos por situa\u00e7\u00f5es complicadas e quero aqui agradecer a todos da nossa equipe, sem exce\u00e7\u00e3o, pela compreens\u00e3o. O pr\u00e9dio que temos agora vai melhorar a qualidade de trabalho de todos\u201d, destacou Clara de Oliveira. Ela enumerou as principais melhorias como a conquista de uma nova rede l\u00f3gica, espa\u00e7o adequado para copa, cozinha, almoxarifado, salas e espa\u00e7o para capacita\u00e7\u00f5es. \u201cAgora j\u00e1 trabalhamos em um novo desafio. Em 2017 vamos buscar um melhor atendimento para o Hemon\u00facleo\u201d, comunicou.<\/p>\n","protected":false},"excerpt":{"rendered":"<p>Iniciado ainda na gest\u00e3o do ent\u00e3o diretor Dr. H\u00e9lcio Watanabe, o projeto de reforma e amplia\u00e7\u00e3o da Regional absorveu investimento de cerca de R$2,3 milh\u00f5es (Foto: Profeta)<\/p>\n","protected":false},"author":4,"featured_media":4827,"comment_status":"closed","ping_status":"open","sticky":false,"template":"","format":"standard","meta":{"footnotes":""},"categories":[24],"tags":[],"class_list":["post-59337","post","type-post","status-publish","format-standard","has-post-thumbnail","hentry","category-noticias"],"acf":[],"_links":{"self":[{"href":"http:\/\/www.apucarana.pr.gov.br\/site\/wp-json\/wp\/v2\/posts\/59337","targetHints":{"allow":["GET"]}}],"collection":[{"href":"http:\/\/www.apucarana.pr.gov.br\/site\/wp-json\/wp\/v2\/posts"}],"about":[{"href":"http:\/\/www.apucarana.pr.gov.br\/site\/wp-json\/wp\/v2\/types\/post"}],"author":[{"embeddable":true,"href":"http:\/\/www.apucarana.pr.gov.br\/site\/wp-json\/wp\/v2\/users\/4"}],"replies":[{"embeddable":true,"href":"http:\/\/www.apucarana.pr.gov.br\/site\/wp-json\/wp\/v2\/comments?post=59337"}],"version-history":[{"count":1,"href":"http:\/\/www.apucarana.pr.gov.br\/site\/wp-json\/wp\/v2\/posts\/59337\/revisions"}],"predecessor-version":[{"id":102661,"href":"http:\/\/www.apucarana.pr.gov.br\/site\/wp-json\/wp\/v2\/posts\/59337\/revisions\/102661"}],"wp:featuredmedia":[{"embeddable":true,"href":"http:\/\/www.apucarana.pr.gov.br\/site\/wp-json\/wp\/v2\/media\/4827"}],"wp:attachment":[{"href":"http:\/\/www.apucarana.pr.gov.br\/site\/wp-json\/wp\/v2\/media?parent=59337"}],"wp:term":[{"taxonomy":"category","embeddable":true,"href":"http:\/\/www.apucarana.pr.gov.br\/site\/wp-json\/wp\/v2\/categories?post=59337"},{"taxonomy":"post_tag","embeddable":true,"href":"http:\/\/www.apucarana.pr.gov.br\/site\/wp-json\/wp\/v2\/tags?post=59337"}],"curies":[{"name":"wp","href":"https:\/\/api.w.org\/{rel}","templated":true}]}}