{"id":59336,"date":"2016-12-16T14:21:01","date_gmt":"2016-12-16T16:21:01","guid":{"rendered":"http:\/\/172.16.0.7\/site-antigo\/?p=4819"},"modified":"2024-10-08T09:13:16","modified_gmt":"2024-10-08T12:13:16","slug":"bombeiros-recolhem-lixo-do-lago-jaboti","status":"publish","type":"post","link":"http:\/\/www.apucarana.pr.gov.br\/site\/bombeiros-recolhem-lixo-do-lago-jaboti\/","title":{"rendered":"Bombeiros recolhem lixo do Lago Jaboti"},"content":{"rendered":"<p>Garrafas de vodka, vinho e whisky, al\u00e9m de long necks, garrafas pet, latas, pratos e tapetes foram alguns dos objetos encontrados nas \u00e1guas do Lago Jaboti. Uma equipe de mergulhadores do Corpo de Bombeiros recolheu esse material nesta sexta-feira (16\/12), atendendo solicita\u00e7\u00e3o da Prefeitura de Apucarana.<br \/>\nO Lago Jaboti \u00e9 um dos espa\u00e7os p\u00fablicos mais frequentados de Apucarana, por fam\u00edlias e tamb\u00e9m por jovens que costumam se reunir no entorno do parque. \u201cMas infelizmente muitas pessoas acabam jogando lixo \u00e0s margens e at\u00e9 dentro do lago, entre os quais garrafas de vidro que podem quebrar e gerar riscos\u201d, alerta Garcia Baganha, coordenador municipal de limpeza p\u00fablica.<br \/>\nConforme Baganha, a limpeza nas \u00e1guas foi feita somente nas margens, at\u00e9 um metro de profundidade, onde os objetos podem ser vistos. \u201cPedimos o aux\u00edlio do Corpo de Bombeiros, pois eles est\u00e3o preparados e t\u00eam a pr\u00e1tica de entrar na \u00e1gua, garantindo que o trabalho seja executado com toda a seguran\u00e7a\u201d, argumenta.<br \/>\nDe acordo com ele, a Secretaria Municipal de Servi\u00e7os P\u00fablicos est\u00e1 intensificando a limpeza destes espa\u00e7os neste final de ano, per\u00edodo em que os parques e pra\u00e7as recebem um grande n\u00famero de visitantes. \u201cEstamos recolhendo o lixo semanalmente no Jaboti e est\u00e1 sendo programada a ro\u00e7agem, poda de \u00e1rvores e recolhimento de galhos\u201d, acrescenta Baganha.<br \/>\nO prefeito Beto Preto salienta que a administra\u00e7\u00e3o dispensa recursos p\u00fablicos para deixar o local ainda mais receptivo para a popula\u00e7\u00e3o e turistas, mas infelizmente alguns frequentadores n\u00e3o valorizam todo este esfor\u00e7o e insistem em deixar ou arremessar no ambiente toda esta sujeira. \u201cEm um momento em que realizamos mais um arrast\u00e3o de limpeza, aproveito para pedir a essas pessoas uma maior conscientiza\u00e7\u00e3o ambiental\u201d, disse.<br \/>\nEntre as melhoras recentes feitas pela prefeitura, destacam-se a constru\u00e7\u00e3o da nova pista de caminhada, que tamb\u00e9m recebeu ilumina\u00e7\u00e3o rebaixada, paisagismo, coloca\u00e7\u00e3o de lixeiras, revitaliza\u00e7\u00e3o das canchas esportivas de areia, al\u00e9m de refor\u00e7o da ilumina\u00e7\u00e3o p\u00fablica em todo o entorno do parque.<br \/>\n&nbsp;<\/p>\n","protected":false},"excerpt":{"rendered":"<p>A Secretaria Municipal de Servi\u00e7os P\u00fablicos est\u00e1 intensificando a limpeza destes espa\u00e7os neste final de ano, per\u00edodo em que os parques e pra\u00e7as recebem um grande n\u00famero de visitantes (Foto: Edson Denobi) <\/p>\n","protected":false},"author":4,"featured_media":4816,"comment_status":"closed","ping_status":"open","sticky":false,"template":"","format":"standard","meta":{"footnotes":""},"categories":[24],"tags":[],"class_list":["post-59336","post","type-post","status-publish","format-standard","has-post-thumbnail","hentry","category-noticias"],"acf":[],"_links":{"self":[{"href":"http:\/\/www.apucarana.pr.gov.br\/site\/wp-json\/wp\/v2\/posts\/59336","targetHints":{"allow":["GET"]}}],"collection":[{"href":"http:\/\/www.apucarana.pr.gov.br\/site\/wp-json\/wp\/v2\/posts"}],"about":[{"href":"http:\/\/www.apucarana.pr.gov.br\/site\/wp-json\/wp\/v2\/types\/post"}],"author":[{"embeddable":true,"href":"http:\/\/www.apucarana.pr.gov.br\/site\/wp-json\/wp\/v2\/users\/4"}],"replies":[{"embeddable":true,"href":"http:\/\/www.apucarana.pr.gov.br\/site\/wp-json\/wp\/v2\/comments?post=59336"}],"version-history":[{"count":1,"href":"http:\/\/www.apucarana.pr.gov.br\/site\/wp-json\/wp\/v2\/posts\/59336\/revisions"}],"predecessor-version":[{"id":102662,"href":"http:\/\/www.apucarana.pr.gov.br\/site\/wp-json\/wp\/v2\/posts\/59336\/revisions\/102662"}],"wp:featuredmedia":[{"embeddable":true,"href":"http:\/\/www.apucarana.pr.gov.br\/site\/wp-json\/wp\/v2\/media\/4816"}],"wp:attachment":[{"href":"http:\/\/www.apucarana.pr.gov.br\/site\/wp-json\/wp\/v2\/media?parent=59336"}],"wp:term":[{"taxonomy":"category","embeddable":true,"href":"http:\/\/www.apucarana.pr.gov.br\/site\/wp-json\/wp\/v2\/categories?post=59336"},{"taxonomy":"post_tag","embeddable":true,"href":"http:\/\/www.apucarana.pr.gov.br\/site\/wp-json\/wp\/v2\/tags?post=59336"}],"curies":[{"name":"wp","href":"https:\/\/api.w.org\/{rel}","templated":true}]}}