{"id":59335,"date":"2016-12-17T15:00:00","date_gmt":"2016-12-17T17:00:00","guid":{"rendered":"http:\/\/172.16.0.7\/site-antigo\/?p=4799"},"modified":"2024-10-08T09:13:15","modified_gmt":"2024-10-08T12:13:15","slug":"prefeitura-realiza-leilao-veiculos-e-sucatas-2","status":"publish","type":"post","link":"http:\/\/www.apucarana.pr.gov.br\/site\/prefeitura-realiza-leilao-veiculos-e-sucatas-2\/","title":{"rendered":"Prefeitura realiza leil\u00e3o de ve\u00edculos e sucatas"},"content":{"rendered":"<p>A Prefeitura do Munic\u00edpio de Apucarana realiza, na pr\u00f3xima segunda-feira (19), leil\u00e3o de 22 ve\u00edculos e sucatas de ferro. A aliena\u00e7\u00e3o dos bens m\u00f3veis acontece a partir das 9 horas, no sal\u00e3o nobre da Prefeitura, e foi autorizada por leis aprovadas pela C\u00e2mara de vereadores e sancionadas pelo prefeito de Apucarana, Beto Preto.<br \/>\nDe acordo com an\u00e1lise da comiss\u00e3o de avalia\u00e7\u00e3o, constitu\u00edda por membros da prefeitura e do setor imobili\u00e1rio, os 22 ve\u00edculos somam um valor inicial aproximado de R$ 150 mil. O secret\u00e1rio de Gest\u00e3o P\u00fablica, Nicolai Cernescu, destaca que todos os ve\u00edculos est\u00e3o documentados, com multas e tributos quitados, prontos para fazer a transfer\u00eancia ap\u00f3s a venda.<br \/>\n\u201cPodem participar todas as pessoas que apresentarem Carteira de Identidade e CPF, seja empres\u00e1rio, funcion\u00e1rio p\u00fablico de qualquer esfera, enfim que quiser. As portas da prefeitura est\u00e3o para os interessados em adquirir esses bens\u201d, convida Cernescu.<br \/>\nAl\u00e9m de 30 toneladas de sucatas de ferro, ser\u00e3o leiloados lotes com cadeiras e mesas escolares, arm\u00e1rio de a\u00e7o, escrivaninhas, bancos e mesas, ber\u00e7os e sucata de fog\u00e3o, entre outros. Maiores detalhes sobre o leil\u00e3o podem ser conferidos no site da prefeitura <a href=\"http:\/\/www.apucarana.pr.gov.br\">www.apucarana.pr.gov.br<\/a>, link compras e licita\u00e7\u00e3o prefeitura.<br \/>\nO certame, que ser\u00e1 conduzido pelo leiloeiro oficial Odarli Canezin e os bens ser\u00e3o vendidos a quem der o maior lance igual ou superior do pre\u00e7o m\u00ednimo de avalia\u00e7\u00e3o.<br \/>\n&nbsp;<\/p>\n","protected":false},"excerpt":{"rendered":"<p>Aliena\u00e7\u00e3o de bens do munic\u00edpio acontece na pr\u00f3xima segunda-feira (19), a partir das 9 horas, no sal\u00e3o nobre da prefeitura (Fotos &#8211; Edson Denobi)<\/p>\n","protected":false},"author":4,"featured_media":4800,"comment_status":"closed","ping_status":"open","sticky":false,"template":"","format":"standard","meta":{"footnotes":""},"categories":[24],"tags":[],"class_list":["post-59335","post","type-post","status-publish","format-standard","has-post-thumbnail","hentry","category-noticias"],"acf":[],"_links":{"self":[{"href":"http:\/\/www.apucarana.pr.gov.br\/site\/wp-json\/wp\/v2\/posts\/59335","targetHints":{"allow":["GET"]}}],"collection":[{"href":"http:\/\/www.apucarana.pr.gov.br\/site\/wp-json\/wp\/v2\/posts"}],"about":[{"href":"http:\/\/www.apucarana.pr.gov.br\/site\/wp-json\/wp\/v2\/types\/post"}],"author":[{"embeddable":true,"href":"http:\/\/www.apucarana.pr.gov.br\/site\/wp-json\/wp\/v2\/users\/4"}],"replies":[{"embeddable":true,"href":"http:\/\/www.apucarana.pr.gov.br\/site\/wp-json\/wp\/v2\/comments?post=59335"}],"version-history":[{"count":1,"href":"http:\/\/www.apucarana.pr.gov.br\/site\/wp-json\/wp\/v2\/posts\/59335\/revisions"}],"predecessor-version":[{"id":102659,"href":"http:\/\/www.apucarana.pr.gov.br\/site\/wp-json\/wp\/v2\/posts\/59335\/revisions\/102659"}],"wp:featuredmedia":[{"embeddable":true,"href":"http:\/\/www.apucarana.pr.gov.br\/site\/wp-json\/wp\/v2\/media\/4800"}],"wp:attachment":[{"href":"http:\/\/www.apucarana.pr.gov.br\/site\/wp-json\/wp\/v2\/media?parent=59335"}],"wp:term":[{"taxonomy":"category","embeddable":true,"href":"http:\/\/www.apucarana.pr.gov.br\/site\/wp-json\/wp\/v2\/categories?post=59335"},{"taxonomy":"post_tag","embeddable":true,"href":"http:\/\/www.apucarana.pr.gov.br\/site\/wp-json\/wp\/v2\/tags?post=59335"}],"curies":[{"name":"wp","href":"https:\/\/api.w.org\/{rel}","templated":true}]}}