{"id":59334,"date":"2016-12-15T17:52:28","date_gmt":"2016-12-15T19:52:28","guid":{"rendered":"http:\/\/172.16.0.7\/site-antigo\/?p=4787"},"modified":"2024-10-08T09:13:16","modified_gmt":"2024-10-08T12:13:16","slug":"servidores-municipais-terao-abono-natalino","status":"publish","type":"post","link":"http:\/\/www.apucarana.pr.gov.br\/site\/servidores-municipais-terao-abono-natalino\/","title":{"rendered":"Servidores municipais ter\u00e3o abono natalino"},"content":{"rendered":"<p>Uma conduta adotada nos quatro anos da sua administra\u00e7\u00e3o, o prefeito Beto Preto sancionou hoje (15), a lei municipal que concede abono natalino aos servidores municipais do quadro efetivo. O valor de R$ 60, em \u00fanica parcela, ser\u00e1 creditado na conta banc\u00e1ria de cada servidor junto com a folha de dezembro, no dia 28.<br \/>\n<span style=\"font-style: inherit;font-weight: inherit\">A medida, que obteve autoriza\u00e7\u00e3o da C\u00e2mara de Vereadores, beneficia os cerca de 3 mil servidores efetivos. O investimento, que neste ano n\u00e3o \u00e9 extensivo aos funcion\u00e1rios comissionados, \u00e9 de R$ 180 mil com recursos pr\u00f3prios. \u201cVivemos um per\u00edodo de conten\u00e7\u00e3o de despesas e mesmo assim, apesar de um valor menor do que o ano passado, estamos mantendo a pol\u00edtica do abono natalino\u201d, disse Beto Preto, desejando aos apucaranenses uma noite de Natal feliz e dentro do esp\u00edrito e da f\u00e9 crist\u00e3. <\/span><br \/>\nSegundo o secret\u00e1rio da Fazenda, Marcelo Machado, o abono natalino visa dar a op\u00e7\u00e3o ao servidor de aplicar o valor que poderia ser destinado a uma cesta b\u00e1sica da forma que melhor lhe convir. \u201cO objetivo \u00e9 cada um destine o dinheiro naquilo que realmente deseja e necessita\u201d, enfatizou Machado.<br \/>\nAl\u00e9m dos servidores da administra\u00e7\u00e3o direta, tamb\u00e9m v\u00e3o receber o abono os funcion\u00e1rios da Autarquia Municipal de Sa\u00fade (AMS), da Autarquia Municipal de Educa\u00e7\u00e3o (AME) e do Instituto de Desenvolvimento, Pesquisa e Planejamento de Apucarana (Idepplan).<br \/>\n&nbsp;<br \/>\n&nbsp;<br \/>\n&nbsp;<\/p>\n","protected":false},"excerpt":{"rendered":"<p>Iniciativa beneficia funcion\u00e1rios efetivos, que receber\u00e3o R$ 60 a mais na folha de dezembro<\/p>\n","protected":false},"author":4,"featured_media":4788,"comment_status":"closed","ping_status":"open","sticky":false,"template":"","format":"standard","meta":{"footnotes":""},"categories":[24],"tags":[],"class_list":["post-59334","post","type-post","status-publish","format-standard","has-post-thumbnail","hentry","category-noticias"],"acf":[],"_links":{"self":[{"href":"http:\/\/www.apucarana.pr.gov.br\/site\/wp-json\/wp\/v2\/posts\/59334","targetHints":{"allow":["GET"]}}],"collection":[{"href":"http:\/\/www.apucarana.pr.gov.br\/site\/wp-json\/wp\/v2\/posts"}],"about":[{"href":"http:\/\/www.apucarana.pr.gov.br\/site\/wp-json\/wp\/v2\/types\/post"}],"author":[{"embeddable":true,"href":"http:\/\/www.apucarana.pr.gov.br\/site\/wp-json\/wp\/v2\/users\/4"}],"replies":[{"embeddable":true,"href":"http:\/\/www.apucarana.pr.gov.br\/site\/wp-json\/wp\/v2\/comments?post=59334"}],"version-history":[{"count":1,"href":"http:\/\/www.apucarana.pr.gov.br\/site\/wp-json\/wp\/v2\/posts\/59334\/revisions"}],"predecessor-version":[{"id":102664,"href":"http:\/\/www.apucarana.pr.gov.br\/site\/wp-json\/wp\/v2\/posts\/59334\/revisions\/102664"}],"wp:featuredmedia":[{"embeddable":true,"href":"http:\/\/www.apucarana.pr.gov.br\/site\/wp-json\/"}],"wp:attachment":[{"href":"http:\/\/www.apucarana.pr.gov.br\/site\/wp-json\/wp\/v2\/media?parent=59334"}],"wp:term":[{"taxonomy":"category","embeddable":true,"href":"http:\/\/www.apucarana.pr.gov.br\/site\/wp-json\/wp\/v2\/categories?post=59334"},{"taxonomy":"post_tag","embeddable":true,"href":"http:\/\/www.apucarana.pr.gov.br\/site\/wp-json\/wp\/v2\/tags?post=59334"}],"curies":[{"name":"wp","href":"https:\/\/api.w.org\/{rel}","templated":true}]}}