{"id":59333,"date":"2016-12-15T13:30:57","date_gmt":"2016-12-15T15:30:57","guid":{"rendered":"http:\/\/172.16.0.7\/site-antigo\/?p=4782"},"modified":"2024-10-08T09:13:16","modified_gmt":"2024-10-08T12:13:16","slug":"liderancas-participam-de-audiencia-publica","status":"publish","type":"post","link":"http:\/\/www.apucarana.pr.gov.br\/site\/liderancas-participam-de-audiencia-publica\/","title":{"rendered":"Lideran\u00e7as participam de audi\u00eancia p\u00fablica"},"content":{"rendered":"<p>Cerca de quatrocentas pessoas participaram na noite anteontem, no Clube Ucraniano, de audi\u00eancia p\u00fablica convocada pelo prefeito Beto Preto. O evento foi aberto com a apresenta\u00e7\u00e3o de v\u00eddeo mostrando obras, servi\u00e7os e programas desenvolvidos a partir de 2013, com destaque para as \u00e1reas de educa\u00e7\u00e3o, urbaniza\u00e7\u00e3o, sa\u00fade e assist\u00eancia social.<br \/>\nO conjunto de obras de drenagem e pavimenta\u00e7\u00e3o asfaltica em 27 bairros ganhou destaque. O mesmo ocorreu em rela\u00e7\u00e3o \u00e0s reformas e amplia\u00e7\u00f5es de 48 pr\u00e9dios da educa\u00e7\u00e3o. \u201cFomos agraciados com diversos pr\u00eamios pelos programas criados em nossa gest\u00e3o, tais como a Economia Solid\u00e1ria e Protagonismo Feminino, o Terra Forte e a Merenda Escolar, al\u00e9m de outros\u201d, destacou Beto Preto, assinalando que isso comprova efici\u00eancia e inova\u00e7\u00e3o na gest\u00e3o p\u00fablica\u201d, avaliou o prefeito.<br \/>\nNa audi\u00eancia p\u00fablica, representantes de associa\u00e7\u00f5es de bairros, de entidades de classe, sindicatos e outros segmentos organizados da comunidade, tiveram oportunidade de formular perguntas e tamb\u00e9m de apresentar reivindica\u00e7\u00f5es no novo mandato.<br \/>\nO secret\u00e1rio da Fazenda, Marcello Augusto Machado, aproveitou o evento para explicar quais os crit\u00e9rios adotados no lan\u00e7amento do Imposto Predial e Territorial Urbano (IPTU) de 2017. \u201cEstamos fazendo justi\u00e7a social, com corre\u00e7\u00e3o de valores e, ao mesmo tempo, convocando os contribuintes que ampliaram suas \u00e1reas constru\u00eddas ou at\u00e9 mesmo edificaram em terrenos \u2013 que ainda constam como vazios -, sem as devidas regulariza\u00e7\u00f5es\u201d, argumentou, acrescentando que as distor\u00e7\u00f5es que perduravam h\u00e1 muitos anos est\u00e3o sendo corrigidas.<br \/>\n&nbsp;<\/p>\n","protected":false},"excerpt":{"rendered":"<p>Prefeito Beto Preto fez balan\u00e7o dos quatro anos de sua gest\u00e3o e debateu diversos temas\u00a0\u00a0(Fotos &#8211; Edson Denobi)<\/p>\n","protected":false},"author":4,"featured_media":4783,"comment_status":"closed","ping_status":"open","sticky":false,"template":"","format":"standard","meta":{"footnotes":""},"categories":[24],"tags":[],"class_list":["post-59333","post","type-post","status-publish","format-standard","has-post-thumbnail","hentry","category-noticias"],"acf":[],"_links":{"self":[{"href":"http:\/\/www.apucarana.pr.gov.br\/site\/wp-json\/wp\/v2\/posts\/59333","targetHints":{"allow":["GET"]}}],"collection":[{"href":"http:\/\/www.apucarana.pr.gov.br\/site\/wp-json\/wp\/v2\/posts"}],"about":[{"href":"http:\/\/www.apucarana.pr.gov.br\/site\/wp-json\/wp\/v2\/types\/post"}],"author":[{"embeddable":true,"href":"http:\/\/www.apucarana.pr.gov.br\/site\/wp-json\/wp\/v2\/users\/4"}],"replies":[{"embeddable":true,"href":"http:\/\/www.apucarana.pr.gov.br\/site\/wp-json\/wp\/v2\/comments?post=59333"}],"version-history":[{"count":1,"href":"http:\/\/www.apucarana.pr.gov.br\/site\/wp-json\/wp\/v2\/posts\/59333\/revisions"}],"predecessor-version":[{"id":102665,"href":"http:\/\/www.apucarana.pr.gov.br\/site\/wp-json\/wp\/v2\/posts\/59333\/revisions\/102665"}],"wp:featuredmedia":[{"embeddable":true,"href":"http:\/\/www.apucarana.pr.gov.br\/site\/wp-json\/wp\/v2\/media\/4783"}],"wp:attachment":[{"href":"http:\/\/www.apucarana.pr.gov.br\/site\/wp-json\/wp\/v2\/media?parent=59333"}],"wp:term":[{"taxonomy":"category","embeddable":true,"href":"http:\/\/www.apucarana.pr.gov.br\/site\/wp-json\/wp\/v2\/categories?post=59333"},{"taxonomy":"post_tag","embeddable":true,"href":"http:\/\/www.apucarana.pr.gov.br\/site\/wp-json\/wp\/v2\/tags?post=59333"}],"curies":[{"name":"wp","href":"https:\/\/api.w.org\/{rel}","templated":true}]}}