{"id":59332,"date":"2016-12-13T18:18:13","date_gmt":"2016-12-13T20:18:13","guid":{"rendered":"http:\/\/172.16.0.7\/site-antigo\/?p=4739"},"modified":"2024-10-08T09:13:16","modified_gmt":"2024-10-08T12:13:16","slug":"centro-de-oficinas-da-mulher-forma-350-alunas","status":"publish","type":"post","link":"http:\/\/www.apucarana.pr.gov.br\/site\/centro-de-oficinas-da-mulher-forma-350-alunas\/","title":{"rendered":"Centro de Oficinas da Mulher forma 350 alunas"},"content":{"rendered":"<p>A prefeitura de Apucarana, atrav\u00e9s da Secretaria da Mulher e Assuntos da Fam\u00edlia(SEMAF), realizou ontem (12), no Cine Teatro F\u00eanix, a solenidade de entrega de certificado de conclus\u00e3o de curso profissionalizante para 350 alunas. Os formandos do segundo semestre de 2016 do Centro de Oficinas da Mulher est\u00e3o distribu\u00eddos entre os cursos de inform\u00e1tica b\u00e1sica, de beleza (cabeleireiro, pedicure, manicure, sobrancelha e depila\u00e7\u00e3o) e costura (moda, tapetes, bolsas, boneca e camisetas).<br \/>\nO Centro de Oficinas da Mulher, entre 2013 e 2016, se firmou como um marco na oferta de cursos profissionalizantes na cidade. Ao longo dos 4 anos da administra\u00e7\u00e3o do prefeito Beto Preto foram qualificadas aproximadamente 2 mil mulheres, todas certificadas em variadas profiss\u00f5es nas \u00e1rea de beleza, costura e inform\u00e1tica.<br \/>\nRepresentando o prefeito Beto Preto na solenidade de entrega dos certificados, o vice-prefeito Junior da Femac definiu o evento como um momento para celebrar uma conquista. \u201cIsso est\u00e1 acontecendo porque algumas pessoas aceitaram um desafio. Parab\u00e9ns a voc\u00eas por essa noite cheia de significado e obrigada por acreditar na prefeitura e na Secretaria da Mulher e Assuntos da Fam\u00edlia. Tenham muita realiza\u00e7\u00e3o e sucesso\u201d, desejou J\u00fanior da Femac.<br \/>\nCom o certificado do curso de costura nas m\u00e3os, Maria Aparecida de Souza, moradora do Jardim Ponta Grossa, se orgulha da profiss\u00e3o que pretende seguir de agora em diante. \u201cGosto muito de costurar e vou trabalhar nesta \u00e1rea. Foi uma oportunidade de qualifica\u00e7\u00e3o que n\u00e3o deixei passar, pois se tivesse que pagar n\u00e3o teria condi\u00e7\u00f5es de fazer\u201d, afirmou Maria Aparecida.<br \/>\nA superintendente da SEMAF, Elizabete Berton, destacou a grande procura que os cursos do Centro de Oficinas da Mulher registra a cada semestre. \u201cSomente neste segundo semestre de 2016 tivemos 350 participantes e todas est\u00e3o saindo com uma profiss\u00e3o. \u00c9 um orgulho para SEMAF ofertar essa ferramenta para voc\u00eas\u201d, destacou Bete Berton.<\/p>\n","protected":false},"excerpt":{"rendered":"<p>Ao longo dos 4 anos da administra\u00e7\u00e3o do prefeito Beto Preto foram qualificadas aproximadamente 2 mil mulheres, todas certificadas em variadas profiss\u00f5es nas \u00e1rea de beleza, costura e inform\u00e1tica (Fotos &#8211; Profeta)<\/p>\n","protected":false},"author":4,"featured_media":4740,"comment_status":"closed","ping_status":"open","sticky":false,"template":"","format":"standard","meta":{"footnotes":""},"categories":[24],"tags":[],"class_list":["post-59332","post","type-post","status-publish","format-standard","has-post-thumbnail","hentry","category-noticias"],"acf":[],"_links":{"self":[{"href":"http:\/\/www.apucarana.pr.gov.br\/site\/wp-json\/wp\/v2\/posts\/59332","targetHints":{"allow":["GET"]}}],"collection":[{"href":"http:\/\/www.apucarana.pr.gov.br\/site\/wp-json\/wp\/v2\/posts"}],"about":[{"href":"http:\/\/www.apucarana.pr.gov.br\/site\/wp-json\/wp\/v2\/types\/post"}],"author":[{"embeddable":true,"href":"http:\/\/www.apucarana.pr.gov.br\/site\/wp-json\/wp\/v2\/users\/4"}],"replies":[{"embeddable":true,"href":"http:\/\/www.apucarana.pr.gov.br\/site\/wp-json\/wp\/v2\/comments?post=59332"}],"version-history":[{"count":1,"href":"http:\/\/www.apucarana.pr.gov.br\/site\/wp-json\/wp\/v2\/posts\/59332\/revisions"}],"predecessor-version":[{"id":102668,"href":"http:\/\/www.apucarana.pr.gov.br\/site\/wp-json\/wp\/v2\/posts\/59332\/revisions\/102668"}],"wp:featuredmedia":[{"embeddable":true,"href":"http:\/\/www.apucarana.pr.gov.br\/site\/wp-json\/wp\/v2\/pages\/4740"}],"wp:attachment":[{"href":"http:\/\/www.apucarana.pr.gov.br\/site\/wp-json\/wp\/v2\/media?parent=59332"}],"wp:term":[{"taxonomy":"category","embeddable":true,"href":"http:\/\/www.apucarana.pr.gov.br\/site\/wp-json\/wp\/v2\/categories?post=59332"},{"taxonomy":"post_tag","embeddable":true,"href":"http:\/\/www.apucarana.pr.gov.br\/site\/wp-json\/wp\/v2\/tags?post=59332"}],"curies":[{"name":"wp","href":"https:\/\/api.w.org\/{rel}","templated":true}]}}