{"id":59331,"date":"2016-12-09T19:16:16","date_gmt":"2016-12-09T21:16:16","guid":{"rendered":"http:\/\/172.16.0.7\/site-antigo\/?p=4695"},"modified":"2024-10-08T09:13:16","modified_gmt":"2024-10-08T12:13:16","slug":"prefeitura-licita-recape-asfaltico-para-o-pirapo","status":"publish","type":"post","link":"http:\/\/www.apucarana.pr.gov.br\/site\/prefeitura-licita-recape-asfaltico-para-o-pirapo\/","title":{"rendered":"Prefeitura licita recape asf\u00e1ltico para o Pirap\u00f3"},"content":{"rendered":"<p>O prefeito Beto Preto assinou hoje (9) autoriza\u00e7\u00e3o para abertura do processo licitat\u00f3rio da obra de recape asf\u00e1ltico do N\u00facleo Habitacional Am\u00e9lia Moraes (Mutir\u00e3o) e do Loteamento Porto Seguro, no Distrito do Pirap\u00f3. As duas obras, reivindicadas h\u00e1 mais de 15 anos pelos moradores, vai envolver recursos da ordem de R$ 305 mil, sendo R$ 250 mil do governo federal e R$ 55 mil do munic\u00edpio.<br \/>\n\u201cSer\u00e1 uma obra de 8 mil metros quadrados de asfalto em CBUQ sobre pedras irregulares. A previs\u00e3o \u00e9 de que no primeiro semestre de 2017 a obra esteja licitada e o servi\u00e7o conclu\u00eddo\u201d, informa o secret\u00e1rio de Obras, Herivelto Moreno.<br \/>\nO prefeito Beto Preto agradeceu ao senador Roberto Requi\u00e3o, autor da emenda parlamentar que destinou os R$ 250 mil para a obra, bem como ao seu filho, o deputado estadual Maur\u00edcio Requi\u00e3o, ao advogado Petr\u00f4nio Cardoso pela interven\u00e7\u00e3o a favor da libera\u00e7\u00e3o deste recurso, e ao vereador eleito Francisley Godoi (Poim). \u201cEsse era um compromisso que tinha com o povo do Pirap\u00f3 desde o in\u00edcio do meu mandato. Importante lembrar que vou levar esse benef\u00edcio para aquela regi\u00e3o fora da \u00e9poca eleitoral, ao contr\u00e1rio do que era costume em outros mandatos\u201d, observou Beto Preto.<br \/>\nO prefeito lembrou das melhorias levadas ao distrito do Pirap\u00f3 durante sua administra\u00e7\u00e3o, come\u00e7ando pela reforma do Gin\u00e1sio Gerson Ferreira Chagas (Caveir\u00e3o), reforma e amplia\u00e7\u00e3o do CMEI Ana Luiz\u00e3o Festi e da Escola Municipal Jos\u00e9 Ramos de Oliveira, pavimenta\u00e7\u00e3o asf\u00e1ltica da Rua Jos\u00e9 Ant\u00f4nio Dante. \u201cEm breve Pirap\u00f3 vai receber a obra do novo trevo de acesso a BR 376<strong>. <\/strong>No momento correto vamos levar outras melhorias de asfalto para o Pirap\u00f3\u201d, conclui Beto Preto.<\/p>\n","protected":false},"excerpt":{"rendered":"<p>Obra, de 8 mil m\u00b2 de asfalto, vai beneficiar o N\u00facleo Habitacional Mutir\u00e3o e Loteamento Porto Seguro (Fotos &#8211; Profeta)<\/p>\n","protected":false},"author":4,"featured_media":4696,"comment_status":"closed","ping_status":"open","sticky":false,"template":"","format":"standard","meta":{"footnotes":""},"categories":[24],"tags":[],"class_list":["post-59331","post","type-post","status-publish","format-standard","has-post-thumbnail","hentry","category-noticias"],"acf":[],"_links":{"self":[{"href":"http:\/\/www.apucarana.pr.gov.br\/site\/wp-json\/wp\/v2\/posts\/59331","targetHints":{"allow":["GET"]}}],"collection":[{"href":"http:\/\/www.apucarana.pr.gov.br\/site\/wp-json\/wp\/v2\/posts"}],"about":[{"href":"http:\/\/www.apucarana.pr.gov.br\/site\/wp-json\/wp\/v2\/types\/post"}],"author":[{"embeddable":true,"href":"http:\/\/www.apucarana.pr.gov.br\/site\/wp-json\/wp\/v2\/users\/4"}],"replies":[{"embeddable":true,"href":"http:\/\/www.apucarana.pr.gov.br\/site\/wp-json\/wp\/v2\/comments?post=59331"}],"version-history":[{"count":1,"href":"http:\/\/www.apucarana.pr.gov.br\/site\/wp-json\/wp\/v2\/posts\/59331\/revisions"}],"predecessor-version":[{"id":102675,"href":"http:\/\/www.apucarana.pr.gov.br\/site\/wp-json\/wp\/v2\/posts\/59331\/revisions\/102675"}],"wp:featuredmedia":[{"embeddable":true,"href":"http:\/\/www.apucarana.pr.gov.br\/site\/wp-json\/"}],"wp:attachment":[{"href":"http:\/\/www.apucarana.pr.gov.br\/site\/wp-json\/wp\/v2\/media?parent=59331"}],"wp:term":[{"taxonomy":"category","embeddable":true,"href":"http:\/\/www.apucarana.pr.gov.br\/site\/wp-json\/wp\/v2\/categories?post=59331"},{"taxonomy":"post_tag","embeddable":true,"href":"http:\/\/www.apucarana.pr.gov.br\/site\/wp-json\/wp\/v2\/tags?post=59331"}],"curies":[{"name":"wp","href":"https:\/\/api.w.org\/{rel}","templated":true}]}}