{"id":59202,"date":"2015-04-24T11:48:59","date_gmt":"2015-04-24T11:48:59","guid":{"rendered":"http:\/\/172.16.0.7\/site-antigo\/?p=2776"},"modified":"2024-10-08T09:10:58","modified_gmt":"2024-10-08T12:10:58","slug":"limpeza-garante-mais-seguranca-nas-passagens-de-nivel-da-linha-ferrea","status":"publish","type":"post","link":"http:\/\/www.apucarana.pr.gov.br\/site\/limpeza-garante-mais-seguranca-nas-passagens-de-nivel-da-linha-ferrea\/","title":{"rendered":"Limpeza garante mais seguran\u00e7a nas passagens de n\u00edvel da linha f\u00e9rrea"},"content":{"rendered":"<p><p>A Prefeitura de Apucarana solicitou, atrav\u00e9s de of\u00edcio, a ro\u00e7agem e a limpeza nas margens da linha f\u00e9rrea, na \u00e1rea sob o dom\u00ednio da Am\u00e9rica Latina Log\u00edstica (ALL). Nesta semana, a empresa concession\u00e1ria iniciou os trabalhos, executando neste momento os servi\u00e7os prioritariamente nas passagens de n\u00edvel da linha f\u00e9rrea.<\/p>\n<p>O trabalho come\u00e7ou na passagem de n\u00edvel localizada no acesso ao N\u00facleo Habitacional Jo\u00e3o Paulo, onde os oper\u00e1rios contaram com o suporte de uma p\u00e1-carregadeira e de uma retroescavadeira. &ldquo;Fizemos o pedido com o objetivo de melhorar a visibilidade e a seguran\u00e7a, tanto para pedestres quanto para motoristas&rdquo;, explica Beto Preto.<\/p>\n<p>O prefeito de Apucarana afirma que tamb\u00e9m foi solicitado o servi\u00e7o de limpeza e a pintura em torno da rede ferrovi\u00e1ria, nas proximidades da Pra\u00e7a Mau\u00e1. &ldquo;Esse pedido ainda est\u00e1 sendo analisado pela diretoria da Am\u00e9rica Latina Log\u00edstica, mas acreditamos que tamb\u00e9m dever\u00e1 ser atendido, pois o Munic\u00edpio ofereceu a op\u00e7\u00e3o executar o servi\u00e7o em parceria&rdquo;, pontua Beto Preto. <\/p>\n<p>Conforme Paulo Reis, diretor municipal de Servi\u00e7os P\u00fablicos, o trecho que est\u00e1 sob responsabilidade da empresa concession\u00e1ria corresponde a 15 metros em cada um dos lados da linha f\u00e9rrea. &ldquo;Al\u00e9m do acesso ao Jo\u00e3o Paulo, o servi\u00e7o j\u00e1 foi executado na passarela da Vila Regina e dever\u00e1 chegar em outros locais que registram grande fluxo de ve\u00edculos e pedestres, como nas passagens de n\u00edvel do Jardim Am\u00e9rica e no Recanto do Lago&rdquo;, assinala. <\/p>\n<p>Reis afirma ainda que, ap\u00f3s a realiza\u00e7\u00e3o dos servi\u00e7os nas \u00e1reas priorit\u00e1rias, a ALL dever\u00e1 providenciar a limpeza em toda a \u00e1rea que est\u00e1 sob seu dom\u00ednio dentro do per\u00edmetro urbano de Apucarana. <\/p>\n<p><\/p>\n","protected":false},"excerpt":{"rendered":"<p>Servi&ccedil;o &eacute; uma solicita&ccedil;&atilde;o da Prefeitura e est&aacute; sendo executado pela empresa que det&eacute;m a concess&atilde;o da rede ferrovi&aacute;ria<\/p>\n","protected":false},"author":4,"featured_media":0,"comment_status":"closed","ping_status":"closed","sticky":false,"template":"","format":"standard","meta":{"footnotes":""},"categories":[24],"tags":[],"class_list":["post-59202","post","type-post","status-publish","format-standard","hentry","category-noticias"],"acf":[],"_links":{"self":[{"href":"http:\/\/www.apucarana.pr.gov.br\/site\/wp-json\/wp\/v2\/posts\/59202","targetHints":{"allow":["GET"]}}],"collection":[{"href":"http:\/\/www.apucarana.pr.gov.br\/site\/wp-json\/wp\/v2\/posts"}],"about":[{"href":"http:\/\/www.apucarana.pr.gov.br\/site\/wp-json\/wp\/v2\/types\/post"}],"author":[{"embeddable":true,"href":"http:\/\/www.apucarana.pr.gov.br\/site\/wp-json\/wp\/v2\/users\/4"}],"replies":[{"embeddable":true,"href":"http:\/\/www.apucarana.pr.gov.br\/site\/wp-json\/wp\/v2\/comments?post=59202"}],"version-history":[{"count":1,"href":"http:\/\/www.apucarana.pr.gov.br\/site\/wp-json\/wp\/v2\/posts\/59202\/revisions"}],"predecessor-version":[{"id":104101,"href":"http:\/\/www.apucarana.pr.gov.br\/site\/wp-json\/wp\/v2\/posts\/59202\/revisions\/104101"}],"wp:attachment":[{"href":"http:\/\/www.apucarana.pr.gov.br\/site\/wp-json\/wp\/v2\/media?parent=59202"}],"wp:term":[{"taxonomy":"category","embeddable":true,"href":"http:\/\/www.apucarana.pr.gov.br\/site\/wp-json\/wp\/v2\/categories?post=59202"},{"taxonomy":"post_tag","embeddable":true,"href":"http:\/\/www.apucarana.pr.gov.br\/site\/wp-json\/wp\/v2\/tags?post=59202"}],"curies":[{"name":"wp","href":"https:\/\/api.w.org\/{rel}","templated":true}]}}